{"id":782,"date":"2011-06-04T10:09:59","date_gmt":"2011-06-04T09:09:59","guid":{"rendered":"http:\/\/www.tri-team-fuldatal.de\/?p=782"},"modified":"2013-04-10T10:40:22","modified_gmt":"2013-04-10T09:40:22","slug":"ederauen-triathlon-%e2%80%93-ligastart-in-fritzlar-mit-masigem-erfolg","status":"publish","type":"post","link":"http:\/\/www.tri-team-fuldatal.de\/?p=782","title":{"rendered":"Ederauen Triathlon \u2013 Ligastart in Fritzlar mit m\u00e4\u00dfigem Erfolg"},"content":{"rendered":"<p><a href=\"http:\/\/www.tri-team-fuldatal.de\/wp-content\/uploads\/2011\/06\/DamenTeam01.jpg\"><img loading=\"lazy\" decoding=\"async\" class=\"alignnone size-full wp-image-784\" title=\"DamenTeam01\" alt=\"\" src=\"http:\/\/www.tri-team-fuldatal.de\/wp-content\/uploads\/2011\/06\/DamenTeam01.jpg\" width=\"450\" height=\"600\" srcset=\"http:\/\/www.tri-team-fuldatal.de\/wp-content\/uploads\/2011\/06\/DamenTeam01.jpg 450w, http:\/\/www.tri-team-fuldatal.de\/wp-content\/uploads\/2011\/06\/DamenTeam01-225x300.jpg 225w\" sizes=\"auto, (max-width: 450px) 100vw, 450px\" \/><\/a><\/p>\n<blockquote><p>Das Damenteam feierte einen guten Einstand in die erste Regionalligasaison\u2026<\/p><\/blockquote>\n<p>Beim 3. VR-Bank Ederauen Triathlon in Fritzlar am Samstag, 28. Mai 2011 fiel sowohl der Startschuss f\u00fcr die Damenmannschaft in der Regionalliga als auch der erste Herrenmannschaft in der Hessenliga. Das erste von vier Rennen stand bei beiden Teams in erster Linie unter dem Motto \u201eStandortbestimmung\u201c, war besonders bei den Damen nach ihrem Aufstieg im letzten Jahr nicht abzusehen, wie stark man wirklich war.<\/p>\n<p>Das Mannschaftsrennen der Damen verlief f\u00fcr Lisa Croll, Anke Scheele, Yvonne Dippel und Martina Ross \u00fcber 750m Schwimmen, 20km Radfahren und 5km Laufen wider erwartend sehr gut. War man nach dem Schwimmen Vierter, so zeigten die M\u00e4dels auch auf dem Rad, dass sie der Regionalliga gewachsen sind. Nach einer tollen Teamleistung auch auf den abschlie\u00dfenden Laufkilometern belegte man nach 1:21:30h den f\u00fcnften Platz. Mit dieser Leistung waren alle mehr als zufrieden, auch weil die Zeit vom letzten Teamrennen auf der gleichen Strecke um zwei Minuten verbessert wurde. Nun hei\u00dft es weiter an der Form arbeiten, da es bereits am 18. Juni beim Triathlon Waldeck am Edersee \u00fcber die doppelte Distanz um Punkte f\u00fcr den Verbleib in der Regionalliga Mitte geht.<br \/>\nDas Mannschaftsrennen der Herren stand schon Tage vor dem Start unter keinem guten Stern. Nachdem Oliver Lieblein als Leistungstr\u00e4ger der Herrenmannschaft seinen Start gesundheitsbedingt absagen musste, sprang Ersatzmann Maximillian Scharf ein, der gerade erst eine Erk\u00e4ltung \u00fcberwunden hatte. So starteten Manuel Langlotz, Marco Rudel, J\u00fcrgen Rademacher, Sebastian Meyer und eben Maximillian Scharf in das Abenteuer Hessenliga. Schon beim Schwimmen machte sich am Ende der Auftaktdisziplin bemerkbar, dass Maximillian Probleme hatte. Auf dem Rad musste er dann vorzeitig aussteigen. Damit waren die Herren nur noch zu viert und versuchten nun, das im Feld nach vorn zu fahren. Durch viele ann\u00e4hernd gleiche Mannschaftensst\u00e4rken war es jedoch sehr schwierig, davonzufahren und Pl\u00e4tze gut zu machen. So wechselte man als Siebter in die Laufschuhe. Besonders Sebastian zeigte hier eine sehr gute Leistung und lief, unterst\u00fctzt von seinem Team, zu seiner mit Abstand besten Laufzeit. So kam das Herrenteam nach 1:11:23h als Achter ins Ziel und war im Nachhinein zufrieden mit der gezeigten Leistung. Man war zwar langsamer als im letzten Jahr, aber der achte Rang ist nicht so schlecht, wenn man bedenkt, dass die ersten drei Mannschaften jeweils mit ihrem Kader der 2. Bundesliga angereist waren. F\u00fcr das Herrenteam geht es am 25. Juni in Griesheim ins n\u00e4chste Rennen. Nun hei\u00dft es gesund werden und auf alte St\u00e4rken berufen, dann klappt das auch mit einer besseren Platzierung.<\/p>\n<p>Nicht nur die Ligarennen waren Teil des Ederauen Triathlons, sondern auch die Volksdistanz erfreut sich wachsender Beliebtheit. Vom Tri-Team Fuldatal war \u00fcber 500m Schwimmen, 20km Radfahren und 5km Laufen Gerrit Krug am Schnellsten. Nach 1:11:50h belegte er Platz zehn. Mark G\u00f6bel und Stefen Wei\u00df belegten Platz 18 und 19, Marco Ortiz-Vives kam auf den 33. Platz, Sven Deussing kam beim Premierentriathlon\u00a0 als 41. ins Ziel, Stefan Hempel wurde 49., Helmut Goertz 67., Wolfgang Coburger 74. Bei den Damen belegten Jutta Schang-Schild einen hervorragenden siebten Platz, Nina Bachmann wurde Zehnte. Britt Lindberg war stolz \u00fcber ihre Leistung bei ihrem ersten Triathlon und finishte in 1:50:53h.<\/p>\n<p><strong>\u00a0<\/strong><\/p>\n<p>&nbsp;<\/p>\n<p><strong>0,75\/20\/5 km<br \/>\n<\/strong>Langlotz, Rudel, Rademacher, Meyer, Scharf\u00a0\u00a0\u00a0 1:11:23h (S 0:12:43h, R 0:39:08h, L 0:19:32h)\u00a0\u00a0\u00a0\u00a0\u00a0\u00a0 8. 1.HTL<br \/>\nCroll, Dippel, Scheele, Ross\u00a0\u00a0\u00a0\u00a0\u00a0\u00a0\u00a0\u00a0\u00a0\u00a0\u00a0\u00a0\u00a0\u00a0\u00a0\u00a0\u00a0\u00a0\u00a0\u00a0\u00a0\u00a0\u00a0\u00a0\u00a0\u00a0\u00a0\u00a0\u00a0\u00a0\u00a0\u00a0\u00a0\u00a0\u00a0\u00a0\u00a0\u00a0\u00a0 1:21:30h (S 0:13:29h, R 0:45:41h, L 0:22:20h)\u00a0\u00a0\u00a0\u00a0\u00a0\u00a0 5. RL-M<\/p>\n<p><strong>\u00a0<\/strong><\/p>\n<p>&nbsp;<\/p>\n<p><strong>0,5\/20\/5 km<br \/>\n<\/strong>Krug, Gerrit\u00a0\u00a0\u00a0\u00a0\u00a0\u00a0\u00a0\u00a0\u00a0\u00a0\u00a0\u00a0\u00a0\u00a0\u00a0\u00a0\u00a0\u00a0\u00a0\u00a0\u00a0\u00a0 1:11:50h (S 0:09:18h, R 0:41:52h, L 0:20:40h)\u00a0\u00a0\u00a0\u00a0\u00a0\u00a0 4. TM30\u00a0\u00a0\u00a0\u00a0\u00a0\u00a0\u00a0\u00a0\u00a0\u00a0\u00a0\u00a0\u00a0\u00a0 10. Gesamt<br \/>\nG\u00f6bel, Mark\u00a0\u00a0\u00a0\u00a0\u00a0\u00a0\u00a0\u00a0\u00a0\u00a0\u00a0\u00a0\u00a0\u00a0\u00a0\u00a0\u00a0\u00a0\u00a0\u00a0\u00a0 1:15:36h (S 0:09:03h, R 0:44:05h, L 0:22:28h)\u00a0\u00a0\u00a0\u00a0\u00a0\u00a0 2. TM35\u00a0\u00a0\u00a0\u00a0\u00a0\u00a0\u00a0\u00a0\u00a0\u00a0\u00a0\u00a0\u00a0\u00a0 18. Gesamt<br \/>\nWei\u00df, Stefen\u00a0\u00a0\u00a0\u00a0\u00a0\u00a0\u00a0\u00a0\u00a0\u00a0\u00a0\u00a0\u00a0\u00a0\u00a0\u00a0\u00a0\u00a0\u00a0 1:15:45h (S 0:11:06h, R 0:43:15h, L 0:21:24h)\u00a0\u00a0\u00a0\u00a0\u00a0\u00a0 2. TM45\u00a0\u00a0\u00a0\u00a0\u00a0\u00a0\u00a0\u00a0\u00a0\u00a0\u00a0\u00a0\u00a0\u00a0 19. Gesamt<br \/>\nOrtiz-Vives, Marco\u00a0\u00a0\u00a0\u00a0\u00a0\u00a0\u00a0\u00a0 1:18:25h (S 0:10:53h, R 0:46:26h, L 0:21:06h)\u00a0\u00a0\u00a0\u00a0\u00a0\u00a0 4. TM25\u00a0\u00a0\u00a0\u00a0\u00a0\u00a0\u00a0\u00a0\u00a0\u00a0\u00a0\u00a0\u00a0\u00a0 33. Gesamt<br \/>\nDeussing, Sven\u00a0\u00a0\u00a0\u00a0\u00a0\u00a0\u00a0\u00a0\u00a0\u00a0\u00a0\u00a0\u00a0\u00a0\u00a0 1:20:25h (S 0:09:31h, R 0:48:20h, L 0:22:34h)\u00a0\u00a0\u00a0\u00a0\u00a0\u00a0 5. TM20\u00a0\u00a0\u00a0\u00a0\u00a0\u00a0\u00a0\u00a0\u00a0\u00a0\u00a0\u00a0\u00a0\u00a0 41. Gesamt<br \/>\nHempel, Stefan\u00a0\u00a0\u00a0\u00a0\u00a0\u00a0\u00a0\u00a0\u00a0\u00a0\u00a0\u00a0\u00a0\u00a0 1:22:01h (S 0:11:31h, R 0:47:43h, L 0:22:55h)\u00a0\u00a0\u00a0\u00a0\u00a0\u00a0 7. TM25\u00a0\u00a0\u00a0\u00a0\u00a0\u00a0\u00a0\u00a0\u00a0\u00a0\u00a0\u00a0\u00a0\u00a0 49. Gesamt<br \/>\nGoerz, Helmut\u00a0\u00a0\u00a0\u00a0\u00a0\u00a0\u00a0\u00a0\u00a0\u00a0\u00a0\u00a0\u00a0\u00a0\u00a0\u00a0 1:28:32h (S 0:13:47h, R 0:50:23h, L 0:24:22h)\u00a0\u00a0\u00a0\u00a0\u00a0\u00a0 8. TM50\u00a0\u00a0\u00a0\u00a0\u00a0\u00a0\u00a0\u00a0\u00a0\u00a0\u00a0\u00a0\u00a0\u00a0 67. Gesamt<br \/>\nCoburger, Wolfgang\u00a0\u00a0\u00a0\u00a0\u00a0 1:42:14h (S 0:14:09h, R 0:59:03h, L 0:29:02h)\u00a0\u00a0\u00a0\u00a0\u00a0\u00a0 2. TM65\u00a0\u00a0\u00a0\u00a0\u00a0\u00a0\u00a0\u00a0\u00a0\u00a0\u00a0\u00a0\u00a0\u00a0 74. Gesamt<br \/>\nSchang-Schild, Jutta\u00a0\u00a0\u00a0\u00a0\u00a0\u00a0 1:24:49h (S 0:12:22h, R 0:50:22h, L 0:22:05h)\u00a0\u00a0\u00a0\u00a0\u00a0\u00a0 1. TW45\u00a0\u00a0\u00a0\u00a0\u00a0\u00a0\u00a0\u00a0\u00a0\u00a0\u00a0\u00a0\u00a0\u00a0 \u00a0 7. Gesamt<br \/>\nBachmann, Nina\u00a0\u00a0\u00a0\u00a0\u00a0\u00a0\u00a0\u00a0\u00a0\u00a0\u00a0\u00a0\u00a0 1:26:00h (S 0:10:30h, R 0:49:22h, L 0:26:08h)\u00a0\u00a0\u00a0\u00a0\u00a0\u00a0 1. TW35\u00a0\u00a0\u00a0\u00a0\u00a0\u00a0\u00a0\u00a0\u00a0\u00a0\u00a0\u00a0\u00a0\u00a0 10. Gesamt<br \/>\nLindberg, Britt\u00a0\u00a0\u00a0\u00a0\u00a0\u00a0\u00a0\u00a0\u00a0\u00a0\u00a0\u00a0\u00a0\u00a0\u00a0\u00a0\u00a0 1:50:53h (S 0:16:32h, R 1:01:25h, L 0:32:56h)\u00a0\u00a0\u00a0\u00a0\u00a0\u00a0 4. TW45\u00a0\u00a0\u00a0\u00a0\u00a0\u00a0\u00a0\u00a0\u00a0\u00a0\u00a0\u00a0\u00a0\u00a0 25. Gesamt<\/p>\n<p>&nbsp;<\/p>\n<p>&nbsp;<\/p>\n<p><a href=\"http:\/\/www.tri-team-fuldatal.de\/wp-content\/uploads\/2011\/06\/HerrenTeam01.jpg\"><img loading=\"lazy\" decoding=\"async\" class=\"alignnone size-full wp-image-785\" title=\"HerrenTeam01\" alt=\"\" src=\"http:\/\/www.tri-team-fuldatal.de\/wp-content\/uploads\/2011\/06\/HerrenTeam01.jpg\" width=\"360\" height=\"450\" srcset=\"http:\/\/www.tri-team-fuldatal.de\/wp-content\/uploads\/2011\/06\/HerrenTeam01.jpg 360w, http:\/\/www.tri-team-fuldatal.de\/wp-content\/uploads\/2011\/06\/HerrenTeam01-240x300.jpg 240w\" sizes=\"auto, (max-width: 360px) 100vw, 360px\" \/><\/a><\/p>\n<blockquote><p>\u2026das Herrenteam k\u00e4mpfte sich in der Hessenliga durch und landete am Ende auf Platz acht<\/p><\/blockquote>\n<p>&nbsp;<\/p>\n","protected":false},"excerpt":{"rendered":"<p>3. VR-Bank Ederauen Triathlon Fritzlar 28.5.2011<\/p>\n","protected":false},"author":1,"featured_media":783,"comment_status":"open","ping_status":"open","sticky":false,"template":"","format":"standard","meta":{"colormag_page_container_layout":"default_layout","colormag_page_sidebar_layout":"default_layout","footnotes":""},"categories":[147,82],"tags":[30,50,28,10,7,90,42,6,44,46,56,4,29],"class_list":["post-782","post","type-post","status-publish","format-standard","has-post-thumbnail","hentry","category-liga","category-triathlon-2011","tag-anke-scheele","tag-gerrit-krug","tag-helmut-goerz","tag-jan-maximilian-scharf","tag-jurgen-rademacher","tag-jutta-schang-schild","tag-manuel-langlotz","tag-marco-rudel","tag-mark-gobel","tag-martina-ross","tag-stefan-hempel","tag-stefen-weis","tag-yvonne-dippel"],"_links":{"self":[{"href":"http:\/\/www.tri-team-fuldatal.de\/index.php?rest_route=\/wp\/v2\/posts\/782","targetHints":{"allow":["GET"]}}],"collection":[{"href":"http:\/\/www.tri-team-fuldatal.de\/index.php?rest_route=\/wp\/v2\/posts"}],"about":[{"href":"http:\/\/www.tri-team-fuldatal.de\/index.php?rest_route=\/wp\/v2\/types\/post"}],"author":[{"embeddable":true,"href":"http:\/\/www.tri-team-fuldatal.de\/index.php?rest_route=\/wp\/v2\/users\/1"}],"replies":[{"embeddable":true,"href":"http:\/\/www.tri-team-fuldatal.de\/index.php?rest_route=%2Fwp%2Fv2%2Fcomments&post=782"}],"version-history":[{"count":4,"href":"http:\/\/www.tri-team-fuldatal.de\/index.php?rest_route=\/wp\/v2\/posts\/782\/revisions"}],"predecessor-version":[{"id":795,"href":"http:\/\/www.tri-team-fuldatal.de\/index.php?rest_route=\/wp\/v2\/posts\/782\/revisions\/795"}],"wp:featuredmedia":[{"embeddable":true,"href":"http:\/\/www.tri-team-fuldatal.de\/index.php?rest_route=\/wp\/v2\/media\/783"}],"wp:attachment":[{"href":"http:\/\/www.tri-team-fuldatal.de\/index.php?rest_route=%2Fwp%2Fv2%2Fmedia&parent=782"}],"wp:term":[{"taxonomy":"category","embeddable":true,"href":"http:\/\/www.tri-team-fuldatal.de\/index.php?rest_route=%2Fwp%2Fv2%2Fcategories&post=782"},{"taxonomy":"post_tag","embeddable":true,"href":"http:\/\/www.tri-team-fuldatal.de\/index.php?rest_route=%2Fwp%2Fv2%2Ftags&post=782"}],"curies":[{"name":"wp","href":"https:\/\/api.w.org\/{rel}","templated":true}]}}