{"id":767,"date":"2011-05-24T07:56:03","date_gmt":"2011-05-24T06:56:03","guid":{"rendered":"http:\/\/www.tri-team-fuldatal.de\/?p=767"},"modified":"2011-05-24T07:56:03","modified_gmt":"2011-05-24T06:56:03","slug":"triathlon-in-baunatal-und-hameln-%e2%80%93-croll-siegt-langlotz-dritter","status":"publish","type":"post","link":"http:\/\/www.tri-team-fuldatal.de\/?p=767","title":{"rendered":"Triathlon in Baunatal und Hameln \u2013 Croll siegt, Langlotz Dritter"},"content":{"rendered":"<p><a href=\"http:\/\/www.tri-team-fuldatal.de\/wp-content\/uploads\/2011\/05\/m2.jpg\"><img loading=\"lazy\" decoding=\"async\" class=\"alignnone size-full wp-image-769\" title=\"m2\" src=\"http:\/\/www.tri-team-fuldatal.de\/wp-content\/uploads\/2011\/05\/m2.jpg\" alt=\"\" width=\"600\" height=\"397\" srcset=\"http:\/\/www.tri-team-fuldatal.de\/wp-content\/uploads\/2011\/05\/m2.jpg 600w, http:\/\/www.tri-team-fuldatal.de\/wp-content\/uploads\/2011\/05\/m2-300x198.jpg 300w\" sizes=\"auto, (max-width: 600px) 100vw, 600px\" \/><\/a><\/p>\n<blockquote><p>Manuel Langlotz wurde beim ersten Triathlon Baunatal mit der schnellsten Laufzeit des Tages Dritter.<\/p><\/blockquote>\n<p>Am 15. Mai 2011 fiel mit dem ersten Triathlon des Jahres nun endg\u00fcltig der Startschuss f\u00fcr die Triathlonsaison 2011. Beim ersten Triathlon in Baunatal gingen 15 Athleten des Tri-Teams an den Start und machten die Premiere des Jagdtriathlons zu einer kleinen Vereinsmeisterschaft.<br \/>\nBei dieser neuen Form des Triathlons wurden am Morgen 500m im Sportbad Baunatal geschwommen. Am Nachmittag startete man dann in den jeweiligen Abst\u00e4nden auf die 30km Radstrecke sowie die abschlie\u00dfenden 5km Laufen.<br \/>\nBei den M\u00e4nnern war Manuel Langlotz der Schnellste des Tri-Teams und wurde mit einer tollen Leistung Dritter im Gesamtfeld. Oliver Lieblein folgte auf Platz f\u00fcnf, J\u00fcrgen Rademacher wurde Achter, dicht gefolgt von Jost Wesem\u00fcller auf Platz neun und Marco Rudel auf Platz elf machte das gute Mannschaftsergebnis komplett.<br \/>\nIm Damenfeld gab es gleich einen Doppelsieg f\u00fcr das Tri-Team Fuldatal. Lisa Croll gewann das Rennen und wurde ihrer Favoritenrolle ebenso gerecht wie Yvonne Dippel, die den zweiten Platz belegte.<br \/>\nBeim gleichzeitig stattfindenden Duathlon wollte Linus A\u00dfmy seinen im letzten Jahr errungenen Hessenmeistertitel in der Sch\u00fcler-C-Wertung \u00fcber 500m Laufen, 2,5km Radfahren und 500m Laufen gegen die Konkurrenz aus S\u00fcdhessen verteidigen. Mit einer \u00fcberzeugenden Leistung d\u00fcpierte Linus seine Konkurrenz um fast eine Minute und wird auch nach 2010 zum zweiten Mal Hessenmeister im Duathlon.<br \/>\nZum in den letzten Jahren eigentlich schon Tradition gewordenen Saisonauftakt in Hameln reiste in diesem Jahr nur Nico Steffen. \u00dcber 500m Schwimmen, 20km Radfahren und 5km Laufen belegte Nico in 1:07:46h Platz 13 der TM35.<\/p>\n<p><strong>0,5\/2,5\/0,5 km<br \/>\n<\/strong>A\u00dfmy, Linus\u00a0\u00a0\u00a0\u00a0\u00a0\u00a0\u00a0\u00a0\u00a0\u00a0\u00a0\u00a0\u00a0\u00a0\u00a0\u00a0\u00a0\u00a0\u00a0\u00a0\u00a0 0:11:07h (0:01:43h, 0:07:00h, 0:02:24h) 1. mSchC\u00a0\u00a0\u00a0\u00a0\u00a0\u00a0\u00a0\u00a0\u00a0\u00a0\u00a0\u00a0 1. Gesamt<\/p>\n<p><strong>0,5\/30\/5\/ km<br \/>\n<\/strong>Langlotz, Manuel\u00a0\u00a0\u00a0\u00a0\u00a0\u00a0\u00a0\u00a0\u00a0\u00a0\u00a0 1:13:49h (0:07:45h, 0:49:00h, 0:17:04h) 1. M20\u00a0\u00a0\u00a0\u00a0\u00a0\u00a0\u00a0\u00a0\u00a0\u00a0\u00a0\u00a0\u00a0\u00a0\u00a0\u00a0\u00a0 3. Gesamt<br \/>\nLieblein, Oliver\u00a0\u00a0\u00a0\u00a0\u00a0\u00a0\u00a0\u00a0\u00a0\u00a0\u00a0\u00a0\u00a0\u00a0\u00a0\u00a0 1:15:54h (0:07:43h, 0:49:55h, 0:18:16h) 2. M30\u00a0\u00a0\u00a0\u00a0\u00a0\u00a0\u00a0\u00a0\u00a0\u00a0\u00a0\u00a0\u00a0\u00a0\u00a0\u00a0\u00a0 5. Gesamt<br \/>\nRademacher, J\u00fcrgen\u00a0\u00a0\u00a0\u00a0 1:17:40h (0:08:01h, 0:51:31h, 0:18:08h) 1. M45\u00a0\u00a0\u00a0\u00a0\u00a0\u00a0\u00a0\u00a0\u00a0\u00a0\u00a0\u00a0\u00a0\u00a0\u00a0\u00a0\u00a0 8. Gesamt<br \/>\nWesem\u00fcller, Jost\u00a0\u00a0\u00a0\u00a0\u00a0\u00a0\u00a0\u00a0\u00a0\u00a0\u00a0 1:18:24h (0:09:07h, 0:50:13h, 0:19:04h) 2. M45\u00a0\u00a0\u00a0\u00a0\u00a0\u00a0\u00a0\u00a0\u00a0\u00a0\u00a0\u00a0\u00a0\u00a0\u00a0\u00a0\u00a0 9. Gesamt<br \/>\nRudel, Marco\u00a0\u00a0\u00a0\u00a0\u00a0\u00a0\u00a0\u00a0\u00a0\u00a0\u00a0\u00a0\u00a0\u00a0\u00a0\u00a0\u00a0\u00a0\u00a0 1:19:26h (0:07:43h, 0:53:19h, 0:18:24h) 2. M40\u00a0\u00a0\u00a0\u00a0\u00a0\u00a0\u00a0\u00a0\u00a0\u00a0\u00a0\u00a0\u00a0\u00a0\u00a0\u00a0\u00a0 11. Gesamt<br \/>\nMeyer, Sebastian\u00a0\u00a0\u00a0\u00a0\u00a0\u00a0\u00a0\u00a0\u00a0\u00a0 1:20:43h (0:07:28h, 0:51:53h, 0:21:22h) 4. M20\u00a0\u00a0\u00a0\u00a0\u00a0\u00a0\u00a0\u00a0\u00a0\u00a0\u00a0\u00a0\u00a0\u00a0\u00a0\u00a0\u00a0 14. Gesamt<br \/>\nScharf, Maximiliam\u00a0\u00a0\u00a0\u00a0\u00a0\u00a0\u00a0\u00a0 1:21:53h (0:07:53h, 0:55:00h, 0:19:00h) 5. M20\u00a0\u00a0\u00a0\u00a0\u00a0\u00a0\u00a0\u00a0\u00a0\u00a0\u00a0\u00a0\u00a0\u00a0\u00a0\u00a0\u00a0 15. Gesamt<br \/>\nKoch, Dieter\u00a0\u00a0\u00a0\u00a0\u00a0\u00a0\u00a0\u00a0\u00a0\u00a0\u00a0\u00a0\u00a0\u00a0\u00a0\u00a0\u00a0\u00a0\u00a0\u00a0\u00a0 1:23:15h (0:07:31h, 0:54:45h, 0:20:59h) 3. M40\u00a0\u00a0\u00a0\u00a0\u00a0\u00a0\u00a0\u00a0\u00a0\u00a0\u00a0\u00a0\u00a0\u00a0\u00a0\u00a0\u00a0 18. Gesamt<br \/>\nWei\u00df, Stefen\u00a0\u00a0\u00a0\u00a0\u00a0\u00a0\u00a0\u00a0\u00a0\u00a0\u00a0\u00a0\u00a0\u00a0\u00a0\u00a0\u00a0\u00a0\u00a0 1:27:35h (0:09:40h, 0:55:43h, 0:22:12h) 6. M45\u00a0\u00a0\u00a0\u00a0\u00a0\u00a0\u00a0\u00a0\u00a0\u00a0\u00a0\u00a0\u00a0\u00a0\u00a0\u00a0\u00a0 26. Gesamt<br \/>\nOrtiz Vives, Marco\u00a0\u00a0\u00a0\u00a0\u00a0\u00a0\u00a0\u00a0\u00a0 1:28:24h (0:09:42h, 0:57:42h, 0:21:00h) 4. M25\u00a0\u00a0\u00a0\u00a0\u00a0\u00a0\u00a0\u00a0\u00a0\u00a0\u00a0\u00a0\u00a0\u00a0\u00a0\u00a0\u00a0 27. Gesamt<br \/>\nBierwirth, Christian\u00a0\u00a0\u00a0\u00a0\u00a0\u00a0\u00a0 1:29:18h (0:10:59h, 0:57:48h, 0:20:31h) 2. M35\u00a0\u00a0\u00a0\u00a0\u00a0\u00a0\u00a0\u00a0\u00a0\u00a0\u00a0\u00a0\u00a0\u00a0\u00a0\u00a0\u00a0 29. Gesamt<br \/>\nKrantz, Hubert\u00a0\u00a0\u00a0\u00a0\u00a0\u00a0\u00a0\u00a0\u00a0\u00a0\u00a0\u00a0\u00a0\u00a0\u00a0\u00a0 1:30:01h (0:09:39h, 0:58:38h, 0:21:44h) 6. M40\u00a0\u00a0\u00a0\u00a0\u00a0\u00a0\u00a0\u00a0\u00a0\u00a0\u00a0\u00a0\u00a0\u00a0\u00a0\u00a0\u00a0 31. Gesamt<br \/>\nCroll, Lisa\u00a0\u00a0\u00a0\u00a0\u00a0\u00a0\u00a0\u00a0\u00a0\u00a0\u00a0\u00a0\u00a0\u00a0\u00a0\u00a0\u00a0\u00a0\u00a0\u00a0\u00a0\u00a0\u00a0\u00a0\u00a0\u00a0\u00a0 1:27:00h (0:08:13h, 0:57:15h, 0:21:32h) 1. W20\u00a0\u00a0\u00a0\u00a0\u00a0\u00a0\u00a0\u00a0\u00a0\u00a0\u00a0\u00a0\u00a0\u00a0\u00a0\u00a0\u00a0 1. Gesamt<br \/>\nDippel, Yvonne\u00a0\u00a0\u00a0\u00a0\u00a0\u00a0\u00a0\u00a0\u00a0\u00a0\u00a0\u00a0\u00a0\u00a0\u00a0 1:30:36h (0:08:39h, 1:00:03h, 0:21:54h) 1. W25\u00a0\u00a0\u00a0\u00a0\u00a0\u00a0\u00a0\u00a0\u00a0\u00a0\u00a0\u00a0\u00a0\u00a0\u00a0\u00a0\u00a0 2. Gesamt<\/p>\n<p><strong>0,5\/20\/5 km<br \/>\n<\/strong>Steffen, Nico\u00a0\u00a0\u00a0\u00a0\u00a0\u00a0\u00a0\u00a0\u00a0\u00a0\u00a0\u00a0\u00a0\u00a0\u00a0\u00a0\u00a0\u00a0\u00a0 1:07:46h (0:10:18h, 0:39:23h, 0:18:05h) 13. TM35<\/p>\n<p>&nbsp;<\/p>\n","protected":false},"excerpt":{"rendered":"<p>Sprintdistanz Hameln und Baunatal 13.05.2011<\/p>\n","protected":false},"author":1,"featured_media":768,"comment_status":"open","ping_status":"open","sticky":false,"template":"","format":"standard","meta":{"colormag_page_container_layout":"default_layout","colormag_page_sidebar_layout":"default_layout","footnotes":""},"categories":[82],"tags":[31,60,34,10,7,42,85,6,52,8,4,29],"class_list":["post-767","post","type-post","status-publish","format-standard","has-post-thumbnail","hentry","category-triathlon-2011","tag-christian-bierwirth","tag-dieter-koch","tag-hubert-krantz","tag-jan-maximilian-scharf","tag-jurgen-rademacher","tag-manuel-langlotz","tag-marco-ortis-vives","tag-marco-rudel","tag-nico-steffen","tag-oliver-lieblein","tag-stefen-weis","tag-yvonne-dippel"],"_links":{"self":[{"href":"http:\/\/www.tri-team-fuldatal.de\/index.php?rest_route=\/wp\/v2\/posts\/767","targetHints":{"allow":["GET"]}}],"collection":[{"href":"http:\/\/www.tri-team-fuldatal.de\/index.php?rest_route=\/wp\/v2\/posts"}],"about":[{"href":"http:\/\/www.tri-team-fuldatal.de\/index.php?rest_route=\/wp\/v2\/types\/post"}],"author":[{"embeddable":true,"href":"http:\/\/www.tri-team-fuldatal.de\/index.php?rest_route=\/wp\/v2\/users\/1"}],"replies":[{"embeddable":true,"href":"http:\/\/www.tri-team-fuldatal.de\/index.php?rest_route=%2Fwp%2Fv2%2Fcomments&post=767"}],"version-history":[{"count":2,"href":"http:\/\/www.tri-team-fuldatal.de\/index.php?rest_route=\/wp\/v2\/posts\/767\/revisions"}],"predecessor-version":[{"id":771,"href":"http:\/\/www.tri-team-fuldatal.de\/index.php?rest_route=\/wp\/v2\/posts\/767\/revisions\/771"}],"wp:featuredmedia":[{"embeddable":true,"href":"http:\/\/www.tri-team-fuldatal.de\/index.php?rest_route=\/wp\/v2\/media\/768"}],"wp:attachment":[{"href":"http:\/\/www.tri-team-fuldatal.de\/index.php?rest_route=%2Fwp%2Fv2%2Fmedia&parent=767"}],"wp:term":[{"taxonomy":"category","embeddable":true,"href":"http:\/\/www.tri-team-fuldatal.de\/index.php?rest_route=%2Fwp%2Fv2%2Fcategories&post=767"},{"taxonomy":"post_tag","embeddable":true,"href":"http:\/\/www.tri-team-fuldatal.de\/index.php?rest_route=%2Fwp%2Fv2%2Ftags&post=767"}],"curies":[{"name":"wp","href":"https:\/\/api.w.org\/{rel}","templated":true}]}}