{"id":758,"date":"2011-05-23T13:14:56","date_gmt":"2011-05-23T12:14:56","guid":{"rendered":"http:\/\/www.tri-team-fuldatal.de\/?p=758"},"modified":"2011-05-23T13:14:56","modified_gmt":"2011-05-23T12:14:56","slug":"triathlonliga-2011-%e2%80%93-tri-team-startet-mit-vier-mannschaften-in-die-saison","status":"publish","type":"post","link":"http:\/\/www.tri-team-fuldatal.de\/?p=758","title":{"rendered":"Triathlonliga 2011 \u2013 Tri-Team startet mit vier Mannschaften in die Saison"},"content":{"rendered":"<p><a href=\"http:\/\/www.tri-team-fuldatal.de\/wp-content\/uploads\/2011\/05\/t24.jpg\"><img loading=\"lazy\" decoding=\"async\" class=\"alignnone size-full wp-image-760\" title=\"t2\" src=\"http:\/\/www.tri-team-fuldatal.de\/wp-content\/uploads\/2011\/05\/t24.jpg\" alt=\"\" width=\"500\" height=\"556\" srcset=\"http:\/\/www.tri-team-fuldatal.de\/wp-content\/uploads\/2011\/05\/t24.jpg 500w, http:\/\/www.tri-team-fuldatal.de\/wp-content\/uploads\/2011\/05\/t24-269x300.jpg 269w\" sizes=\"auto, (max-width: 500px) 100vw, 500px\" \/><\/a><\/p>\n<blockquote><p>Das Regionalligateam (v.h.l) Agnes Stanislawski, Laufbekleidungssponsor Silke Bachmann von Run2, Lisa Croll, (v.v.l.) Salva Plantera, Yvonne Dippel, Jutta Schang-Schild (es fehlen: Anna-Lena Mattheis, Anke Scheele, Martina Ross)<\/p><\/blockquote>\n<p>Das Ligajahr 2011 wird das Tri-Team Fuldatal mit \u201enur\u201c vier Mannschaften bestreiten. Durch den Aufstieg des ersten Damenteams im letzten Jahr von der 1. Hessischen Triathlonliga (HTL) in die Regionalliga ist es personell nicht mehr m\u00f6glich, eine zweite Mannschaft zu stellen. Die Herren werden auch in diesem Jahr wieder drei Mannschaften stellen.<br \/>\nDas Damenteam startet am 28. Mai 2011 in Fritzlar bei einem Mannschaftssprintrennen in die Saison. Bereits am 18. Juni geht es in Waldeck ins n\u00e4chste Rennen, diesmal \u00fcber die Kurzdistanz. Nach einer zweimonatigen Pause folgt der dritte Wettkampf beim Westerwald Triathlon \u00fcber eine Sprintdistanz, bevor das sp\u00e4te Saisonende erst am 11. September 2011 nach dem Rhein-Ahr-Triathlon, ebenfalls \u00fcber die Kurzdistanz, erreicht ist. Die startenden Damen wollen sich in erster Linie in der Regionalliga Mitte etablieren und werden alles daran setzen, den Verbleib in der dritth\u00f6chsten Liga zu sichern. Zum festen Kern des Teams werden Lisa Croll, Yvonne Dippel und Anke Scheele geh\u00f6ren. Die ben\u00f6tigte vierte Dame wird je nach Rennen und Form ausgew\u00e4hlt.<br \/>\nDas erste Herrenteam startet auch am 28. Mai in Fritzlar mit einem Mannschaftssprintrennen in die neue Saison. Bereits beim zweiten Wettkampf am 25. Juni folgt eine Kurzdistanz in Griesheim. Nach einem Sprint in Neuental Mitte Juli wird die Saison am 21. August beim wohl h\u00e4rtesten Ligarennen in Viernheim mit einer Kurzdistanz enden. Das Team wird wieder von Kapit\u00e4n Marco Rudel angef\u00fchrt. Es werden au\u00dferdem wieder fest Oliver Lieblein, Manuel Langlotz und J\u00fcrgen Rademacher f\u00fcr das Team starten. Der f\u00fcnfte Startplatz wird je nach Rennen von den bereits ligaerprobten Markus Ambold und Sebastian Meyer oder dem Neuling Maximillian Scharf besetzt. Als klares Ziel f\u00fcr die anstehende Saison wird der Aufstieg in die Regionalliga anvisiert.<br \/>\nDie zweite und dritte Herrenmannschaft, die in der 4. und 5. HTL an den Start gehen werden, beginnen ihre Saison am 05. Juni in B\u00fcdingen mit einem Sprint. Wie in den anderen Ligen auch folgt eine Kurzdistanz in Bruchk\u00f6bel Mitte Juli, gefolgt von einem Sprint beim eigenen Triathlon am 07. August in Fuldatal, bevor es Ende August in Arolsen \u00fcber die Kurzdistanz ins letzte Rennen geht. Die Mannschaft der 5. HTL wird wieder aus Spa\u00df am Ligabetrieb starten, die Mannschaft in der 4. HTL soll in den n\u00e4chsten Jahren n\u00e4her an die erste Mannschaft herangef\u00fchrt werden und hat damit klar den Aufstieg zum Ziel.<\/p>\n","protected":false},"excerpt":{"rendered":"<p>Das Regionalligateam (v.h.l) Agnes Stanislawski, Laufbekleidungssponsor Silke Bachmann von Run2, Lisa Croll, (v.v.l.) Salva Plantera, Yvonne Dippel, Jutta Schang-Schild (es<\/p>\n","protected":false},"author":1,"featured_media":759,"comment_status":"open","ping_status":"open","sticky":false,"template":"","format":"standard","meta":{"colormag_page_container_layout":"default_layout","colormag_page_sidebar_layout":"default_layout","footnotes":""},"categories":[82],"tags":[],"class_list":["post-758","post","type-post","status-publish","format-standard","has-post-thumbnail","hentry","category-triathlon-2011"],"_links":{"self":[{"href":"http:\/\/www.tri-team-fuldatal.de\/index.php?rest_route=\/wp\/v2\/posts\/758","targetHints":{"allow":["GET"]}}],"collection":[{"href":"http:\/\/www.tri-team-fuldatal.de\/index.php?rest_route=\/wp\/v2\/posts"}],"about":[{"href":"http:\/\/www.tri-team-fuldatal.de\/index.php?rest_route=\/wp\/v2\/types\/post"}],"author":[{"embeddable":true,"href":"http:\/\/www.tri-team-fuldatal.de\/index.php?rest_route=\/wp\/v2\/users\/1"}],"replies":[{"embeddable":true,"href":"http:\/\/www.tri-team-fuldatal.de\/index.php?rest_route=%2Fwp%2Fv2%2Fcomments&post=758"}],"version-history":[{"count":2,"href":"http:\/\/www.tri-team-fuldatal.de\/index.php?rest_route=\/wp\/v2\/posts\/758\/revisions"}],"predecessor-version":[{"id":2902,"href":"http:\/\/www.tri-team-fuldatal.de\/index.php?rest_route=\/wp\/v2\/posts\/758\/revisions\/2902"}],"wp:featuredmedia":[{"embeddable":true,"href":"http:\/\/www.tri-team-fuldatal.de\/index.php?rest_route=\/wp\/v2\/media\/759"}],"wp:attachment":[{"href":"http:\/\/www.tri-team-fuldatal.de\/index.php?rest_route=%2Fwp%2Fv2%2Fmedia&parent=758"}],"wp:term":[{"taxonomy":"category","embeddable":true,"href":"http:\/\/www.tri-team-fuldatal.de\/index.php?rest_route=%2Fwp%2Fv2%2Fcategories&post=758"},{"taxonomy":"post_tag","embeddable":true,"href":"http:\/\/www.tri-team-fuldatal.de\/index.php?rest_route=%2Fwp%2Fv2%2Ftags&post=758"}],"curies":[{"name":"wp","href":"https:\/\/api.w.org\/{rel}","templated":true}]}}