{"id":6999,"date":"2019-06-17T19:38:54","date_gmt":"2019-06-17T18:38:54","guid":{"rendered":"http:\/\/www.tri-team-fuldatal.de\/?p=6999"},"modified":"2019-06-17T20:16:25","modified_gmt":"2019-06-17T19:16:25","slug":"1-htl-35-morettriahthlon","status":"publish","type":"post","link":"http:\/\/www.tri-team-fuldatal.de\/?p=6999","title":{"rendered":"1.HTL &#8211; 35. Morettriahthlon"},"content":{"rendered":"<p>Runde drei f\u00fcr die Jungs der 1.HTL!<\/p>\n<p>am vergangenen Sonntag ging es f\u00fcr die Jungs der 1. HTL in die dritte Runde. Im Rahmen des 35. Morettriathlon wurde das dritte von vier Ligarennen ausgetragen.<\/p>\n<p>Stefan und Thorsten reisten bereits am Vortag an und konnten schon erste wichtige Infos sammeln, sowie die Startunterlagen f\u00fcr das gesamte Team in Empfang nehmen.<\/p>\n<p>Christoph, Markus und Niklas zogen aus privaten Gr\u00fcnden eine Anreise am Sonntag fr\u00fch vor, doch leider blieb es bei Christoph und Niklas, denn Markus wurde am Vortag krank und konnte nicht mitreisen gen S\u00fcdhessen.<\/p>\n<p>Ein verregneter Morgen erwartete die Jungs in Altheim am Sportplatz, wo sich die WZ II befand. Schnell wurden die Laufschuhe platziert und man entschloss sich auf eine Verlegung mit dem Rad zum See zu verzichten und nahm kurzerhand das Auto. Trocken in Babenhausen angekommen wurde auf einem Parkplatz eines Einkaufsmarktes das H\u00e4uschen der Einkaufswagen genutzt um im trockenen die R\u00e4der und sich selbst f\u00fcr den Wettkampf schick zu machen.<\/p>\n<p><a href=\"http:\/\/www.tri-team-fuldatal.de\/wp-content\/uploads\/2019\/06\/265B12C1-6425-485B-98C8-A7DC9D252332.jpeg\">\u00a0 \u00a0 \u00a0 \u00a0 \u00a0 \u00a0 \u00a0 \u00a0 \u00a0 \u00a0 \u00a0 \u00a0 \u00a0 \u00a0 \u00a0 \u00a0 \u00a0 \u00a0 \u00a0 \u00a0<img loading=\"lazy\" decoding=\"async\" class=\"alignnone size-medium wp-image-7008\" src=\"http:\/\/www.tri-team-fuldatal.de\/wp-content\/uploads\/2019\/06\/265B12C1-6425-485B-98C8-A7DC9D252332-169x300.jpeg\" alt=\"\" width=\"169\" height=\"300\" srcset=\"http:\/\/www.tri-team-fuldatal.de\/wp-content\/uploads\/2019\/06\/265B12C1-6425-485B-98C8-A7DC9D252332-169x300.jpeg 169w, http:\/\/www.tri-team-fuldatal.de\/wp-content\/uploads\/2019\/06\/265B12C1-6425-485B-98C8-A7DC9D252332-768x1365.jpeg 768w, http:\/\/www.tri-team-fuldatal.de\/wp-content\/uploads\/2019\/06\/265B12C1-6425-485B-98C8-A7DC9D252332-576x1024.jpeg 576w, http:\/\/www.tri-team-fuldatal.de\/wp-content\/uploads\/2019\/06\/265B12C1-6425-485B-98C8-A7DC9D252332.jpeg 900w\" sizes=\"auto, (max-width: 169px) 100vw, 169px\" \/>\u00a0 \u00a0 \u00a0<\/a><a href=\"http:\/\/www.tri-team-fuldatal.de\/wp-content\/uploads\/2019\/06\/A6060A08-222B-43D2-915A-5A1DE15042C9.jpeg\"><img loading=\"lazy\" decoding=\"async\" class=\"alignnone size-medium wp-image-7006\" src=\"http:\/\/www.tri-team-fuldatal.de\/wp-content\/uploads\/2019\/06\/A6060A08-222B-43D2-915A-5A1DE15042C9-169x300.jpeg\" alt=\"\" width=\"169\" height=\"300\" srcset=\"http:\/\/www.tri-team-fuldatal.de\/wp-content\/uploads\/2019\/06\/A6060A08-222B-43D2-915A-5A1DE15042C9-169x300.jpeg 169w, http:\/\/www.tri-team-fuldatal.de\/wp-content\/uploads\/2019\/06\/A6060A08-222B-43D2-915A-5A1DE15042C9-768x1365.jpeg 768w, http:\/\/www.tri-team-fuldatal.de\/wp-content\/uploads\/2019\/06\/A6060A08-222B-43D2-915A-5A1DE15042C9-576x1024.jpeg 576w, http:\/\/www.tri-team-fuldatal.de\/wp-content\/uploads\/2019\/06\/A6060A08-222B-43D2-915A-5A1DE15042C9.jpeg 900w\" sizes=\"auto, (max-width: 169px) 100vw, 169px\" \/><\/a><\/p>\n<p>Am See in Babenhausen bot sich dann ein Bild des Grauens f\u00fcr jeden Triathleten. Eine v\u00f6llig verschlammte Wechselzone und nur vier Dixies f\u00fcr \u00fcber 200 TeilnehmerInnen. Die Stimmung wurde aber mit der Entscheidung \u201eNeofreigabe\u201c durch die Wettkampfrichter aufgemuntert.<\/p>\n<p>Also fanden sich kurze Zeit sp\u00e4ter die vier Jungs mit allen Startern der 1. &amp; 2. HTL M&amp;W im engen Schwarzen am Schwimmstart wieder. Der Startschuss fiel und alle Athletinnen und Athleten mussten direkt rechter Hand entlang des Ufers zur ersten Boje schwimmen. So dauerte es einige Zeit bis die Positionen im Feld gefunden waren und man ohne geschlagen oder getreten zu werden schwimmen konnte. Niklas kam \u00fcberraschenderweise als erstes des Teams aus dem Wasser gefolgt von Christoph, Stefan und Thorsten.<\/p>\n<p>Die Radstrecke war recht unspektakul\u00e4r eine flache Wendepunktstrecke von ca. 12,5 Kilometern auf einer Bundesstra\u00dfe galt es 1,75-mal zu befahren. In der ersten Runde bildeten sich einige Pulks und auch im Penalty Zelt war wieder einiges los nach dem Radfahren. Niklas und Stefan kamen fasst zeitgleich in die WZ II, gefolgt von Thorsten und Christoph.<\/p>\n<p>Der flache Laufkurs von 5,25Km musste zweimal durchlaufen werden. Der Regen hatte kurz vor dem Laufen geendet und so konnte man nach der k\u00fchlen Radfahrt die K\u00f6rpertemperatur wieder beim Laufen nach oben regulieren. Zufrieden und unverletzt gelangten dann alle nach und nach ins Ziel und man war sich einig einen sch\u00f6nen Wettkampf absolviert zu haben.<\/p>\n<p>https:\/\/www.maxx-timing.de\/ergebnisse<\/p>\n<p>Platz\u00a0 \u00a0 Nachname\u00a0 \u00a0 Vorname\u00a0 \u00a0 \u00a0 StNr.\u00a0 \u00a0 Zeit\u00a0 \u00a0 \u00a0 \u00a0 \u00a0 \u00a0 \u00a0 \u00a0PlatzAK\u00a0 \u00a0 \u00a0 PlatzM\/W<br \/>\n42\u00a0 \u00a0 \u00a0 \u00a0 Feulner\u00a0 \u00a0 \u00a0 \u00a0 \u00a0 Niklas\u00a0 \u00a0 \u00a0 \u00a0 \u00a0 \u00a01044\u00a0 \u00a0 \u00a002:29:07\u00a0 \u00a0 \u00a0 9 M35\u00a0 \u00a0 \u00a0 \u00a0 42 M<br \/>\n47\u00a0 \u00a0 \u00a0 \u00a0 Cloodt\u00a0 \u00a0 \u00a0 \u00a0 \u00a0 \u00a0 Stefan\u00a0 \u00a0 \u00a0 \u00a0 \u00a0 \u00a01041\u00a0 \u00a0 \u00a0 02:35:50\u00a0 \u00a0 \u00a0 4 M50\u00a0 \u00a0 \u00a0 \u00a0 47 M<br \/>\n48\u00a0 \u00a0 \u00a0 \u00a0 Rietze\u00a0 \u00a0 \u00a0 \u00a0 \u00a0 \u00a0 \u00a0Thorsten\u00a0 \u00a0 \u00a0 1042\u00a0 \u00a0 \u00a002:38:30\u00a0 \u00a0 \u00a06 M40\u00a0 \u00a0 \u00a0 \u00a0 48 M<br \/>\n53\u00a0 \u00a0 \u00a0 \u00a0 Dargel\u00a0 \u00a0 \u00a0 \u00a0 \u00a0 \u00a0 Christoph\u00a0 \u00a0 \u00a01044\u00a0 \u00a0 \u00a002:52:41\u00a0 \u00a0 \u00a0 13 M35\u00a0 \u00a0 \u00a0 \u00a053 M<\/p>\n<p>&nbsp;<\/p>\n","protected":false},"excerpt":{"rendered":"<p>1.HTL &#8211; 35. Morettriahthlon<\/p>\n","protected":false},"author":9,"featured_media":7007,"comment_status":"open","ping_status":"open","sticky":false,"template":"","format":"standard","meta":{"colormag_page_container_layout":"default_layout","colormag_page_sidebar_layout":"default_layout","footnotes":""},"categories":[246],"tags":[186,96,187,167],"class_list":["post-6999","post","type-post","status-publish","format-standard","has-post-thumbnail","hentry","category-liga-2018","tag-christoph-dargel","tag-niklas-feulner","tag-stefan-cloodt","tag-thorsten-rietze"],"_links":{"self":[{"href":"http:\/\/www.tri-team-fuldatal.de\/index.php?rest_route=\/wp\/v2\/posts\/6999","targetHints":{"allow":["GET"]}}],"collection":[{"href":"http:\/\/www.tri-team-fuldatal.de\/index.php?rest_route=\/wp\/v2\/posts"}],"about":[{"href":"http:\/\/www.tri-team-fuldatal.de\/index.php?rest_route=\/wp\/v2\/types\/post"}],"author":[{"embeddable":true,"href":"http:\/\/www.tri-team-fuldatal.de\/index.php?rest_route=\/wp\/v2\/users\/9"}],"replies":[{"embeddable":true,"href":"http:\/\/www.tri-team-fuldatal.de\/index.php?rest_route=%2Fwp%2Fv2%2Fcomments&post=6999"}],"version-history":[{"count":8,"href":"http:\/\/www.tri-team-fuldatal.de\/index.php?rest_route=\/wp\/v2\/posts\/6999\/revisions"}],"predecessor-version":[{"id":7016,"href":"http:\/\/www.tri-team-fuldatal.de\/index.php?rest_route=\/wp\/v2\/posts\/6999\/revisions\/7016"}],"wp:featuredmedia":[{"embeddable":true,"href":"http:\/\/www.tri-team-fuldatal.de\/index.php?rest_route=\/wp\/v2\/media\/7007"}],"wp:attachment":[{"href":"http:\/\/www.tri-team-fuldatal.de\/index.php?rest_route=%2Fwp%2Fv2%2Fmedia&parent=6999"}],"wp:term":[{"taxonomy":"category","embeddable":true,"href":"http:\/\/www.tri-team-fuldatal.de\/index.php?rest_route=%2Fwp%2Fv2%2Fcategories&post=6999"},{"taxonomy":"post_tag","embeddable":true,"href":"http:\/\/www.tri-team-fuldatal.de\/index.php?rest_route=%2Fwp%2Fv2%2Ftags&post=6999"}],"curies":[{"name":"wp","href":"https:\/\/api.w.org\/{rel}","templated":true}]}}