{"id":6990,"date":"2019-06-16T07:04:12","date_gmt":"2019-06-16T06:04:12","guid":{"rendered":"http:\/\/www.tri-team-fuldatal.de\/?p=6990"},"modified":"2019-06-17T20:23:36","modified_gmt":"2019-06-17T19:23:36","slug":"kaelteschlacht-in-fulda","status":"publish","type":"post","link":"http:\/\/www.tri-team-fuldatal.de\/?p=6990","title":{"rendered":"K\u00e4lteschlacht in Fulda"},"content":{"rendered":"<p><strong>1. Ligarennen der 1. Seniorenliga<\/strong><\/p>\n<p>Bei ungew\u00f6hnlich kaltem Wetter, am Vortag hatte es am Wettkampfort noch geschneit, machten sich die Senioren des Tri-Team auf den Weg nach Fulda, um dort mit einem Sprint-Wettkampf den Einstieg in die diesj\u00e4hrige Wettkampfsaison zu bestreiten. 500 m Schwimmen, 20 km Radfahren und ein anschlie\u00dfender Lauf von 5 km standen auf dem Programm.<\/p>\n<p>Das Schneegest\u00f6ber vom Vortag ging mit einer Kriesensitzung des Veranstalters einher, ob der Wettkampf \u00fcberhaupt regul\u00e4r durchgef\u00fchrt werden kann. Es hat sich zum Guten entwickelt. Die Erwartungen waren, bei 2 Grad nass aufs Fahrrad steigen zu m\u00fcssen. Es waren dann doch erfreuliche 6 Grad und auch die Sonne strahlte den Anzug wieder trocken.<\/p>\n<p>Bei den besten \u00dc-40 Athleten der Hessischen Liga platzierte sich das Tri-Team Fuldatal unter den ersten 10. Der Start in die Saison fiel damit etwas ern\u00fcchternd aus. Die restlichen drei Wettk\u00e4mpfe in Bruchk\u00f6bel, Waldeck und Viernheim bieten hoffentlich ausreichend Gelegenheit f\u00fcr eine Steigerung der Mannschaftsleistung und eine bessere Platzierung.<\/p>\n<p>Die Einzelergebnisse in der 1. Seniorenliga von insgesamt 44 Startern:<\/p>\n<p>Stefan Cloodt\u00a0\u00a0\u00a0\u00a0\u00a0\u00a0\u00a0\u00a0\u00a0\u00a0\u00a0\u00a0\u00a0\u00a0\u00a0\u00a0\u00a0 1:14:06 Std.\u00a0\u00a0\u00a0\u00a0\u00a0\u00a0\u00a0\u00a0\u00a0\u00a0\u00a0\u00a0\u00a0\u00a0\u00a0\u00a0\u00a0\u00a0\u00a0\u00a0\u00a0\u00a0\u00a0 Platz 21<\/p>\n<p>Gerrit Krug\u00a0\u00a0\u00a0\u00a0\u00a0\u00a0\u00a0\u00a0\u00a0\u00a0\u00a0\u00a0\u00a0\u00a0\u00a0\u00a0\u00a0\u00a0\u00a0\u00a0\u00a0 1:19:10 Std.\u00a0\u00a0\u00a0\u00a0\u00a0\u00a0\u00a0\u00a0\u00a0\u00a0\u00a0\u00a0\u00a0\u00a0\u00a0\u00a0\u00a0\u00a0\u00a0\u00a0\u00a0\u00a0\u00a0 Platz 33<\/p>\n<p>Andreas Langhans\u00a0\u00a0\u00a0\u00a0\u00a0\u00a0\u00a0\u00a0 1:20:14 Std.\u00a0\u00a0\u00a0\u00a0\u00a0\u00a0\u00a0\u00a0\u00a0\u00a0\u00a0\u00a0\u00a0\u00a0\u00a0\u00a0\u00a0\u00a0\u00a0\u00a0\u00a0\u00a0 Platz 34<\/p>\n<p>PS: Das Kuchenbuffet war sehr gut&#8230;<\/p>\n","protected":false},"excerpt":{"rendered":"<p>1. Seniorenliga<\/p>\n","protected":false},"author":1,"featured_media":6991,"comment_status":"open","ping_status":"open","sticky":false,"template":"","format":"standard","meta":{"colormag_page_container_layout":"default_layout","colormag_page_sidebar_layout":"default_layout","footnotes":""},"categories":[246],"tags":[193,50,187],"class_list":["post-6990","post","type-post","status-publish","format-standard","has-post-thumbnail","hentry","category-liga-2018","tag-andreas-langhans","tag-gerrit-krug","tag-stefan-cloodt"],"_links":{"self":[{"href":"http:\/\/www.tri-team-fuldatal.de\/index.php?rest_route=\/wp\/v2\/posts\/6990","targetHints":{"allow":["GET"]}}],"collection":[{"href":"http:\/\/www.tri-team-fuldatal.de\/index.php?rest_route=\/wp\/v2\/posts"}],"about":[{"href":"http:\/\/www.tri-team-fuldatal.de\/index.php?rest_route=\/wp\/v2\/types\/post"}],"author":[{"embeddable":true,"href":"http:\/\/www.tri-team-fuldatal.de\/index.php?rest_route=\/wp\/v2\/users\/1"}],"replies":[{"embeddable":true,"href":"http:\/\/www.tri-team-fuldatal.de\/index.php?rest_route=%2Fwp%2Fv2%2Fcomments&post=6990"}],"version-history":[{"count":8,"href":"http:\/\/www.tri-team-fuldatal.de\/index.php?rest_route=\/wp\/v2\/posts\/6990\/revisions"}],"predecessor-version":[{"id":7017,"href":"http:\/\/www.tri-team-fuldatal.de\/index.php?rest_route=\/wp\/v2\/posts\/6990\/revisions\/7017"}],"wp:featuredmedia":[{"embeddable":true,"href":"http:\/\/www.tri-team-fuldatal.de\/index.php?rest_route=\/wp\/v2\/media\/6991"}],"wp:attachment":[{"href":"http:\/\/www.tri-team-fuldatal.de\/index.php?rest_route=%2Fwp%2Fv2%2Fmedia&parent=6990"}],"wp:term":[{"taxonomy":"category","embeddable":true,"href":"http:\/\/www.tri-team-fuldatal.de\/index.php?rest_route=%2Fwp%2Fv2%2Fcategories&post=6990"},{"taxonomy":"post_tag","embeddable":true,"href":"http:\/\/www.tri-team-fuldatal.de\/index.php?rest_route=%2Fwp%2Fv2%2Ftags&post=6990"}],"curies":[{"name":"wp","href":"https:\/\/api.w.org\/{rel}","templated":true}]}}