{"id":6955,"date":"2019-05-20T17:25:30","date_gmt":"2019-05-20T16:25:30","guid":{"rendered":"http:\/\/www.tri-team-fuldatal.de\/?p=6955"},"modified":"2019-05-20T17:30:26","modified_gmt":"2019-05-20T16:30:26","slug":"vorgezogener-vatertag-in-griesheim","status":"publish","type":"post","link":"http:\/\/www.tri-team-fuldatal.de\/?p=6955","title":{"rendered":"Vorgezogener Vatertag in Griesheim"},"content":{"rendered":"<p style=\"padding-left: 30px;\"><strong>Vorgezogener Vatertag in Griesheim<\/strong><\/p>\n<p>Nach einem kuriosen Start in die Ligasaison in Bottendorf, stand mit dem \u201eShort-Track-Triathlon\u201c in Griesheim am vergangenen Sonntag schon der zweite Wettkampf in der Liga an.<\/p>\n<p>Andy, der in dieser Saison das Amt des Team-Kapit\u00e4n von Marco Rudel \u00fcbernommen hatte, buchte eine hervorragende Unterkunft f\u00fcr die jungen V\u00e4ter des Tri-Teams. Am fr\u00fchen Samstagabend in Griesheim angekommen wurden direkt die Laufschuhe geschn\u00fcrt und man trabte lockeren Schrittes in Richtung Hallenbad Griesheim um sich die \u00f6rtlichen Gegebenheiten einmal anzuschauen. Im Anschluss des lockeren Aussch\u00fcttelns der Beinmuskulatur wurde eine leckere Pasta gekocht, die mit einem vorz\u00fcglichen Tempranillo genossen wurde. Man kann von einem vollkommen gelungenen Abend sprechen.<a href=\"http:\/\/www.tri-team-fuldatal.de\/wp-content\/uploads\/2019\/05\/65B8FD0C-C6EF-4DBA-A03C-172E95286B2E-e1558334413106.jpeg\"><img loading=\"lazy\" decoding=\"async\" class=\"size-medium wp-image-6957 aligncenter\" src=\"http:\/\/www.tri-team-fuldatal.de\/wp-content\/uploads\/2019\/05\/65B8FD0C-C6EF-4DBA-A03C-172E95286B2E-e1558334413106-300x225.jpeg\" alt=\"\" width=\"300\" height=\"225\" srcset=\"http:\/\/www.tri-team-fuldatal.de\/wp-content\/uploads\/2019\/05\/65B8FD0C-C6EF-4DBA-A03C-172E95286B2E-e1558334413106-300x225.jpeg 300w, http:\/\/www.tri-team-fuldatal.de\/wp-content\/uploads\/2019\/05\/65B8FD0C-C6EF-4DBA-A03C-172E95286B2E-e1558334413106-768x577.jpeg 768w, http:\/\/www.tri-team-fuldatal.de\/wp-content\/uploads\/2019\/05\/65B8FD0C-C6EF-4DBA-A03C-172E95286B2E-e1558334413106-1024x769.jpeg 1024w\" sizes=\"auto, (max-width: 300px) 100vw, 300px\" \/><\/a><\/p>\n<p>Am n\u00e4chsten Morgen klingelte dann um f\u00fcnf Uhr in der fr\u00fch der Wecker und nach einem kleinen Fr\u00fchst\u00fcck ging es auf den R\u00e4dern zum nahegelegenen Austragungsort des \u201eShort-Track-Triathlon\u201c. Dadurch das wir die ersten Startgruppen (1.HTL wurde in zwei Startgruppen geteilt) des Tages waren, ging die Startnummernausgabe und der Check-In sehr rasch von statten.<\/p>\n<p>Geschwommen wurde im Hallenbad in Griesheim und um 08:00Uhr fiel der Startschuss f\u00fcr Christoph und Marco, die mit der ersten Welle in den kurzen aber knackigen Sprint gesp\u00fclt worden. Es folgten um 08:20 Uhr Sebastian, Andreas und Niklas. Das Schwimmen war unspektakul\u00e4r und die 500m Wettkampfstrecke auf den 25m-Bahnen waren mit jeweils f\u00fcnf Startern gut machbar.<\/p>\n<p>Der Radkurs, eine ca. viereinhalb Kilometer lange und sehr flache Wendepunktstrecke, musste nun zweimal durchfahren werden. Hier konnte wie auch schon zuvor beim Schwimmen Sebastian die Beste Zeit in den Asphalt brennen. Andreas musste hier leider etwas Zeit liegen lassen, da er mit seinem Rennrad nicht das Tempo der Mitstreiter, die ein Zeitfahrrad besa\u00dfen, mitgehen konnte. Marco konnte hier Zeit gut machen und zeigte, dass ihm eine flache Strecke durchaus liegt. Christoph, dessen st\u00e4rkste Disziplin das Schwimmen ist, musste ein paar Federn lassen auf dem Rad, aber spulte souver\u00e4n die knapp 19 Kilometer ab. Wie so oft aber bei flachen kurzen Strecken und einer sehr gro\u00dfen Leistungsdichte entstanden schnell Radgruppen, aus denen man sich unm\u00f6glich l\u00f6sen konnte und ein st\u00e4ndiges gegenseitiges \u00dcberholen machte es sehr schwer f\u00fcr die Athleten immer regelkonform zu fahren. Niklas steckte konnte sich in der ersten Runde etwas nach vorne k\u00e4mpfen und steckte dann in der zweiten Runde in so einer Gruppe fest und es kam wie es kommen musste, es wurden flei\u00dfig blaue Karten ausgeteilt.<\/p>\n<p>Der sich anschlie\u00dfende Lauf ging durch ein angrenzendes Waldst\u00fcck und bei angenehmen Temperaturen waren die nicht ganz f\u00fcnf Kilometer dann auch schnell vorbei. Sebastian spurtete als Erster durchs Ziel gefolgt von Niklas. Marco und Andreas, die ja leider in zwei verschiedenen Startgruppen in das Rennen starteten, waren in der Endabrechnung nur zwei Sekunden auseinander. Schade, denn hier h\u00e4tte man sich gegenseitig sicher noch etwas pushen k\u00f6nnen. Christoph komplettierte die Teamleistung und so kamen alle f\u00fcnf gesund und zufrieden ins Ziel.<\/p>\n<p>Am Ende waren wir uns alle einig, dass der Ausflug mit sportlichem Charakter nach Griesheim eine runde und gelungene Sache war. Das Gesamtergebnis war sicherlich nicht das erhoffte, aber wir hatten viel Spa\u00df die zwei Tage und das z\u00e4hlt doch am Ende!<a href=\"http:\/\/www.tri-team-fuldatal.de\/wp-content\/uploads\/2019\/05\/F7C86E90-AE88-49AB-8A8C-EB4AF5928E99.jpeg\"><img loading=\"lazy\" decoding=\"async\" class=\"wp-image-6958 aligncenter\" src=\"http:\/\/www.tri-team-fuldatal.de\/wp-content\/uploads\/2019\/05\/F7C86E90-AE88-49AB-8A8C-EB4AF5928E99-300x300.jpeg\" alt=\"\" width=\"205\" height=\"205\" srcset=\"http:\/\/www.tri-team-fuldatal.de\/wp-content\/uploads\/2019\/05\/F7C86E90-AE88-49AB-8A8C-EB4AF5928E99-300x300.jpeg 300w, http:\/\/www.tri-team-fuldatal.de\/wp-content\/uploads\/2019\/05\/F7C86E90-AE88-49AB-8A8C-EB4AF5928E99-150x150.jpeg 150w, http:\/\/www.tri-team-fuldatal.de\/wp-content\/uploads\/2019\/05\/F7C86E90-AE88-49AB-8A8C-EB4AF5928E99-768x768.jpeg 768w, http:\/\/www.tri-team-fuldatal.de\/wp-content\/uploads\/2019\/05\/F7C86E90-AE88-49AB-8A8C-EB4AF5928E99-1024x1024.jpeg 1024w, http:\/\/www.tri-team-fuldatal.de\/wp-content\/uploads\/2019\/05\/F7C86E90-AE88-49AB-8A8C-EB4AF5928E99-36x36.jpeg 36w, http:\/\/www.tri-team-fuldatal.de\/wp-content\/uploads\/2019\/05\/F7C86E90-AE88-49AB-8A8C-EB4AF5928E99-115x115.jpeg 115w\" sizes=\"auto, (max-width: 205px) 100vw, 205px\" \/><\/a><\/p>\n<p>Ergebnisse: https:\/\/api.maxx-timing.de\/showevents\/23\/certificates<\/p>\n<p>Platz Name Zeit<br \/>\n10 Sebastian Eggert 00:56:18<br \/>\n39 Niklas Feulner 01:00:07<br \/>\n50 Marco Ortiz Vives 01:04:39<br \/>\n51 Andreas Blankenfeld 01:04:41<br \/>\n53 Christoph Dargel 01:10:25<\/p>\n","protected":false},"excerpt":{"rendered":"<p>Vorgezogener Vatertag in Griesheim<\/p>\n","protected":false},"author":9,"featured_media":6961,"comment_status":"open","ping_status":"open","sticky":false,"template":"","format":"standard","meta":{"colormag_page_container_layout":"default_layout","colormag_page_sidebar_layout":"default_layout","footnotes":""},"categories":[246],"tags":[143,186,85,96,247],"class_list":["post-6955","post","type-post","status-publish","format-standard","has-post-thumbnail","hentry","category-liga-2018","tag-andreas-nemeth","tag-christoph-dargel","tag-marco-ortis-vives","tag-niklas-feulner","tag-sebastian-eggert"],"_links":{"self":[{"href":"http:\/\/www.tri-team-fuldatal.de\/index.php?rest_route=\/wp\/v2\/posts\/6955","targetHints":{"allow":["GET"]}}],"collection":[{"href":"http:\/\/www.tri-team-fuldatal.de\/index.php?rest_route=\/wp\/v2\/posts"}],"about":[{"href":"http:\/\/www.tri-team-fuldatal.de\/index.php?rest_route=\/wp\/v2\/types\/post"}],"author":[{"embeddable":true,"href":"http:\/\/www.tri-team-fuldatal.de\/index.php?rest_route=\/wp\/v2\/users\/9"}],"replies":[{"embeddable":true,"href":"http:\/\/www.tri-team-fuldatal.de\/index.php?rest_route=%2Fwp%2Fv2%2Fcomments&post=6955"}],"version-history":[{"count":3,"href":"http:\/\/www.tri-team-fuldatal.de\/index.php?rest_route=\/wp\/v2\/posts\/6955\/revisions"}],"predecessor-version":[{"id":6960,"href":"http:\/\/www.tri-team-fuldatal.de\/index.php?rest_route=\/wp\/v2\/posts\/6955\/revisions\/6960"}],"wp:featuredmedia":[{"embeddable":true,"href":"http:\/\/www.tri-team-fuldatal.de\/index.php?rest_route=\/wp\/v2\/media\/6961"}],"wp:attachment":[{"href":"http:\/\/www.tri-team-fuldatal.de\/index.php?rest_route=%2Fwp%2Fv2%2Fmedia&parent=6955"}],"wp:term":[{"taxonomy":"category","embeddable":true,"href":"http:\/\/www.tri-team-fuldatal.de\/index.php?rest_route=%2Fwp%2Fv2%2Fcategories&post=6955"},{"taxonomy":"post_tag","embeddable":true,"href":"http:\/\/www.tri-team-fuldatal.de\/index.php?rest_route=%2Fwp%2Fv2%2Ftags&post=6955"}],"curies":[{"name":"wp","href":"https:\/\/api.w.org\/{rel}","templated":true}]}}