{"id":6872,"date":"2018-10-02T11:33:52","date_gmt":"2018-10-02T10:33:52","guid":{"rendered":"http:\/\/www.tri-team-fuldatal.de\/?p=6872"},"modified":"2018-10-02T16:25:01","modified_gmt":"2018-10-02T15:25:01","slug":"herkules-berglauf-4","status":"publish","type":"post","link":"http:\/\/www.tri-team-fuldatal.de\/?p=6872","title":{"rendered":"Herkules-Berglauf"},"content":{"rendered":"<figure id=\"attachment_6881\" aria-describedby=\"caption-attachment-6881\" style=\"width: 481px\" class=\"wp-caption aligncenter\"><a href=\"http:\/\/www.tri-team-fuldatal.de\/wp-content\/uploads\/2018\/10\/Yvonne.jpg\"><img loading=\"lazy\" decoding=\"async\" class=\"wp-image-6881\" src=\"http:\/\/www.tri-team-fuldatal.de\/wp-content\/uploads\/2018\/10\/Yvonne-1024x576.jpg\" alt=\"\" width=\"481\" height=\"271\" srcset=\"http:\/\/www.tri-team-fuldatal.de\/wp-content\/uploads\/2018\/10\/Yvonne-1024x576.jpg 1024w, http:\/\/www.tri-team-fuldatal.de\/wp-content\/uploads\/2018\/10\/Yvonne-300x169.jpg 300w, http:\/\/www.tri-team-fuldatal.de\/wp-content\/uploads\/2018\/10\/Yvonne-768x432.jpg 768w, http:\/\/www.tri-team-fuldatal.de\/wp-content\/uploads\/2018\/10\/Yvonne-195x110.jpg 195w\" sizes=\"auto, (max-width: 481px) 100vw, 481px\" \/><\/a><figcaption id=\"caption-attachment-6881\" class=\"wp-caption-text\">Links: Yvonne auf H\u00f6he L\u00f6wenburg Rechts: Die drei Schnellsten des Damenrennens. (v.l.n.r. Laura Hottenrott, Nina Engelhard, Yvonne Keldenich) &#8211; (Bildquelle: Gerwin Degen PSV und Regino Otto)<\/figcaption><\/figure>\n<p>&nbsp;<\/p>\n<p>Kassel &#8211; Bei herbstlichem Kaiserwetter lockte es 4 Athleten des Teams zum tradierten Herkules-Berglauf. Der Lauf beginnt zum Fu\u00dfe des Bergparks in der N\u00e4he der Reformschule Kassel und f\u00fchrt \u00fcber 6,2 km und 360 H\u00f6henmeter hinauf zum Wahrzeichen Kassels, dem Herkules. Die Strecke ist auf ihrem Weg durch das Unesco Welterbe gespickt mit zwei sehr harten Passagen, auf denen der maximale Gradient im Bereich von 20% liegt. F\u00fcr Stravaisten hier der <a href=\"https:\/\/www.strava.com\/segments\/18994398\" target=\"_blank\" rel=\"noopener\">Streckenverlauf<\/a> im Detail.<\/p>\n<p>Am erfolgreichsten beendete Yvonne Keldenich den Lauf. Mit einem tollen 3. Platz in der Gesamtwertung von 35 Frauen. In einer Zeit von 31:40 min machte sie genauso weiter, wie sie es am zuvorigen Wochenende beim <a href=\"http:\/\/www.tri-team-fuldatal.de\/?p=6854\" target=\"_blank\" rel=\"noopener\">Dorflauf in Vollmarshausen<\/a> vorgelegt hatte. Die beiden Damen vor ihr waren mit Nina Engelhard und Laura Hottenrott unerreichbar schnell. Hottenrott stellte sogar mit einer Zeit von 28:08 min einen neuen Streckenrekord auf. Um Yvonnes Zeit im Vergleich zu dieser \u00fcberstarken Konkurrenz korrekt einzuordnen zu k\u00f6nnen, muss man ein wenig in die Vergangenheit des Laufes schauen. Sie w\u00e4re mit ihrer Zeit in den letzten Jahren immer in den Top 3 gewesen und h\u00e4tte einige Male den Lauf sogar gewonnen.<\/p>\n<p>&nbsp;<\/p>\n<figure id=\"attachment_6882\" aria-describedby=\"caption-attachment-6882\" style=\"width: 481px\" class=\"wp-caption aligncenter\"><a href=\"http:\/\/www.tri-team-fuldatal.de\/wp-content\/uploads\/2018\/10\/Oli.jpg\"><img loading=\"lazy\" decoding=\"async\" class=\"wp-image-6882 \" src=\"http:\/\/www.tri-team-fuldatal.de\/wp-content\/uploads\/2018\/10\/Oli-1024x576.jpg\" alt=\"\" width=\"481\" height=\"271\" srcset=\"http:\/\/www.tri-team-fuldatal.de\/wp-content\/uploads\/2018\/10\/Oli-1024x576.jpg 1024w, http:\/\/www.tri-team-fuldatal.de\/wp-content\/uploads\/2018\/10\/Oli-300x169.jpg 300w, http:\/\/www.tri-team-fuldatal.de\/wp-content\/uploads\/2018\/10\/Oli-768x432.jpg 768w, http:\/\/www.tri-team-fuldatal.de\/wp-content\/uploads\/2018\/10\/Oli-195x110.jpg 195w\" sizes=\"auto, (max-width: 481px) 100vw, 481px\" \/><\/a><figcaption id=\"caption-attachment-6882\" class=\"wp-caption-text\">Links: Oli auf H\u00f6he L\u00f6wenburg Rechts: Oli beim Zieleinlauf &#8211; (Bildquelle: Gerwin Degen PSV und Regino Otto)<\/figcaption><\/figure>\n<p>&nbsp;<\/p>\n<p>Bei den Herren platzierte sich Oliver Lieblein in einer Zeit von 27:05 min auf einem sehr guten 5. Platz. Nach langer Zeit war er den Berglauf mal wieder angegangen und konnte aus einer blendenden Form heraus seine Bestmarke von 28:29 min aus dem Jahre 2009 deutlich verbessern. Platz 3 und 4 waren dabei sogar noch in Schlagweite von etwa 20 Sekunden. Aber was 20 Sekunden in einem Anstieg bedeuten, an dem man am Ende schon auf Maximum l\u00e4uft, weil es einfach nicht anders geht, das wei\u00df man sp\u00e4testens, wenn man sich diesen Lauf mal angetan hat. Stefan Cloodt beendete den Lauf in einer Zeit von 34:06 min als 11. der AK Sen M50 in einer sehr zufriedenen Laune.<\/p>\n<p>&nbsp;<\/p>\n<figure id=\"attachment_6883\" aria-describedby=\"caption-attachment-6883\" style=\"width: 481px\" class=\"wp-caption aligncenter\"><a href=\"http:\/\/www.tri-team-fuldatal.de\/wp-content\/uploads\/2018\/10\/Stefan-Takis.jpg\"><img loading=\"lazy\" decoding=\"async\" class=\"wp-image-6883 \" src=\"http:\/\/www.tri-team-fuldatal.de\/wp-content\/uploads\/2018\/10\/Stefan-Takis-1024x576.jpg\" alt=\"\" width=\"481\" height=\"271\" srcset=\"http:\/\/www.tri-team-fuldatal.de\/wp-content\/uploads\/2018\/10\/Stefan-Takis-1024x576.jpg 1024w, http:\/\/www.tri-team-fuldatal.de\/wp-content\/uploads\/2018\/10\/Stefan-Takis-300x169.jpg 300w, http:\/\/www.tri-team-fuldatal.de\/wp-content\/uploads\/2018\/10\/Stefan-Takis-768x432.jpg 768w, http:\/\/www.tri-team-fuldatal.de\/wp-content\/uploads\/2018\/10\/Stefan-Takis-195x110.jpg 195w\" sizes=\"auto, (max-width: 481px) 100vw, 481px\" \/><\/a><figcaption id=\"caption-attachment-6883\" class=\"wp-caption-text\">Mitte: Stefan Cloodt Links und Rechts: Takis mit Buggy &#8211; (Bildquelle: Gerwin Degen PSV und Regino Otto)<\/figcaption><\/figure>\n<p>&nbsp;<\/p>\n<p>Au\u00dferhalb der regul\u00e4ren Wertung lief Takis Keldenich den Lauf als besondere Herausforderung mit einem Lauf-Buggy samt Tochter Hanna. Dies geschah zum Leid aber auch zur Freude der anderen Teilnehmer. Aus Respekt vor allen L\u00e4ufern aus dem Ende des Feldes startend war es gar nicht so einfach, gut in den Lauf zu kommen, ohne andere L\u00e4ufer zu behindern, also erstmal locker anlaufen. Viel Applaus gab es f\u00fcr die beiden, ganz zur Freude von Hanna, die nicht mehr machen musste, als abundzu mal zu klatschen. Je weiter die beiden sich im Feld nach vorne gearbeitet hatten, desto angestrengter wurden die Blicke der \u00dcberholten. Niemand wollte sich nat\u00fcrlich oben anh\u00f6ren m\u00fcssen, er sei hinter dem Buggy geblieben. Daher gab es noch den ein oder anderen Platz auf den finalen Serpentinen auszulaufen. In einer Zeit von 35:48 min und als 49. von 108 gestarteten M\u00e4nnern war auch Takis sehr zufrieden. Maximalpuls inklusive. :)<\/p>\n","protected":false},"excerpt":{"rendered":"<p>29. int. Herkules-Berglauf in Kassel<\/p>\n","protected":false},"author":7,"featured_media":6874,"comment_status":"open","ping_status":"open","sticky":false,"template":"","format":"standard","meta":{"colormag_page_container_layout":"default_layout","colormag_page_sidebar_layout":"default_layout","footnotes":""},"categories":[251],"tags":[8,187,109,29],"class_list":["post-6872","post","type-post","status-publish","format-standard","has-post-thumbnail","hentry","category-lauf-2018","tag-oliver-lieblein","tag-stefan-cloodt","tag-takis-keldenich","tag-yvonne-dippel"],"_links":{"self":[{"href":"http:\/\/www.tri-team-fuldatal.de\/index.php?rest_route=\/wp\/v2\/posts\/6872","targetHints":{"allow":["GET"]}}],"collection":[{"href":"http:\/\/www.tri-team-fuldatal.de\/index.php?rest_route=\/wp\/v2\/posts"}],"about":[{"href":"http:\/\/www.tri-team-fuldatal.de\/index.php?rest_route=\/wp\/v2\/types\/post"}],"author":[{"embeddable":true,"href":"http:\/\/www.tri-team-fuldatal.de\/index.php?rest_route=\/wp\/v2\/users\/7"}],"replies":[{"embeddable":true,"href":"http:\/\/www.tri-team-fuldatal.de\/index.php?rest_route=%2Fwp%2Fv2%2Fcomments&post=6872"}],"version-history":[{"count":10,"href":"http:\/\/www.tri-team-fuldatal.de\/index.php?rest_route=\/wp\/v2\/posts\/6872\/revisions"}],"predecessor-version":[{"id":6889,"href":"http:\/\/www.tri-team-fuldatal.de\/index.php?rest_route=\/wp\/v2\/posts\/6872\/revisions\/6889"}],"wp:featuredmedia":[{"embeddable":true,"href":"http:\/\/www.tri-team-fuldatal.de\/index.php?rest_route=\/wp\/v2\/media\/6874"}],"wp:attachment":[{"href":"http:\/\/www.tri-team-fuldatal.de\/index.php?rest_route=%2Fwp%2Fv2%2Fmedia&parent=6872"}],"wp:term":[{"taxonomy":"category","embeddable":true,"href":"http:\/\/www.tri-team-fuldatal.de\/index.php?rest_route=%2Fwp%2Fv2%2Fcategories&post=6872"},{"taxonomy":"post_tag","embeddable":true,"href":"http:\/\/www.tri-team-fuldatal.de\/index.php?rest_route=%2Fwp%2Fv2%2Ftags&post=6872"}],"curies":[{"name":"wp","href":"https:\/\/api.w.org\/{rel}","templated":true}]}}