{"id":6851,"date":"2018-09-24T21:23:25","date_gmt":"2018-09-24T20:23:25","guid":{"rendered":"http:\/\/www.tri-team-fuldatal.de\/?p=6851"},"modified":"2018-09-24T21:30:19","modified_gmt":"2018-09-24T20:30:19","slug":"bezirksmeisterschaften-bergzeitfahren-radsport-nordhessen","status":"publish","type":"post","link":"http:\/\/www.tri-team-fuldatal.de\/?p=6851","title":{"rendered":"Bezirksmeisterschaften Bergzeitfahren Radsport Nordhessen"},"content":{"rendered":"<figure id=\"attachment_6861\" aria-describedby=\"caption-attachment-6861\" style=\"width: 520px\" class=\"wp-caption aligncenter\"><a href=\"http:\/\/www.tri-team-fuldatal.de\/wp-content\/uploads\/2018\/09\/AF1V9323.jpg\" rel=\"attachment wp-att-6861\"><img loading=\"lazy\" decoding=\"async\" class=\"wp-image-6861 \" src=\"http:\/\/www.tri-team-fuldatal.de\/wp-content\/uploads\/2018\/09\/AF1V9323-1024x683.jpg\" alt=\"AF1V9323\" width=\"520\" height=\"347\" \/><\/a><figcaption id=\"caption-attachment-6861\" class=\"wp-caption-text\">Damen v.l.n.r Yvonne Keldenich, Jasmin Corso, Petra Schildw\u00e4chter (Quelle: Thomas Laut www.riedgras.de)<\/figcaption><\/figure>\n<p style=\"text-align: justify;\">Mittelhof Kreis Felsberg\/Melsungen &#8211; Einige Athleten des Tri-Teams sind auch im Radsport unterwegs und haben sich dort parallell zu ihrem triathletischen Zuhause auch einem Radsportverein angeschlossen. So liegt es nat\u00fcrlich nahe, auch bei diesem Sport an regionalen Meistershaften teilzunehmen. Was viele nicht wissen, dies ist sogar m\u00f6glich, ohne einem Radsportverein anzugeh\u00f6ren. Neben der Wertung der Lizenzklassen des BDR gibt es bei der Bezirksmeisterschaft auch immer eine Jedermann-Wertung. Jeder kann also teilnehmen. Ausgerichtet wurden die Meisterschaften vom Radsportbezirk Nordhessen zusammen mit der Abteilung Radsport vom MT Melsungen.<\/p>\n<p style=\"text-align: justify;\">Vom Tri-Team waren Yvonne und Takis Keldenich sowie Petra Schildw\u00e4chter mit am Start. Freitagabend ab 18 Uhr ging es in Minutenabst\u00e4nden den 4,7 km langen Anstieg mit 144 zu \u00fcberwindenen H\u00f6henmetern hinauf.<\/p>\n<figure id=\"attachment_6862\" aria-describedby=\"caption-attachment-6862\" style=\"width: 526px\" class=\"wp-caption aligncenter\"><a href=\"http:\/\/www.tri-team-fuldatal.de\/wp-content\/uploads\/2018\/09\/maedels-2.jpg\" rel=\"attachment wp-att-6862\"><img loading=\"lazy\" decoding=\"async\" class=\"wp-image-6862 \" src=\"http:\/\/www.tri-team-fuldatal.de\/wp-content\/uploads\/2018\/09\/maedels-2-1024x576.jpg\" alt=\"maedels 2\" width=\"526\" height=\"296\" srcset=\"http:\/\/www.tri-team-fuldatal.de\/wp-content\/uploads\/2018\/09\/maedels-2-1024x576.jpg 1024w, http:\/\/www.tri-team-fuldatal.de\/wp-content\/uploads\/2018\/09\/maedels-2-300x169.jpg 300w, http:\/\/www.tri-team-fuldatal.de\/wp-content\/uploads\/2018\/09\/maedels-2-768x432.jpg 768w, http:\/\/www.tri-team-fuldatal.de\/wp-content\/uploads\/2018\/09\/maedels-2-195x110.jpg 195w\" sizes=\"auto, (max-width: 526px) 100vw, 526px\" \/><\/a><figcaption id=\"caption-attachment-6862\" class=\"wp-caption-text\">(Quelle: Thomas Laut www.riedgras.de)<\/figcaption><\/figure>\n<p style=\"text-align: justify;\">Bei den Damen konnte Yvonne mit der zweitschnellsten Zeit aller Klassen einen sehr guten Wettkampf zeigen. F\u00fcr relativ wenig Training war die junge Mutter mit der Leistung sehr zufrieden. Bei Petra lief es auch richtig gut, sie lag nur 11 Sekunden hinter Yvonne.<\/p>\n<figure id=\"attachment_6863\" aria-describedby=\"caption-attachment-6863\" style=\"width: 522px\" class=\"wp-caption aligncenter\"><a href=\"http:\/\/www.tri-team-fuldatal.de\/wp-content\/uploads\/2018\/09\/Takis.jpg\" rel=\"attachment wp-att-6863\"><img loading=\"lazy\" decoding=\"async\" class=\"wp-image-6863 \" src=\"http:\/\/www.tri-team-fuldatal.de\/wp-content\/uploads\/2018\/09\/Takis-1024x576.jpg\" alt=\"Takis\" width=\"522\" height=\"294\" srcset=\"http:\/\/www.tri-team-fuldatal.de\/wp-content\/uploads\/2018\/09\/Takis-1024x576.jpg 1024w, http:\/\/www.tri-team-fuldatal.de\/wp-content\/uploads\/2018\/09\/Takis-300x169.jpg 300w, http:\/\/www.tri-team-fuldatal.de\/wp-content\/uploads\/2018\/09\/Takis-768x432.jpg 768w, http:\/\/www.tri-team-fuldatal.de\/wp-content\/uploads\/2018\/09\/Takis-195x110.jpg 195w\" sizes=\"auto, (max-width: 522px) 100vw, 522px\" \/><\/a><figcaption id=\"caption-attachment-6863\" class=\"wp-caption-text\">(Quelle: Thomas Laut www.riedgras.de)<\/figcaption><\/figure>\n<p style=\"text-align: justify;\">Generell waren diese Meisterschaften sehr gut besetzt und die Abst\u00e4nde entsprechend gering. So war Takis mit dem 19. Gesamtrang und 5. Rang der Jedermann-Wertung durchaus mit seiner Leistung zufrieden. Mit 84 kg Kampfgewicht sind f\u00fcr eine Zeit von 9:45 min immerhin schon 370 Watt Durchschnittsleistung n\u00f6tig. Dies war schon viel mehr, als er nach fast 4 Wochen Trainingspause f\u00fcr m\u00f6glich gehalten h\u00e4tte.<\/p>\n","protected":false},"excerpt":{"rendered":"<p>Bergzeitfahren Berzik Nordhessen<\/p>\n","protected":false},"author":7,"featured_media":6862,"comment_status":"open","ping_status":"open","sticky":false,"template":"","format":"standard","meta":{"colormag_page_container_layout":"default_layout","colormag_page_sidebar_layout":"default_layout","footnotes":""},"categories":[254],"tags":[],"class_list":["post-6851","post","type-post","status-publish","format-standard","has-post-thumbnail","hentry","category-rad-2018"],"_links":{"self":[{"href":"http:\/\/www.tri-team-fuldatal.de\/index.php?rest_route=\/wp\/v2\/posts\/6851","targetHints":{"allow":["GET"]}}],"collection":[{"href":"http:\/\/www.tri-team-fuldatal.de\/index.php?rest_route=\/wp\/v2\/posts"}],"about":[{"href":"http:\/\/www.tri-team-fuldatal.de\/index.php?rest_route=\/wp\/v2\/types\/post"}],"author":[{"embeddable":true,"href":"http:\/\/www.tri-team-fuldatal.de\/index.php?rest_route=\/wp\/v2\/users\/7"}],"replies":[{"embeddable":true,"href":"http:\/\/www.tri-team-fuldatal.de\/index.php?rest_route=%2Fwp%2Fv2%2Fcomments&post=6851"}],"version-history":[{"count":5,"href":"http:\/\/www.tri-team-fuldatal.de\/index.php?rest_route=\/wp\/v2\/posts\/6851\/revisions"}],"predecessor-version":[{"id":6866,"href":"http:\/\/www.tri-team-fuldatal.de\/index.php?rest_route=\/wp\/v2\/posts\/6851\/revisions\/6866"}],"wp:featuredmedia":[{"embeddable":true,"href":"http:\/\/www.tri-team-fuldatal.de\/index.php?rest_route=\/wp\/v2\/media\/6862"}],"wp:attachment":[{"href":"http:\/\/www.tri-team-fuldatal.de\/index.php?rest_route=%2Fwp%2Fv2%2Fmedia&parent=6851"}],"wp:term":[{"taxonomy":"category","embeddable":true,"href":"http:\/\/www.tri-team-fuldatal.de\/index.php?rest_route=%2Fwp%2Fv2%2Fcategories&post=6851"},{"taxonomy":"post_tag","embeddable":true,"href":"http:\/\/www.tri-team-fuldatal.de\/index.php?rest_route=%2Fwp%2Fv2%2Ftags&post=6851"}],"curies":[{"name":"wp","href":"https:\/\/api.w.org\/{rel}","templated":true}]}}