{"id":6825,"date":"2018-09-22T16:06:22","date_gmt":"2018-09-22T15:06:22","guid":{"rendered":"http:\/\/www.tri-team-fuldatal.de\/?p=6825"},"modified":"2018-09-24T12:42:35","modified_gmt":"2018-09-24T11:42:35","slug":"seniorenliga-und-hessische-meisterschaften-am-twistesee","status":"publish","type":"post","link":"http:\/\/www.tri-team-fuldatal.de\/?p=6825","title":{"rendered":"Seniorenliga und Hessische Meisterschaften am Twistesee"},"content":{"rendered":"<p style=\"text-align: justify;\">Nach einem Jahr Pause meldete sich der Twistesee-Triathlon wieder zur\u00fcck. Mit toller Schwimmstrecke und sehr beliebter Radstrecke w\u00e4re ein dauerhafter Verlust dieser Veranstaltung f\u00fcr die Region sehr traurig gewesen. Mit sehr starken Meldezahlen auf allen Distanzen und der Ausrichtung der Senioren-Ligen sowie den Hessischen Meisterschaften \u00fcber die Olympische Distanz legte die Veranstaltung ein sehr gelungenes Comeback hin. Auch seitens der Athleten gab es organisatorisch nichts auszusetzen.<\/p>\n<h3 style=\"text-align: center;\"><strong>Seniorenliga<\/strong><\/h3>\n<figure id=\"attachment_6847\" aria-describedby=\"caption-attachment-6847\" style=\"width: 416px\" class=\"wp-caption aligncenter\"><a href=\"http:\/\/www.tri-team-fuldatal.de\/wp-content\/uploads\/2018\/09\/Liga-Sen.jpg\" rel=\"attachment wp-att-6847\"><img loading=\"lazy\" decoding=\"async\" class=\"wp-image-6847\" src=\"http:\/\/www.tri-team-fuldatal.de\/wp-content\/uploads\/2018\/09\/Liga-Sen-1024x1024.jpg\" alt=\"Liga Sen\" width=\"416\" height=\"416\" srcset=\"http:\/\/www.tri-team-fuldatal.de\/wp-content\/uploads\/2018\/09\/Liga-Sen-1024x1024.jpg 1024w, http:\/\/www.tri-team-fuldatal.de\/wp-content\/uploads\/2018\/09\/Liga-Sen-150x150.jpg 150w, http:\/\/www.tri-team-fuldatal.de\/wp-content\/uploads\/2018\/09\/Liga-Sen-300x300.jpg 300w, http:\/\/www.tri-team-fuldatal.de\/wp-content\/uploads\/2018\/09\/Liga-Sen-768x768.jpg 768w, http:\/\/www.tri-team-fuldatal.de\/wp-content\/uploads\/2018\/09\/Liga-Sen-36x36.jpg 36w, http:\/\/www.tri-team-fuldatal.de\/wp-content\/uploads\/2018\/09\/Liga-Sen-115x115.jpg 115w\" sizes=\"auto, (max-width: 416px) 100vw, 416px\" \/><\/a><figcaption id=\"caption-attachment-6847\" class=\"wp-caption-text\">Quelle: VfL Bad Arolsen<\/figcaption><\/figure>\n<p style=\"text-align: justify;\">Wie immer zum Ende der Saison waren hier und da Athleten angeschlagen oder konnten gar nicht starten. Gro\u00dfen Dank gilt daher allen, die sich an diesem Tag f\u00fcr das Team auf die sicherlich nicht einfache Olympische Distanz am Twistesee begeben haben. Mit Rang 4 und 5 in Fulda und Darmstadt war das Team sehr gut in die Saison gestartet. Nach einem 10. Platz in Rodgau galt es nun am Twistesee den guten, mittleren Tabellenplatz zu halten. Mit einem 8. Gesamtrang gelang es dann auch den 6. Platz von 12 Teams in der h\u00f6chsten hessischen <a href=\"https:\/\/liga.hessischer-triathlon-verband.de\/\" target=\"_blank\">Seniorenliga<\/a> zu halten.<\/p>\n<p style=\"text-align: justify;\">Den Grundstein f\u00fcr das Tagesergebnis legte J\u00fcrgen Rademacher, der trotz einer leichten Laufverletzung f\u00fcr den Verein am Start stand. In einem eng umk\u00e4mpften Feld konnte er mit Platz 14 in der <a href=\"https:\/\/twistesee-triathlon-2018.racepedia.de\/ergebnisse\/2375\" target=\"_blank\">Tageswertung<\/a> in einer Zeit von 2:35:35 seine M\u00f6glichkeiten abrufen. Thorsten Rietze und Mirco Gerke komplettierten die Wertungsr\u00e4nge mit Platz 22 und 27. Mark G\u00f6bel sicherte das Ergebnis nach hinten mit einem 31. Gesamtrang.<\/p>\n<h3 style=\"text-align: center;\"><\/h3>\n<h3 style=\"text-align: center;\">Offene Klasse Sprint<\/h3>\n<figure id=\"attachment_6848\" aria-describedby=\"caption-attachment-6848\" style=\"width: 481px\" class=\"wp-caption aligncenter\"><a href=\"http:\/\/www.tri-team-fuldatal.de\/wp-content\/uploads\/2018\/09\/Volks.jpg\" rel=\"attachment wp-att-6848\"><img loading=\"lazy\" decoding=\"async\" class=\"wp-image-6848\" src=\"http:\/\/www.tri-team-fuldatal.de\/wp-content\/uploads\/2018\/09\/Volks-1024x576.jpg\" alt=\"Volks\" width=\"481\" height=\"271\" srcset=\"http:\/\/www.tri-team-fuldatal.de\/wp-content\/uploads\/2018\/09\/Volks-1024x576.jpg 1024w, http:\/\/www.tri-team-fuldatal.de\/wp-content\/uploads\/2018\/09\/Volks-300x169.jpg 300w, http:\/\/www.tri-team-fuldatal.de\/wp-content\/uploads\/2018\/09\/Volks-768x432.jpg 768w, http:\/\/www.tri-team-fuldatal.de\/wp-content\/uploads\/2018\/09\/Volks-195x110.jpg 195w\" sizes=\"auto, (max-width: 481px) 100vw, 481px\" \/><\/a><figcaption id=\"caption-attachment-6848\" class=\"wp-caption-text\">Quelle: VfL Bad Arolsen<\/figcaption><\/figure>\n<p>In der offenen Klasse \u00fcber die Sprintdistanz waren 3 Tri-Teamler am Start. Mit einem 7. Gesamtrang erreichte Takis Keldenich das beste <a href=\"https:\/\/twistesee-triathlon-2018.racepedia.de\/ergebnisse\/1886\" target=\"_blank\">Tagesergebnis<\/a> der drei. Ohne in den letzten 2 Jahren spezifisch Triathlon-Training gemacht zu haben, war Takis mit dem Ergebnis sehr zufrieden und m\u00f6chte 2019 wieder angreifen. Marco Ortiz-Vives folgte auf Platz 16. Nach einer grundlegend sehr erfolgreichen Saison und einer 4:41 h bei der Mitteldistanz in Helsingor auf dem Konto erwischte er keinen optimalen Tag, war mit dem 2. Platz in seiner AK aber dennoch zufrieden. Auf Platz 88 finishte Lothar L\u00e4mmerhirt.<\/p>\n<p>&nbsp;<\/p>\n<h3 style=\"text-align: center;\">Olympische Distanz<\/h3>\n<p>Auf der Olympischen Distanz finishte Helmut Goerz in einer Zeit von 3:47:57 min als 4. seiner Altersklasse und 59. in der Gesamtwertung.<\/p>\n<p>&nbsp;<\/p>\n<p>&nbsp;<\/p>\n<p>&nbsp;<\/p>\n","protected":false},"excerpt":{"rendered":"<p>Twistesee Triathlon Bad Arolsen<\/p>\n","protected":false},"author":7,"featured_media":6848,"comment_status":"open","ping_status":"open","sticky":false,"template":"","format":"standard","meta":{"colormag_page_container_layout":"default_layout","colormag_page_sidebar_layout":"default_layout","footnotes":""},"categories":[246,252],"tags":[7,85,220,109,167],"class_list":["post-6825","post","type-post","status-publish","format-standard","has-post-thumbnail","hentry","category-liga-2018","category-triathlon-2018","tag-jurgen-rademacher","tag-marco-ortis-vives","tag-mirco-gerke","tag-takis-keldenich","tag-thorsten-rietze"],"_links":{"self":[{"href":"http:\/\/www.tri-team-fuldatal.de\/index.php?rest_route=\/wp\/v2\/posts\/6825","targetHints":{"allow":["GET"]}}],"collection":[{"href":"http:\/\/www.tri-team-fuldatal.de\/index.php?rest_route=\/wp\/v2\/posts"}],"about":[{"href":"http:\/\/www.tri-team-fuldatal.de\/index.php?rest_route=\/wp\/v2\/types\/post"}],"author":[{"embeddable":true,"href":"http:\/\/www.tri-team-fuldatal.de\/index.php?rest_route=\/wp\/v2\/users\/7"}],"replies":[{"embeddable":true,"href":"http:\/\/www.tri-team-fuldatal.de\/index.php?rest_route=%2Fwp%2Fv2%2Fcomments&post=6825"}],"version-history":[{"count":8,"href":"http:\/\/www.tri-team-fuldatal.de\/index.php?rest_route=\/wp\/v2\/posts\/6825\/revisions"}],"predecessor-version":[{"id":6859,"href":"http:\/\/www.tri-team-fuldatal.de\/index.php?rest_route=\/wp\/v2\/posts\/6825\/revisions\/6859"}],"wp:featuredmedia":[{"embeddable":true,"href":"http:\/\/www.tri-team-fuldatal.de\/index.php?rest_route=\/wp\/v2\/media\/6848"}],"wp:attachment":[{"href":"http:\/\/www.tri-team-fuldatal.de\/index.php?rest_route=%2Fwp%2Fv2%2Fmedia&parent=6825"}],"wp:term":[{"taxonomy":"category","embeddable":true,"href":"http:\/\/www.tri-team-fuldatal.de\/index.php?rest_route=%2Fwp%2Fv2%2Fcategories&post=6825"},{"taxonomy":"post_tag","embeddable":true,"href":"http:\/\/www.tri-team-fuldatal.de\/index.php?rest_route=%2Fwp%2Fv2%2Ftags&post=6825"}],"curies":[{"name":"wp","href":"https:\/\/api.w.org\/{rel}","templated":true}]}}