{"id":6624,"date":"2017-08-21T09:39:02","date_gmt":"2017-08-21T08:39:02","guid":{"rendered":"http:\/\/www.tri-team-fuldatal.de\/?p=6624"},"modified":"2017-09-02T11:18:37","modified_gmt":"2017-09-02T10:18:37","slug":"unsere-seniorenliga-mach-den-sack-zu-aufstieg","status":"publish","type":"post","link":"http:\/\/www.tri-team-fuldatal.de\/?p=6624","title":{"rendered":"Unsere Senioren machen den Sack zu, Aufstieg!"},"content":{"rendered":"<p style=\"text-align: left;\">Senioren steigen in 1. Seniorenliga auf!<\/p>\n<p>Mit sechs Athleten ist das Tri-Team am 20. August 2017 beim 16. Rodgau Triathlon am Start gewesen. \u00dcber 800 Teilnehmer starteten auf zwei verschiedenen Distanzen und unterschiedliche hessische Ligamannschaften sammelten wichtige Punkte f\u00fcr ein gutes Abschneiden.<\/p>\n<p style=\"text-align: justify;\">Neben den beiden Einzelstartern Evelyn Ferch und Thomas S\u00e4mann startete auch die Seniorenmannschaft \u00fcber die olympischen Distanz mit 1,4 km Schwimmen, 41 km Radfahren und noch mal 10 km Laufen. Schnellster des Tri-Teams war erwartungsgem\u00e4\u00df Thomas S\u00e4mann in einer Zeit von 2:01:54 Std. Er erreichte nicht nur den Sieg in der Altersklasse TM25, sondern auch einen hervorragenden 2. Gesamtplatz in der offenen Klasse. Evelyn Verch \u00fcberquerte nach 3:01:51 Std. fit die Ziellinie und war auch mit ihrer Leistung sehr zufrieden. Sie erreichte den 11. Platz der TW45 und freut sich schon wieder auf den Rodgau Triathlon 2018. Vielleicht dann in einer von ihr angestrebten Zeit von 2:50 Std. \u00fcber die Kurzdistanz.<\/p>\n<p style=\"text-align: justify;\">Urspr\u00fcnglich sollte Evelyn in der Damenmannschaft des Tri-Team in der 1. Hessenliga starten, aber leider konnte die Mannschaft aufgrund von krankheitsbedingten Ausf\u00e4llen nicht an den Start gehen. Die Damen haben jedoch noch am 03. September beim Saisonfinale in Baunatal noch die M\u00f6glichkeit den Klassenerhalt zu sichern.<\/p>\n<p>Im Rahmen des vierten und letzten Wertungslaufes der 2. Hessischen Seniorenliga, ebenfalls \u00fcber die Olympische Distanz, startete die Seniorenmannschaft in der Besetzung Stefen Wei\u00df (2:21:17 Std.), Stefan Clood (2:25:30 Std.), Mirco Gerke (2:26:01) und Andreas Langhans (2:32:14). Obwohl es an diesem Tag nur f\u00fcr Platz 4 in der Tageswertung reichte, konnte die Seniorenmannschaft knapp vor dem SC-Oberursel die Gesamtwertung gewinnen und den Aufstieg in die 1. Seniorenliga perfekt machen.<\/p>\n<p>Am Aufstieg beteiligt waren neben den oben genannten Senioren auch Nico Steffen und Dirk Wiegand.<\/p>\n<p style=\"text-align: justify;\">Das Tri-Team gratuliert den Herren der Seniorenliga! Starke Leistung und eine grandiose Saion!<\/p>\n<p style=\"text-align: justify;\"><a href=\"http:\/\/www.tri-team-fuldatal.de\/wp-content\/uploads\/2017\/08\/IMG_6555.jpg\" rel=\"attachment wp-att-6628\"><img loading=\"lazy\" decoding=\"async\" class=\"alignnone size-medium wp-image-6628\" src=\"http:\/\/www.tri-team-fuldatal.de\/wp-content\/uploads\/2017\/08\/IMG_6555-225x300.jpg\" alt=\"IMG_6555\" width=\"225\" height=\"300\" srcset=\"http:\/\/www.tri-team-fuldatal.de\/wp-content\/uploads\/2017\/08\/IMG_6555-225x300.jpg 225w, http:\/\/www.tri-team-fuldatal.de\/wp-content\/uploads\/2017\/08\/IMG_6555-768x1024.jpg 768w, http:\/\/www.tri-team-fuldatal.de\/wp-content\/uploads\/2017\/08\/IMG_6555.jpg 774w\" sizes=\"auto, (max-width: 225px) 100vw, 225px\" \/><\/a><a href=\"http:\/\/www.tri-team-fuldatal.de\/wp-content\/uploads\/2017\/08\/image1.jpg\" rel=\"attachment wp-att-6627\"><img loading=\"lazy\" decoding=\"async\" class=\"alignnone size-medium wp-image-6627\" src=\"http:\/\/www.tri-team-fuldatal.de\/wp-content\/uploads\/2017\/08\/image1-300x225.jpg\" alt=\"image1\" width=\"300\" height=\"225\" srcset=\"http:\/\/www.tri-team-fuldatal.de\/wp-content\/uploads\/2017\/08\/image1-300x225.jpg 300w, http:\/\/www.tri-team-fuldatal.de\/wp-content\/uploads\/2017\/08\/image1-768x576.jpg 768w, http:\/\/www.tri-team-fuldatal.de\/wp-content\/uploads\/2017\/08\/image1.jpg 960w\" sizes=\"auto, (max-width: 300px) 100vw, 300px\" \/><\/a><\/p>\n","protected":false},"excerpt":{"rendered":"<p>Rodgau Triathlon \u2013 20. August 2017<\/p>\n","protected":false},"author":9,"featured_media":6626,"comment_status":"open","ping_status":"open","sticky":false,"template":"","format":"standard","meta":{"colormag_page_container_layout":"default_layout","colormag_page_sidebar_layout":"default_layout","footnotes":""},"categories":[240],"tags":[193,32,237,220,52,187],"class_list":["post-6624","post","type-post","status-publish","format-standard","has-post-thumbnail","hentry","category-liga-2017","tag-andreas-langhans","tag-dirk-wiegand","tag-evelyn-verch","tag-mirco-gerke","tag-nico-steffen","tag-stefan-cloodt"],"_links":{"self":[{"href":"http:\/\/www.tri-team-fuldatal.de\/index.php?rest_route=\/wp\/v2\/posts\/6624","targetHints":{"allow":["GET"]}}],"collection":[{"href":"http:\/\/www.tri-team-fuldatal.de\/index.php?rest_route=\/wp\/v2\/posts"}],"about":[{"href":"http:\/\/www.tri-team-fuldatal.de\/index.php?rest_route=\/wp\/v2\/types\/post"}],"author":[{"embeddable":true,"href":"http:\/\/www.tri-team-fuldatal.de\/index.php?rest_route=\/wp\/v2\/users\/9"}],"replies":[{"embeddable":true,"href":"http:\/\/www.tri-team-fuldatal.de\/index.php?rest_route=%2Fwp%2Fv2%2Fcomments&post=6624"}],"version-history":[{"count":7,"href":"http:\/\/www.tri-team-fuldatal.de\/index.php?rest_route=\/wp\/v2\/posts\/6624\/revisions"}],"predecessor-version":[{"id":6632,"href":"http:\/\/www.tri-team-fuldatal.de\/index.php?rest_route=\/wp\/v2\/posts\/6624\/revisions\/6632"}],"wp:featuredmedia":[{"embeddable":true,"href":"http:\/\/www.tri-team-fuldatal.de\/index.php?rest_route=\/wp\/v2\/media\/6626"}],"wp:attachment":[{"href":"http:\/\/www.tri-team-fuldatal.de\/index.php?rest_route=%2Fwp%2Fv2%2Fmedia&parent=6624"}],"wp:term":[{"taxonomy":"category","embeddable":true,"href":"http:\/\/www.tri-team-fuldatal.de\/index.php?rest_route=%2Fwp%2Fv2%2Fcategories&post=6624"},{"taxonomy":"post_tag","embeddable":true,"href":"http:\/\/www.tri-team-fuldatal.de\/index.php?rest_route=%2Fwp%2Fv2%2Ftags&post=6624"}],"curies":[{"name":"wp","href":"https:\/\/api.w.org\/{rel}","templated":true}]}}