{"id":6390,"date":"2017-06-23T20:39:13","date_gmt":"2017-06-23T19:39:13","guid":{"rendered":"http:\/\/www.tri-team-fuldatal.de\/?p=6390"},"modified":"2017-09-02T11:27:16","modified_gmt":"2017-09-02T10:27:16","slug":"ligaauftakt-fuer-die-1-herren-in-zell-an-der-mosel","status":"publish","type":"post","link":"http:\/\/www.tri-team-fuldatal.de\/?p=6390","title":{"rendered":"Ligaauftakt f\u00fcr die 1. Herren in Zell an der Mosel"},"content":{"rendered":"<p><a href=\"http:\/\/www.tri-team-fuldatal.de\/wp-content\/uploads\/2017\/06\/image.png\" rel=\"attachment wp-att-6394\"><img loading=\"lazy\" decoding=\"async\" class=\" wp-image-6394 aligncenter\" src=\"http:\/\/www.tri-team-fuldatal.de\/wp-content\/uploads\/2017\/06\/image-1024x768.png\" alt=\"image\" width=\"348\" height=\"261\" srcset=\"http:\/\/www.tri-team-fuldatal.de\/wp-content\/uploads\/2017\/06\/image.png 1024w, http:\/\/www.tri-team-fuldatal.de\/wp-content\/uploads\/2017\/06\/image-300x225.png 300w, http:\/\/www.tri-team-fuldatal.de\/wp-content\/uploads\/2017\/06\/image-768x576.png 768w\" sizes=\"auto, (max-width: 348px) 100vw, 348px\" \/><\/a><\/p>\n<p style=\"text-align: justify;\">Im letzten Jahr wurde, aufgrund von Hochwasser und Treibgut in der Mosel, der MMT (Mittelmoseltriathlon) noch als Duathlon ausgetragen, dies sollte dieses Jahr anders sein und so kam es auch.<\/p>\n<p style=\"text-align: justify;\">Bei bestem Wetter fanden sich die\u00a0f\u00fcnf Starter (Oliver, Marco, Thomas, J\u00fcrgen, Niklas) um 13:00Uhr in der Mosel wieder. Es wurde Flussabw\u00e4rts eine Strecke von ca. 700m geschwommen, wobei eine Str\u00f6mung nicht wirklich zu sp\u00fcren war. Thomas und Oli kamen fast zeitgleich aus dem Wasser und erreichten als erstes die Wechselzone. Kurz danach kam J\u00fcrgen, Marco und Niklas sehr dicht beieinander aus dem k\u00fchlen Nass und J\u00fcrgen lie\u00df bereits aufblitzen, dass er dieses Jahr eine gute Form hat. Nach einem schnellen Wechsel sollte nun die Radstrecke in Angriff genommen werden, die mit dem Monte Barlo einen knackigen Anstieg inne hat. Doch nicht schlecht staunte Niklas, als er am Ausgang der Wechselzone Thomas stehen sah. Mit dem Helm in der Hand und dem verzweifelten Versuch die Kinnriehmenschnalle wieder einzuf\u00e4deln, die sich beim Versuch des Helmschlie\u00dfens gel\u00f6st hat. Niklas reagierte schnell und \u00fcbergab Thomas seinen Helm, denn im Ligaalltag steht das Teamergebnis im Vordergrund und nicht die einzelne Leistung. Thomas rollte nun mit ordentlich Wut im Bauch \u00fcber den Materialdefekt dem Feld hinterher und machte auch ordentlich Pl\u00e4tze gut. Niklas, der bei einem Wettkampfrichter sein erstes DNF bekanntgeben wollte, wurde netterweise von dem Laufbegleitrad-Fahrer mit einem MtB-Helm ausgestattet und konnte nun auch noch die Verfolgung aufnehmen.<\/p>\n<p style=\"text-align: justify;\">Oli und Thomas pr\u00fcgelten ihr Speed-Concepts durch das Feld und machten ordentlich Pl\u00e4tze gut. Auch J\u00fcrgen konnte mit einer guten Leistung Pl\u00e4tze gut machen. Marco war nicht so zufrieden und erlitt einen Saft- und Kraftlosen Tag, so seine Worte im Anschluss.<\/p>\n<p style=\"text-align: justify;\">Auch beim Lauf \u00fcber die 5,4Km lange Laufstrecke, die es flach in zwei Runden zu bezwingen galt, konnten Thomas und Oli weiter Pl\u00e4tze gut machen. J\u00fcrgen zeigte auch in der dritten Disziplin, dass er nach wie vor ein starker Mann ist, der sich auch in der Regionalliga nicht verstecken muss. Marco machte den Schlussmann und stoppte die Teamzeit ab. F\u00fcr Niklas, der aufgrund des R\u00fcckstands nach vorne, wie auch nach hinten nichts mehr holen bzw. verlieren konnte, lief seinen Stiefel und finishte den Sprint zufrieden.<\/p>\n<p style=\"text-align: justify;\">Der n\u00e4chste Wettkampf f\u00fcr die Jungs wird am 08.Juli 2017 in Waldeck sein. Hier gilt es an die Leistung anzukn\u00fcpfen und dann hoffentlich ohne Defekt noch ein-zwei Pl\u00e4tze weiter vorne im Feld zu landen. Besonders freuen wir uns, dass Manuel zur\u00fcck in die Mannschaft r\u00fcckt, f\u00fcr Ihn wird Niklas seinen Platz r\u00e4umen.<\/p>\n<p style=\"text-align: justify;\">Die folgenden Bilder wurden zur Verf\u00fcgung gestellt von\u00a0Oliver Schmuck, G\u00fcnther Gassen &amp; Foto Bohn &#8211; Philipp Bohn<\/p>\n<p><a href=\"http:\/\/www.tri-team-fuldatal.de\/wp-content\/uploads\/2017\/06\/img_0362_2.jpg\" rel=\"attachment wp-att-6407\"><img loading=\"lazy\" decoding=\"async\" class=\"alignnone size-large wp-image-6407 aligncenter\" src=\"http:\/\/www.tri-team-fuldatal.de\/wp-content\/uploads\/2017\/06\/img_0362_2-1024x683.jpg\" alt=\"img_0362_2\" width=\"620\" height=\"414\" srcset=\"http:\/\/www.tri-team-fuldatal.de\/wp-content\/uploads\/2017\/06\/img_0362_2-1024x683.jpg 1024w, http:\/\/www.tri-team-fuldatal.de\/wp-content\/uploads\/2017\/06\/img_0362_2-300x200.jpg 300w, http:\/\/www.tri-team-fuldatal.de\/wp-content\/uploads\/2017\/06\/img_0362_2-768x512.jpg 768w, http:\/\/www.tri-team-fuldatal.de\/wp-content\/uploads\/2017\/06\/img_0362_2.jpg 1600w\" sizes=\"auto, (max-width: 620px) 100vw, 620px\" \/><\/a><\/p>\n<p><a href=\"http:\/\/www.tri-team-fuldatal.de\/wp-content\/uploads\/2017\/06\/img_2458.jpg\" rel=\"attachment wp-att-6400\"><img loading=\"lazy\" decoding=\"async\" class=\"size-large wp-image-6400 aligncenter\" src=\"http:\/\/www.tri-team-fuldatal.de\/wp-content\/uploads\/2017\/06\/img_2458-683x1024.jpg\" alt=\"img_2458\" width=\"620\" height=\"930\" srcset=\"http:\/\/www.tri-team-fuldatal.de\/wp-content\/uploads\/2017\/06\/img_2458-683x1024.jpg 683w, http:\/\/www.tri-team-fuldatal.de\/wp-content\/uploads\/2017\/06\/img_2458-200x300.jpg 200w, http:\/\/www.tri-team-fuldatal.de\/wp-content\/uploads\/2017\/06\/img_2458.jpg 768w\" sizes=\"auto, (max-width: 620px) 100vw, 620px\" \/><\/a><\/p>\n<p><a href=\"http:\/\/www.tri-team-fuldatal.de\/wp-content\/uploads\/2017\/06\/fpb8508.jpg\" rel=\"attachment wp-att-6399\"><img loading=\"lazy\" decoding=\"async\" class=\"alignnone size-large wp-image-6399 aligncenter\" src=\"http:\/\/www.tri-team-fuldatal.de\/wp-content\/uploads\/2017\/06\/fpb8508-1024x682.jpg\" alt=\"fpb8508\" width=\"620\" height=\"413\" srcset=\"http:\/\/www.tri-team-fuldatal.de\/wp-content\/uploads\/2017\/06\/fpb8508-1024x682.jpg 1024w, http:\/\/www.tri-team-fuldatal.de\/wp-content\/uploads\/2017\/06\/fpb8508-300x200.jpg 300w, http:\/\/www.tri-team-fuldatal.de\/wp-content\/uploads\/2017\/06\/fpb8508-768x512.jpg 768w, http:\/\/www.tri-team-fuldatal.de\/wp-content\/uploads\/2017\/06\/fpb8508.jpg 1772w\" sizes=\"auto, (max-width: 620px) 100vw, 620px\" \/><\/a> <a href=\"http:\/\/www.tri-team-fuldatal.de\/wp-content\/uploads\/2017\/06\/img_2899.jpg\" rel=\"attachment wp-att-6402\"><img loading=\"lazy\" decoding=\"async\" class=\"alignnone size-large wp-image-6402 aligncenter\" src=\"http:\/\/www.tri-team-fuldatal.de\/wp-content\/uploads\/2017\/06\/img_2899-1024x683.jpg\" alt=\"img_2899\" width=\"620\" height=\"414\" srcset=\"http:\/\/www.tri-team-fuldatal.de\/wp-content\/uploads\/2017\/06\/img_2899-1024x683.jpg 1024w, http:\/\/www.tri-team-fuldatal.de\/wp-content\/uploads\/2017\/06\/img_2899-300x200.jpg 300w, http:\/\/www.tri-team-fuldatal.de\/wp-content\/uploads\/2017\/06\/img_2899-768x512.jpg 768w, http:\/\/www.tri-team-fuldatal.de\/wp-content\/uploads\/2017\/06\/img_2899.jpg 1152w\" sizes=\"auto, (max-width: 620px) 100vw, 620px\" \/><\/a><\/p>\n<p><a href=\"http:\/\/www.tri-team-fuldatal.de\/wp-content\/uploads\/2017\/06\/img_2461.jpg\" rel=\"attachment wp-att-6401\"><img loading=\"lazy\" decoding=\"async\" class=\"alignnone size-large wp-image-6401 aligncenter\" src=\"http:\/\/www.tri-team-fuldatal.de\/wp-content\/uploads\/2017\/06\/img_2461-683x1024.jpg\" alt=\"img_2461\" width=\"620\" height=\"930\" srcset=\"http:\/\/www.tri-team-fuldatal.de\/wp-content\/uploads\/2017\/06\/img_2461-683x1024.jpg 683w, http:\/\/www.tri-team-fuldatal.de\/wp-content\/uploads\/2017\/06\/img_2461-200x300.jpg 200w, http:\/\/www.tri-team-fuldatal.de\/wp-content\/uploads\/2017\/06\/img_2461.jpg 768w\" sizes=\"auto, (max-width: 620px) 100vw, 620px\" \/><\/a><\/p>\n","protected":false},"excerpt":{"rendered":"<p>Triathlon Zell an der Mosel Regionalliga<\/p>\n","protected":false},"author":7,"featured_media":6394,"comment_status":"open","ping_status":"open","sticky":false,"template":"","format":"standard","meta":{"colormag_page_container_layout":"default_layout","colormag_page_sidebar_layout":"default_layout","footnotes":""},"categories":[240],"tags":[7,6,96,8],"class_list":["post-6390","post","type-post","status-publish","format-standard","has-post-thumbnail","hentry","category-liga-2017","tag-jurgen-rademacher","tag-marco-rudel","tag-niklas-feulner","tag-oliver-lieblein"],"_links":{"self":[{"href":"http:\/\/www.tri-team-fuldatal.de\/index.php?rest_route=\/wp\/v2\/posts\/6390","targetHints":{"allow":["GET"]}}],"collection":[{"href":"http:\/\/www.tri-team-fuldatal.de\/index.php?rest_route=\/wp\/v2\/posts"}],"about":[{"href":"http:\/\/www.tri-team-fuldatal.de\/index.php?rest_route=\/wp\/v2\/types\/post"}],"author":[{"embeddable":true,"href":"http:\/\/www.tri-team-fuldatal.de\/index.php?rest_route=\/wp\/v2\/users\/7"}],"replies":[{"embeddable":true,"href":"http:\/\/www.tri-team-fuldatal.de\/index.php?rest_route=%2Fwp%2Fv2%2Fcomments&post=6390"}],"version-history":[{"count":7,"href":"http:\/\/www.tri-team-fuldatal.de\/index.php?rest_route=\/wp\/v2\/posts\/6390\/revisions"}],"predecessor-version":[{"id":6408,"href":"http:\/\/www.tri-team-fuldatal.de\/index.php?rest_route=\/wp\/v2\/posts\/6390\/revisions\/6408"}],"wp:featuredmedia":[{"embeddable":true,"href":"http:\/\/www.tri-team-fuldatal.de\/index.php?rest_route=\/wp\/v2\/media\/6394"}],"wp:attachment":[{"href":"http:\/\/www.tri-team-fuldatal.de\/index.php?rest_route=%2Fwp%2Fv2%2Fmedia&parent=6390"}],"wp:term":[{"taxonomy":"category","embeddable":true,"href":"http:\/\/www.tri-team-fuldatal.de\/index.php?rest_route=%2Fwp%2Fv2%2Fcategories&post=6390"},{"taxonomy":"post_tag","embeddable":true,"href":"http:\/\/www.tri-team-fuldatal.de\/index.php?rest_route=%2Fwp%2Fv2%2Ftags&post=6390"}],"curies":[{"name":"wp","href":"https:\/\/api.w.org\/{rel}","templated":true}]}}