{"id":6354,"date":"2017-05-25T11:20:45","date_gmt":"2017-05-25T10:20:45","guid":{"rendered":"http:\/\/www.tri-team-fuldatal.de\/?p=6354"},"modified":"2017-09-02T11:31:38","modified_gmt":"2017-09-02T10:31:38","slug":"ligaauftakt-beim-barockstadt-triathlon-in-fulda","status":"publish","type":"post","link":"http:\/\/www.tri-team-fuldatal.de\/?p=6354","title":{"rendered":"Ligaauftakt beim Barockstadt-Triathlon in Fulda"},"content":{"rendered":"<p style=\"text-align: center;\"><strong>Tri-Team Fuldatal beim Triathlon in Fulda \u2013 alle olympisch!<\/strong><\/p>\n<p style=\"text-align: center;\"><strong><a href=\"http:\/\/www.tri-team-fuldatal.de\/wp-content\/uploads\/2017\/05\/IMG-20170508-WA0007.jpg\" rel=\"attachment wp-att-6355\"><img loading=\"lazy\" decoding=\"async\" class=\" wp-image-6355 aligncenter\" src=\"http:\/\/www.tri-team-fuldatal.de\/wp-content\/uploads\/2017\/05\/IMG-20170508-WA0007-1024x576.jpg\" alt=\"IMG-20170508-WA0007\" width=\"433\" height=\"244\" srcset=\"http:\/\/www.tri-team-fuldatal.de\/wp-content\/uploads\/2017\/05\/IMG-20170508-WA0007-1024x576.jpg 1024w, http:\/\/www.tri-team-fuldatal.de\/wp-content\/uploads\/2017\/05\/IMG-20170508-WA0007-300x169.jpg 300w, http:\/\/www.tri-team-fuldatal.de\/wp-content\/uploads\/2017\/05\/IMG-20170508-WA0007-768x432.jpg 768w, http:\/\/www.tri-team-fuldatal.de\/wp-content\/uploads\/2017\/05\/IMG-20170508-WA0007-195x110.jpg 195w, http:\/\/www.tri-team-fuldatal.de\/wp-content\/uploads\/2017\/05\/IMG-20170508-WA0007.jpg 1280w\" sizes=\"auto, (max-width: 433px) 100vw, 433px\" \/><\/a><\/strong><\/p>\n<p style=\"text-align: justify;\">Mit f\u00fcnf M\u00e4nnern und zwei Frauen waren wir f\u00fcr das Tri-Team am 7. Mai 2017 in Fulda beim Triathlon vertreten. Hier galt es, im Team oder einzeln, gut zu \u201efinishen.\u201c Schon um 9:30 Uhr fiel der erste Startschuss in der Einzeldisziplin im 50 Meter Becken des Rosenbades, nach der Wettkampfbesprechung um 9:00 Uhr. 1000 Meter Schwimmen im 22 Grad kalten Wasser, fliegender Wechsel und dann in eine schnelle, 40 Kilometer lange Radrunde, die aus Fulda heraus f\u00fchrte, aber mit einer Schleife durch die Stadt. Nach diesen Kilometern in Armen und Beinen ging es in die Laufrunde, die vom Belag teils mittelschwere St\u00fccke \u00fcber grobes Kopfsteinpflaster, Asphalt und den sandigen Boden im schmucken Schlosspark hatte. Bis 15 Uhr hatten wir alle einen sch\u00f6nen, schnellen und spannenden Wettkampf hinter uns.<\/p>\n<p style=\"text-align: justify;\"><a href=\"http:\/\/www.tri-team-fuldatal.de\/wp-content\/uploads\/2017\/05\/IMG-20170507-WA0008.jpg\" rel=\"attachment wp-att-6357\"><img loading=\"lazy\" decoding=\"async\" class=\" wp-image-6357 aligncenter\" src=\"http:\/\/www.tri-team-fuldatal.de\/wp-content\/uploads\/2017\/05\/IMG-20170507-WA0008-1024x768.jpg\" alt=\"IMG-20170507-WA0008\" width=\"443\" height=\"332\" srcset=\"http:\/\/www.tri-team-fuldatal.de\/wp-content\/uploads\/2017\/05\/IMG-20170507-WA0008.jpg 1024w, http:\/\/www.tri-team-fuldatal.de\/wp-content\/uploads\/2017\/05\/IMG-20170507-WA0008-300x225.jpg 300w, http:\/\/www.tri-team-fuldatal.de\/wp-content\/uploads\/2017\/05\/IMG-20170507-WA0008-768x576.jpg 768w\" sizes=\"auto, (max-width: 443px) 100vw, 443px\" \/><\/a><\/p>\n<p style=\"text-align: justify;\">Die Organisation war gut, es hakte nur an der Durchleitung in die 3. Radrunde (welche die Routiniers schon kannten) und der R\u00fcckgabe der Beutel 1 aus der Wechselzone im Schwimmbad. Das Wetter war erstaunlich gut: morgens noch k\u00fchl konnten wir sp\u00e4testens nach dem Radfahren im Triathlonanzug auflaufen. Auch die Stimmung war gut f\u00fcr uns alle: die Fininisher feuerten das Seniorenteam in der Wechselzone vom Schwimmbad aufs Rad und im Zielbereich beim Laufen kr\u00e4ftig an. Es gab dann die Gelegenheit f\u00fcr den einen oder anderen Schulterklopfer, gemeinsamen Austausch bei Musik und Moderation und auch Kontakte zu anderen Teams entstanden hier. Nur Thomas S\u00e4mann haben wir verpasst: er war einfach schneller!<\/p>\n<p style=\"text-align: justify;\"><a href=\"http:\/\/www.tri-team-fuldatal.de\/wp-content\/uploads\/2017\/05\/IMG-20170507-WA0007.jpg\" rel=\"attachment wp-att-6356\"><img loading=\"lazy\" decoding=\"async\" class=\"wp-image-6356 aligncenter\" src=\"http:\/\/www.tri-team-fuldatal.de\/wp-content\/uploads\/2017\/05\/IMG-20170507-WA0007-768x1024.jpg\" alt=\"IMG-20170507-WA0007\" width=\"308\" height=\"411\" srcset=\"http:\/\/www.tri-team-fuldatal.de\/wp-content\/uploads\/2017\/05\/IMG-20170507-WA0007-768x1024.jpg 768w, http:\/\/www.tri-team-fuldatal.de\/wp-content\/uploads\/2017\/05\/IMG-20170507-WA0007-225x300.jpg 225w, http:\/\/www.tri-team-fuldatal.de\/wp-content\/uploads\/2017\/05\/IMG-20170507-WA0007.jpg 960w\" sizes=\"auto, (max-width: 308px) 100vw, 308px\" \/><\/a><\/p>\n<p>&nbsp;<\/p>\n<p>Hier die Ergebnisse:<\/p>\n<p>Tri-Team-Senioren (Mannschaft, olympisch): 2. Platz<\/p>\n<p>Stefen Wei\u00df: Total: 2:06:30, Schwimmen: 17:33 (6.), Rad: 1:04:19 (5.),Laufen: 42:35 (8.)<\/p>\n<p>Stefan Cloodt: Total: 2:07:22, Schwimmen: 17:25 (4.),Rad: 1:05:04 (7.), Laufen: 43:08 (13.)<\/p>\n<p>Andreas Langhans: Total: 2:19:16, Schwimmen: 19:19 (21.),Rad: 1:08:26 (25.), Laufen: 48:25 (33.)<\/p>\n<p>Dirk Wiegand: Total: 2:22:12, Schwimmen: 20:44 (33.), Rad: 1:23:23 (38.), Laufen: 43:51 (17.)<\/p>\n<p>Thomas S\u00e4mann (Einzeln, olympisch): Platz 4<\/p>\n<p>Evelyn Verch (Einzeln, olympisch): Platz 37<\/p>\n<p>Verena Tobert (Mannschaftsstaffel, Gruppe: )<\/p>\n","protected":false},"excerpt":{"rendered":"<p>7.5.2017 Fulda &#8211; Barockstadt-Triathlon<\/p>\n","protected":false},"author":7,"featured_media":6355,"comment_status":"open","ping_status":"open","sticky":false,"template":"","format":"standard","meta":{"colormag_page_container_layout":"default_layout","colormag_page_sidebar_layout":"default_layout","footnotes":""},"categories":[240],"tags":[193,32,237,187],"class_list":["post-6354","post","type-post","status-publish","format-standard","has-post-thumbnail","hentry","category-liga-2017","tag-andreas-langhans","tag-dirk-wiegand","tag-evelyn-verch","tag-stefan-cloodt"],"_links":{"self":[{"href":"http:\/\/www.tri-team-fuldatal.de\/index.php?rest_route=\/wp\/v2\/posts\/6354","targetHints":{"allow":["GET"]}}],"collection":[{"href":"http:\/\/www.tri-team-fuldatal.de\/index.php?rest_route=\/wp\/v2\/posts"}],"about":[{"href":"http:\/\/www.tri-team-fuldatal.de\/index.php?rest_route=\/wp\/v2\/types\/post"}],"author":[{"embeddable":true,"href":"http:\/\/www.tri-team-fuldatal.de\/index.php?rest_route=\/wp\/v2\/users\/7"}],"replies":[{"embeddable":true,"href":"http:\/\/www.tri-team-fuldatal.de\/index.php?rest_route=%2Fwp%2Fv2%2Fcomments&post=6354"}],"version-history":[{"count":1,"href":"http:\/\/www.tri-team-fuldatal.de\/index.php?rest_route=\/wp\/v2\/posts\/6354\/revisions"}],"predecessor-version":[{"id":6358,"href":"http:\/\/www.tri-team-fuldatal.de\/index.php?rest_route=\/wp\/v2\/posts\/6354\/revisions\/6358"}],"wp:featuredmedia":[{"embeddable":true,"href":"http:\/\/www.tri-team-fuldatal.de\/index.php?rest_route=\/wp\/v2\/media\/6355"}],"wp:attachment":[{"href":"http:\/\/www.tri-team-fuldatal.de\/index.php?rest_route=%2Fwp%2Fv2%2Fmedia&parent=6354"}],"wp:term":[{"taxonomy":"category","embeddable":true,"href":"http:\/\/www.tri-team-fuldatal.de\/index.php?rest_route=%2Fwp%2Fv2%2Fcategories&post=6354"},{"taxonomy":"post_tag","embeddable":true,"href":"http:\/\/www.tri-team-fuldatal.de\/index.php?rest_route=%2Fwp%2Fv2%2Ftags&post=6354"}],"curies":[{"name":"wp","href":"https:\/\/api.w.org\/{rel}","templated":true}]}}