{"id":6297,"date":"2016-10-06T22:08:37","date_gmt":"2016-10-06T21:08:37","guid":{"rendered":"http:\/\/www.tri-team-fuldatal.de\/?p=6297"},"modified":"2016-10-06T22:08:37","modified_gmt":"2016-10-06T21:08:37","slug":"agnes-stanislawski-beim-ultratrail-marathon","status":"publish","type":"post","link":"http:\/\/www.tri-team-fuldatal.de\/?p=6297","title":{"rendered":"Agnes Stanislawski beim Ultratrail-Marathon"},"content":{"rendered":"<p style=\"text-align: justify;\">\n<p style=\"text-align: justify;\"><a href=\"http:\/\/www.tri-team-fuldatal.de\/wp-content\/uploads\/2016\/10\/Clipboard01.jpg\" rel=\"attachment wp-att-6298\"><img loading=\"lazy\" decoding=\"async\" class=\" wp-image-6298 aligncenter\" src=\"http:\/\/www.tri-team-fuldatal.de\/wp-content\/uploads\/2016\/10\/Clipboard01.jpg\" alt=\"Clipboard01\" width=\"499\" height=\"372\" srcset=\"http:\/\/www.tri-team-fuldatal.de\/wp-content\/uploads\/2016\/10\/Clipboard01.jpg 662w, http:\/\/www.tri-team-fuldatal.de\/wp-content\/uploads\/2016\/10\/Clipboard01-300x224.jpg 300w\" sizes=\"auto, (max-width: 499px) 100vw, 499px\" \/><\/a><\/p>\n<p style=\"text-align: justify;\">Am Samstag gingen die Trails \u00fcber 60km und 35km mit jeweils 2500 und 1500 HM im Bayerischen Wald an den Start. Dies war auch die erste Auflage des Arberland Ultratrails in Bodenmais. Nach Verletzungspause und m\u00e4\u00dfigem Training hatte ich mich schon vor einigen Wochen gegen die 60km und f\u00fcr die 35 km Variante entschieden \u2013 sicher ist sicher ;)<\/p>\n<p style=\"text-align: justify;\">Die Strecke war sehr abwechslungsreich: kleine Steine &#8211; gro\u00dfe Steine &#8211; Riesensteine, Schotter, Asphalt, Treppen, Waldpfade, Br\u00fccken, Baumst\u00e4mme, Seen, Wasserf\u00e4lle im Wald, am Wald und auf den Berggipfeln. Bei der Auswahl der gut gekennzeichneten Strecke haben sich die Organisatoren alle M\u00fche geben. Sie soll auch besonders sch\u00f6n gewesen sein. Das wei\u00df ich allerdings nur aus \u00dcbermittlungen verl\u00e4sslicher Quellen, da ich irgendwie mit anderen Dingen besch\u00e4ftigt war J<\/p>\n<p style=\"text-align: justify;\">Als erster Trail in der L\u00e4nge hat der Wettkampf auch gezeigt, wo noch \u201eEntwicklungspotential\u201c liegt: Vor allem beim Hochklettern habe ich regelm\u00e4\u00dfig L\u00e4ngen verloren, die ich dann h\u00fcpfend wieder reinholen musste. \u00c4hnlich erging es mir bei extremen Abstiegen, die nur von Stein zu Stein \u201e\u00fcbersprungen\u201c werden konnten. Genau dabei habe ich bei Km 14 auch nach mehrmaligen Umknicken kurzzeitig gedacht, der Ausstieg drohe.Gut liefen daf\u00fcr alle \u201emoderaten\u201c An- und Abstiege, sodass ich hier Zeit und Platzierung sichern konnte.<\/p>\n<p style=\"text-align: justify;\">Am Ende hat es am Samstag mit einer Zeit von 3:53:19 zum 5. Gesamtplatz und den 1. der AK gereicht.<\/p>\n<p style=\"text-align: justify;\">Ich bin n\u00e4chstes Jahr gern wieder dabei \u2013 dann aber habe ich auch das bergauf und bergab \u201eKlettern\u201c ge\u00fcbt.<\/p>\n<p style=\"text-align: justify;\">Insgesamt ein sehr toller Wettkampf und f\u00fcr die erste Auflage auch sehr gut organisiert (ein paar mehr Informationen machen es beim n\u00e4chsten Mal noch besser) und in jedem Fall zu empfehlen.<\/p>\n","protected":false},"excerpt":{"rendered":"<p>24.09.0216 &#8211; Ultratrail Bodenmais<\/p>\n","protected":false},"author":7,"featured_media":0,"comment_status":"open","ping_status":"open","sticky":false,"template":"","format":"standard","meta":{"colormag_page_container_layout":"default_layout","colormag_page_sidebar_layout":"default_layout","footnotes":""},"categories":[229],"tags":[33],"class_list":["post-6297","post","type-post","status-publish","format-standard","hentry","category-lauf-2016","tag-agnes-stanislawski"],"_links":{"self":[{"href":"http:\/\/www.tri-team-fuldatal.de\/index.php?rest_route=\/wp\/v2\/posts\/6297","targetHints":{"allow":["GET"]}}],"collection":[{"href":"http:\/\/www.tri-team-fuldatal.de\/index.php?rest_route=\/wp\/v2\/posts"}],"about":[{"href":"http:\/\/www.tri-team-fuldatal.de\/index.php?rest_route=\/wp\/v2\/types\/post"}],"author":[{"embeddable":true,"href":"http:\/\/www.tri-team-fuldatal.de\/index.php?rest_route=\/wp\/v2\/users\/7"}],"replies":[{"embeddable":true,"href":"http:\/\/www.tri-team-fuldatal.de\/index.php?rest_route=%2Fwp%2Fv2%2Fcomments&post=6297"}],"version-history":[{"count":1,"href":"http:\/\/www.tri-team-fuldatal.de\/index.php?rest_route=\/wp\/v2\/posts\/6297\/revisions"}],"predecessor-version":[{"id":6299,"href":"http:\/\/www.tri-team-fuldatal.de\/index.php?rest_route=\/wp\/v2\/posts\/6297\/revisions\/6299"}],"wp:attachment":[{"href":"http:\/\/www.tri-team-fuldatal.de\/index.php?rest_route=%2Fwp%2Fv2%2Fmedia&parent=6297"}],"wp:term":[{"taxonomy":"category","embeddable":true,"href":"http:\/\/www.tri-team-fuldatal.de\/index.php?rest_route=%2Fwp%2Fv2%2Fcategories&post=6297"},{"taxonomy":"post_tag","embeddable":true,"href":"http:\/\/www.tri-team-fuldatal.de\/index.php?rest_route=%2Fwp%2Fv2%2Ftags&post=6297"}],"curies":[{"name":"wp","href":"https:\/\/api.w.org\/{rel}","templated":true}]}}