{"id":6161,"date":"2016-07-08T10:31:03","date_gmt":"2016-07-08T09:31:03","guid":{"rendered":"http:\/\/www.tri-team-fuldatal.de\/?p=6161"},"modified":"2016-07-08T10:31:03","modified_gmt":"2016-07-08T09:31:03","slug":"tobias-henne-hessenmeister-am-edersee","status":"publish","type":"post","link":"http:\/\/www.tri-team-fuldatal.de\/?p=6161","title":{"rendered":"Tobias Henne Hessenmeister am Edersee"},"content":{"rendered":"<h3 style=\"text-align: center;\">Henne nun auch Hessischer Meister im Triathlon<\/h3>\n<p><a href=\"http:\/\/www.tri-team-fuldatal.de\/wp-content\/uploads\/2016\/07\/Edersee_2016.jpg\" rel=\"attachment wp-att-6162\"><img loading=\"lazy\" decoding=\"async\" class=\"wp-image-6162  aligncenter\" src=\"http:\/\/www.tri-team-fuldatal.de\/wp-content\/uploads\/2016\/07\/Edersee_2016-e1467970204878-1024x1024.jpg\" alt=\"Edersee_2016\" width=\"346\" height=\"346\" srcset=\"http:\/\/www.tri-team-fuldatal.de\/wp-content\/uploads\/2016\/07\/Edersee_2016-e1467970204878-1024x1024.jpg 1024w, http:\/\/www.tri-team-fuldatal.de\/wp-content\/uploads\/2016\/07\/Edersee_2016-e1467970204878-150x150.jpg 150w, http:\/\/www.tri-team-fuldatal.de\/wp-content\/uploads\/2016\/07\/Edersee_2016-e1467970204878-300x300.jpg 300w, http:\/\/www.tri-team-fuldatal.de\/wp-content\/uploads\/2016\/07\/Edersee_2016-e1467970204878-768x768.jpg 768w, http:\/\/www.tri-team-fuldatal.de\/wp-content\/uploads\/2016\/07\/Edersee_2016-e1467970204878-36x36.jpg 36w, http:\/\/www.tri-team-fuldatal.de\/wp-content\/uploads\/2016\/07\/Edersee_2016-e1467970204878-115x115.jpg 115w\" sizes=\"auto, (max-width: 346px) 100vw, 346px\" \/><\/a><\/p>\n<p style=\"text-align: justify;\">Nur sechs Tage nach dem Deutschen Vizemeister-Titel der M40 auf der Triathlon Mitteldistanz konnte Tobias Henne vom Triathlon-Team Fuldatal auch bei den Hessischen Meisterschaften auf der olympischen Kurzdistanz den Gesamtsieg mit nach Hause nehmen.<\/p>\n<p style=\"text-align: justify;\">\nDie Hessischen Meisterschaften, die in diesem Jahr im Rahmen des 33. Edersee Triathlons in Waldeck ausgetragen wurden, waren durch heftigen Dauerregen gezeichnet. Nicht nur den Athleten, sondern auch den vielen Helfern, wurde an diesem Tag einiges abverlangt.<\/p>\n<p style=\"text-align: justify;\">\nNach 1500m schwimmen im 23\u00b0C warmen Edersee noch auf Platz 2 liegend, reduzierte Henne seinen R\u00fcckstand auf dem 42km langen Radkurs auf nur wenigen Sekunden. Auf dem abschlie\u00dfenden 10km Lauf, der aufgrund des Dauerregens eher einem Crosslauf \u00e4hnelte, k\u00f6nnte Henne seine aktuelle Laufst\u00e4rke mit einer Zeit von 37:02min voll ausspielen. Mit einer Gesamtzeit von 2:12:03h und ein Vorsprung von mehr als 3 Minuten auf Jan-Eike Kistner (WVC Kassel) siegte Henne nach 2015 zum zweiten Mal am Edersee und beschlie\u00dft mit diesem Rennen eine makellose erste Saisonh\u00e4lfte.<\/p>\n","protected":false},"excerpt":{"rendered":"<p>25.06.2016 &#8211; Waldecker Edersee Triathlon<\/p>\n","protected":false},"author":7,"featured_media":6162,"comment_status":"open","ping_status":"open","sticky":false,"template":"","format":"standard","meta":{"colormag_page_container_layout":"default_layout","colormag_page_sidebar_layout":"default_layout","footnotes":""},"categories":[230],"tags":[],"class_list":["post-6161","post","type-post","status-publish","format-standard","has-post-thumbnail","hentry","category-triathlonduathlon-2016"],"_links":{"self":[{"href":"http:\/\/www.tri-team-fuldatal.de\/index.php?rest_route=\/wp\/v2\/posts\/6161","targetHints":{"allow":["GET"]}}],"collection":[{"href":"http:\/\/www.tri-team-fuldatal.de\/index.php?rest_route=\/wp\/v2\/posts"}],"about":[{"href":"http:\/\/www.tri-team-fuldatal.de\/index.php?rest_route=\/wp\/v2\/types\/post"}],"author":[{"embeddable":true,"href":"http:\/\/www.tri-team-fuldatal.de\/index.php?rest_route=\/wp\/v2\/users\/7"}],"replies":[{"embeddable":true,"href":"http:\/\/www.tri-team-fuldatal.de\/index.php?rest_route=%2Fwp%2Fv2%2Fcomments&post=6161"}],"version-history":[{"count":1,"href":"http:\/\/www.tri-team-fuldatal.de\/index.php?rest_route=\/wp\/v2\/posts\/6161\/revisions"}],"predecessor-version":[{"id":6163,"href":"http:\/\/www.tri-team-fuldatal.de\/index.php?rest_route=\/wp\/v2\/posts\/6161\/revisions\/6163"}],"wp:featuredmedia":[{"embeddable":true,"href":"http:\/\/www.tri-team-fuldatal.de\/index.php?rest_route=\/wp\/v2\/media\/6162"}],"wp:attachment":[{"href":"http:\/\/www.tri-team-fuldatal.de\/index.php?rest_route=%2Fwp%2Fv2%2Fmedia&parent=6161"}],"wp:term":[{"taxonomy":"category","embeddable":true,"href":"http:\/\/www.tri-team-fuldatal.de\/index.php?rest_route=%2Fwp%2Fv2%2Fcategories&post=6161"},{"taxonomy":"post_tag","embeddable":true,"href":"http:\/\/www.tri-team-fuldatal.de\/index.php?rest_route=%2Fwp%2Fv2%2Ftags&post=6161"}],"curies":[{"name":"wp","href":"https:\/\/api.w.org\/{rel}","templated":true}]}}