{"id":6090,"date":"2016-06-05T20:36:04","date_gmt":"2016-06-05T19:36:04","guid":{"rendered":"http:\/\/www.tri-team-fuldatal.de\/?p=6090"},"modified":"2016-06-05T23:40:44","modified_gmt":"2016-06-05T22:40:44","slug":"erstes-ligarennen-der-senioren-in-fulda","status":"publish","type":"post","link":"http:\/\/www.tri-team-fuldatal.de\/?p=6090","title":{"rendered":"Erstes Ligarennen der Senioren in Fulda"},"content":{"rendered":"<p><a href=\"http:\/\/www.tri-team-fuldatal.de\/wp-content\/uploads\/2016\/06\/IMG_5380.jpg\" rel=\"attachment wp-att-6091\"><img loading=\"lazy\" decoding=\"async\" class=\"wp-image-6091 aligncenter\" src=\"http:\/\/www.tri-team-fuldatal.de\/wp-content\/uploads\/2016\/06\/IMG_5380-1024x768.jpg\" alt=\"IMG_5380\" width=\"387\" height=\"290\" srcset=\"http:\/\/www.tri-team-fuldatal.de\/wp-content\/uploads\/2016\/06\/IMG_5380-1024x768.jpg 1024w, http:\/\/www.tri-team-fuldatal.de\/wp-content\/uploads\/2016\/06\/IMG_5380-300x225.jpg 300w, http:\/\/www.tri-team-fuldatal.de\/wp-content\/uploads\/2016\/06\/IMG_5380-768x576.jpg 768w, http:\/\/www.tri-team-fuldatal.de\/wp-content\/uploads\/2016\/06\/IMG_5380.jpg 1600w\" sizes=\"auto, (max-width: 387px) 100vw, 387px\" \/><\/a><\/p>\n<p style=\"text-align: justify;\">Fulda &#8211; Den Saisonauftakt aller Ligen nahmen unsere M\u00e4nner der Seniorenliga beim Brockstadt-Triathlon in Fulda in Angriff. Das Team bestand aus Dirk Wiegand, Dieter Koch, Stefan Cloodt und Kapit\u00e4n Hubert Krantz. Nach einer ersten erfolgreichen Saison in der Seniorenliga war die Vorfreude auf Fulda relativ gro\u00df. Auch das Team hatte mit Dieter und Stefan zwei wirklich gute Starter mitgenommen. Zu bew\u00e4ltigen war eine Olympische Distanz mit Schwimmen im 50 Meter Becken und einer relativ flachen Rad- wie Laufstrecke.<\/p>\n<p style=\"text-align: justify;\">Beim Schwimmen lieferte Dieter die schnellste Zeit. Stefan macht gro\u00dfe Schritte in Richtung besserer Schwimmform, aber da er erst seit letztem Jahr richtig schwimmt, muss man hier noch kleinere Br\u00f6tchen backen. Hubert und Kridi gingen das Schwimmen locker an.<\/p>\n<p style=\"text-align: justify;\">Auf dem Rad konnte Stefan dann gl\u00e4nzen und sich wieder knapp an Dieter herank\u00e4mpfen. Kurz hinter Dieter ging es f\u00fcr Stefan auf die Laufstrecke, die L\u00fccke schlie\u00dfen konnte er aber nicht. Mit Gesamplatz 12 f\u00fcr Dieter und 14 f\u00fcr Stefan konnten beide sehr zufrieden sein. Da Hubert den Wettkampf leider nicht beenden konnte, lag es an Kridi nochmal ordentlich beim Laufen aufzudrehen. Nach einem eher entspannterem Radfahren gelang ihm das mit einer top Laufzeit auch wirklich gut.<\/p>\n<p style=\"text-align: justify;\">Am Ende hie\u00df es Gesamtplatz 9 von 12 Mannschaften in einer sehr gut besetzten zweiten Seniorenliga.<\/p>\n<p><a href=\"http:\/\/www.tri-team-fuldatal.de\/wp-content\/uploads\/2016\/06\/IMG_5382.jpg\" rel=\"attachment wp-att-6092\"><img loading=\"lazy\" decoding=\"async\" class=\" wp-image-6092 aligncenter\" src=\"http:\/\/www.tri-team-fuldatal.de\/wp-content\/uploads\/2016\/06\/IMG_5382-1024x1024.jpg\" alt=\"IMG_5382\" width=\"460\" height=\"460\" srcset=\"http:\/\/www.tri-team-fuldatal.de\/wp-content\/uploads\/2016\/06\/IMG_5382-1024x1024.jpg 1024w, http:\/\/www.tri-team-fuldatal.de\/wp-content\/uploads\/2016\/06\/IMG_5382-150x150.jpg 150w, http:\/\/www.tri-team-fuldatal.de\/wp-content\/uploads\/2016\/06\/IMG_5382-300x300.jpg 300w, http:\/\/www.tri-team-fuldatal.de\/wp-content\/uploads\/2016\/06\/IMG_5382-768x768.jpg 768w, http:\/\/www.tri-team-fuldatal.de\/wp-content\/uploads\/2016\/06\/IMG_5382-36x36.jpg 36w, http:\/\/www.tri-team-fuldatal.de\/wp-content\/uploads\/2016\/06\/IMG_5382-115x115.jpg 115w, http:\/\/www.tri-team-fuldatal.de\/wp-content\/uploads\/2016\/06\/IMG_5382.jpg 1200w\" sizes=\"auto, (max-width: 460px) 100vw, 460px\" \/><\/a><\/p>\n<p>&nbsp;<\/p>\n","protected":false},"excerpt":{"rendered":"<p>08.05.2016 &#8211; Barockstadt Triathlon Fulda<\/p>\n","protected":false},"author":7,"featured_media":0,"comment_status":"open","ping_status":"open","sticky":false,"template":"","format":"standard","meta":{"colormag_page_container_layout":"default_layout","colormag_page_sidebar_layout":"default_layout","footnotes":""},"categories":[231],"tags":[60,32,34,187],"class_list":["post-6090","post","type-post","status-publish","format-standard","hentry","category-liga-2016","tag-dieter-koch","tag-dirk-wiegand","tag-hubert-krantz","tag-stefan-cloodt"],"_links":{"self":[{"href":"http:\/\/www.tri-team-fuldatal.de\/index.php?rest_route=\/wp\/v2\/posts\/6090","targetHints":{"allow":["GET"]}}],"collection":[{"href":"http:\/\/www.tri-team-fuldatal.de\/index.php?rest_route=\/wp\/v2\/posts"}],"about":[{"href":"http:\/\/www.tri-team-fuldatal.de\/index.php?rest_route=\/wp\/v2\/types\/post"}],"author":[{"embeddable":true,"href":"http:\/\/www.tri-team-fuldatal.de\/index.php?rest_route=\/wp\/v2\/users\/7"}],"replies":[{"embeddable":true,"href":"http:\/\/www.tri-team-fuldatal.de\/index.php?rest_route=%2Fwp%2Fv2%2Fcomments&post=6090"}],"version-history":[{"count":1,"href":"http:\/\/www.tri-team-fuldatal.de\/index.php?rest_route=\/wp\/v2\/posts\/6090\/revisions"}],"predecessor-version":[{"id":6093,"href":"http:\/\/www.tri-team-fuldatal.de\/index.php?rest_route=\/wp\/v2\/posts\/6090\/revisions\/6093"}],"wp:attachment":[{"href":"http:\/\/www.tri-team-fuldatal.de\/index.php?rest_route=%2Fwp%2Fv2%2Fmedia&parent=6090"}],"wp:term":[{"taxonomy":"category","embeddable":true,"href":"http:\/\/www.tri-team-fuldatal.de\/index.php?rest_route=%2Fwp%2Fv2%2Fcategories&post=6090"},{"taxonomy":"post_tag","embeddable":true,"href":"http:\/\/www.tri-team-fuldatal.de\/index.php?rest_route=%2Fwp%2Fv2%2Ftags&post=6090"}],"curies":[{"name":"wp","href":"https:\/\/api.w.org\/{rel}","templated":true}]}}