{"id":5939,"date":"2009-08-23T21:03:34","date_gmt":"2009-08-23T20:03:34","guid":{"rendered":"http:\/\/www.tri-team-fuldatal.de\/?p=5939"},"modified":"2016-02-23T21:04:50","modified_gmt":"2016-02-23T20:04:50","slug":"volkslauf","status":"publish","type":"post","link":"http:\/\/www.tri-team-fuldatal.de\/?p=5939","title":{"rendered":"Volkslauf"},"content":{"rendered":"<p><span style=\"font-family: Arial;\">Nicht zu beneiden waren die wenigen Teilnehmer beim Orgalauf, dem &#8222;hei\u00dfesten Tag&#8220; des Jahres. Um 18 Uhr war Start und bei 36\u00b0C erk\u00e4mpfte Gerrit Krug \u00fcber 10km in 43:28Min. den 3. Platz der M30 und best\u00e4tigte damit auch seinen 3. Platz in der Gesamtwertung. Schon wesentlich angenehmer war es dann beim Hauptlauf. Zum Start um 9Uhr angenehme 15\u00b0C, die sich bis zum Zieleinlauf auf knapp 20\u00b0C steigerten &#8211; ideale Bedingungen also. Nach zweimonatiger Wettkampfpause war Thomas Berninger \u00fcber die 19km am Start. Zum einen,\u00a0um ein Streichergebnis\u00a0f\u00fcr den hart umk\u00e4mpften 3. Gesamtplatz in der M45 zu erhalten, zum anderen als Test f\u00fcr den Laubacher Duathlon eine Woche sp\u00e4ter. Mit der Zeit von 1:21:44h war er zufrieden, die angestrebten Punkte wurden geholt. Sven Pattyk lief ebenfalls \u00fcber die lange Strecke. Es war sein 7. Lauf und bei noch zwei ausstehenden Wettk\u00e4mpfen hat auch er die Chance, noch in die Gesamtwertung zu kommen. Nach 1:44:53h war er im Ziel. Alle Ergebnisse und die Gesamtwertung unter <\/span><a href=\"http:\/\/www.nordhessencup.de\/\"><span style=\"font-family: Arial;\">www.nordhessencup.de<\/span><\/a><\/p>\n<table width=\"404\" cellspacing=\"0\">\n<tbody>\n<tr>\n<td width=\"159\" height=\"17\"><span style=\"font-family: Arial;\">Krug, Gerrit<\/span><\/td>\n<td width=\"59\">\n<p align=\"right\"><span style=\"font-family: Arial;\">10km<\/span><\/p>\n<\/td>\n<td class=\"xl67\" align=\"right\" width=\"74\">\n<p align=\"right\"><span style=\"font-family: Arial;\">00:43:28<\/span><\/p>\n<\/td>\n<td width=\"99\">\n<p align=\"right\"><span style=\"font-family: Arial;\">3.M30<\/span><\/p>\n<\/td>\n<\/tr>\n<tr>\n<td class=\"xl63\" width=\"159\" height=\"20\"><span style=\"font-family: Arial;\">Berninger, Thomas<\/span><\/td>\n<td class=\"xl65\" width=\"59\">\n<p align=\"right\"><span style=\"font-family: Arial;\">19km<\/span><\/p>\n<\/td>\n<td class=\"xl64\" align=\"right\" width=\"74\">\n<p align=\"right\"><span style=\"font-family: Arial;\">01:21:44<\/span><\/p>\n<\/td>\n<td class=\"xl66\" width=\"99\">\n<p align=\"right\"><span style=\"font-family: Arial;\">10.M40<\/span><\/p>\n<\/td>\n<\/tr>\n<tr>\n<td class=\"xl63\" width=\"159\" height=\"20\"><span style=\"font-family: Arial;\">Patyk, Sven<\/span><\/td>\n<td class=\"xl65\" width=\"59\">\n<p align=\"right\"><span style=\"font-family: Arial;\">19km<\/span><\/p>\n<\/td>\n<td class=\"xl64\" align=\"right\" width=\"74\">\n<p align=\"right\"><span style=\"font-family: Arial;\">01:44:53<\/span><\/p>\n<\/td>\n<td class=\"xl66\" width=\"99\">\n<p align=\"right\"><span style=\"font-family: Arial;\">11.M30<\/span><\/p>\n<\/td>\n<\/tr>\n<\/tbody>\n<\/table>\n","protected":false},"excerpt":{"rendered":"<p>Breitenbach<\/p>\n","protected":false},"author":8,"featured_media":0,"comment_status":"open","ping_status":"open","sticky":false,"template":"","format":"standard","meta":{"colormag_page_container_layout":"default_layout","colormag_page_sidebar_layout":"default_layout","footnotes":""},"categories":[213],"tags":[50],"class_list":["post-5939","post","type-post","status-publish","format-standard","hentry","category-lauf-2009","tag-gerrit-krug"],"_links":{"self":[{"href":"http:\/\/www.tri-team-fuldatal.de\/index.php?rest_route=\/wp\/v2\/posts\/5939","targetHints":{"allow":["GET"]}}],"collection":[{"href":"http:\/\/www.tri-team-fuldatal.de\/index.php?rest_route=\/wp\/v2\/posts"}],"about":[{"href":"http:\/\/www.tri-team-fuldatal.de\/index.php?rest_route=\/wp\/v2\/types\/post"}],"author":[{"embeddable":true,"href":"http:\/\/www.tri-team-fuldatal.de\/index.php?rest_route=\/wp\/v2\/users\/8"}],"replies":[{"embeddable":true,"href":"http:\/\/www.tri-team-fuldatal.de\/index.php?rest_route=%2Fwp%2Fv2%2Fcomments&post=5939"}],"version-history":[{"count":1,"href":"http:\/\/www.tri-team-fuldatal.de\/index.php?rest_route=\/wp\/v2\/posts\/5939\/revisions"}],"predecessor-version":[{"id":5940,"href":"http:\/\/www.tri-team-fuldatal.de\/index.php?rest_route=\/wp\/v2\/posts\/5939\/revisions\/5940"}],"wp:attachment":[{"href":"http:\/\/www.tri-team-fuldatal.de\/index.php?rest_route=%2Fwp%2Fv2%2Fmedia&parent=5939"}],"wp:term":[{"taxonomy":"category","embeddable":true,"href":"http:\/\/www.tri-team-fuldatal.de\/index.php?rest_route=%2Fwp%2Fv2%2Fcategories&post=5939"},{"taxonomy":"post_tag","embeddable":true,"href":"http:\/\/www.tri-team-fuldatal.de\/index.php?rest_route=%2Fwp%2Fv2%2Ftags&post=5939"}],"curies":[{"name":"wp","href":"https:\/\/api.w.org\/{rel}","templated":true}]}}