{"id":5917,"date":"2009-09-19T20:48:42","date_gmt":"2009-09-19T19:48:42","guid":{"rendered":"http:\/\/www.tri-team-fuldatal.de\/?p=5917"},"modified":"2016-02-23T20:50:16","modified_gmt":"2016-02-23T19:50:16","slug":"linus-und-bert-assmy-liefen-beim-36-berlin-marathon","status":"publish","type":"post","link":"http:\/\/www.tri-team-fuldatal.de\/?p=5917","title":{"rendered":"Linus und Bert A\u00dfmy liefen beim 36. Berlin Marathon"},"content":{"rendered":"<p>Am Samstag, den 19.09. starteten im Rahmen des Real Berlin Marathons die 7-8 j\u00e4hrigen Sch\u00fcler und Sch\u00fclerinnen auf dem Gel\u00e4nde des ehemaligen Flughafens Tempelhof. \u00dcber eine Strecke von 950m gelang es Linus unter mehr als 50 Teilnehmern in seiner Alterklasse den 3. Rang zu erreichen. Weniger erfolgreich war sein Vater am darauffolgenden Tag. Die klassische Strecke \u00fcber 42,195km bew\u00e4ltigte er in 4 Std. 8 Minuten und durchlief das Brandenburger Tor als 14.989. von den insgesamt 40.900 Teilnehmern, begleitet von \u00fcber 1 Millionen begeisterten Zuschauern.<\/p>\n<p>&nbsp;<\/p>\n<table width=\"516\" cellspacing=\"0\">\n<tbody>\n<tr>\n<td class=\"xl64\" width=\"158\" height=\"21\"><span style=\"font-family: Arial;\">A\u00dfmy, Linus<\/span><\/td>\n<td class=\"xl65\" width=\"60\">\n<p align=\"right\"><span style=\"font-family: Arial;\">950m<\/span><\/p>\n<\/td>\n<td class=\"xl66\" width=\"74\">\n<p align=\"right\"><span style=\"font-family: Arial;\">\u00a0<\/span><\/p>\n<\/td>\n<td class=\"xl67\" width=\"99\">\n<p align=\"right\"><span style=\"font-family: Arial;\">\u00a0<\/span><\/p>\n<\/td>\n<td class=\"xl68\" width=\"109\">\n<p align=\"right\"><span style=\"font-family: Arial;\">3.Gesamt<\/span><\/p>\n<\/td>\n<\/tr>\n<tr>\n<td class=\"xl64\" width=\"158\" height=\"21\"><span style=\"font-family: Arial;\">A\u00dfmy, Bert<\/span><\/td>\n<td class=\"xl65\" width=\"60\">\n<p align=\"right\"><span style=\"font-family: Arial;\">42km<\/span><\/p>\n<\/td>\n<td class=\"xl66\" align=\"right\" width=\"74\">\n<p align=\"right\"><span style=\"font-family: Arial;\">04:08:18<\/span><\/p>\n<\/td>\n<td class=\"xl68\" width=\"99\">\n<p align=\"right\"><span style=\"font-family: Arial;\">2755. M45<\/span><\/p>\n<\/td>\n<td class=\"xl68\" width=\"109\">\n<p align=\"right\"><span style=\"font-family: Arial;\">14989.Gesamt<\/span><\/p>\n<\/td>\n<\/tr>\n<\/tbody>\n<\/table>\n<p>&nbsp;<\/p>\n<p>&nbsp;<\/p>\n","protected":false},"excerpt":{"rendered":"<p>Berlin<\/p>\n","protected":false},"author":8,"featured_media":0,"comment_status":"open","ping_status":"open","sticky":false,"template":"","format":"standard","meta":{"colormag_page_container_layout":"default_layout","colormag_page_sidebar_layout":"default_layout","footnotes":""},"categories":[213],"tags":[5],"class_list":["post-5917","post","type-post","status-publish","format-standard","hentry","category-lauf-2009","tag-bert-assmy"],"_links":{"self":[{"href":"http:\/\/www.tri-team-fuldatal.de\/index.php?rest_route=\/wp\/v2\/posts\/5917","targetHints":{"allow":["GET"]}}],"collection":[{"href":"http:\/\/www.tri-team-fuldatal.de\/index.php?rest_route=\/wp\/v2\/posts"}],"about":[{"href":"http:\/\/www.tri-team-fuldatal.de\/index.php?rest_route=\/wp\/v2\/types\/post"}],"author":[{"embeddable":true,"href":"http:\/\/www.tri-team-fuldatal.de\/index.php?rest_route=\/wp\/v2\/users\/8"}],"replies":[{"embeddable":true,"href":"http:\/\/www.tri-team-fuldatal.de\/index.php?rest_route=%2Fwp%2Fv2%2Fcomments&post=5917"}],"version-history":[{"count":2,"href":"http:\/\/www.tri-team-fuldatal.de\/index.php?rest_route=\/wp\/v2\/posts\/5917\/revisions"}],"predecessor-version":[{"id":5919,"href":"http:\/\/www.tri-team-fuldatal.de\/index.php?rest_route=\/wp\/v2\/posts\/5917\/revisions\/5919"}],"wp:attachment":[{"href":"http:\/\/www.tri-team-fuldatal.de\/index.php?rest_route=%2Fwp%2Fv2%2Fmedia&parent=5917"}],"wp:term":[{"taxonomy":"category","embeddable":true,"href":"http:\/\/www.tri-team-fuldatal.de\/index.php?rest_route=%2Fwp%2Fv2%2Fcategories&post=5917"},{"taxonomy":"post_tag","embeddable":true,"href":"http:\/\/www.tri-team-fuldatal.de\/index.php?rest_route=%2Fwp%2Fv2%2Ftags&post=5917"}],"curies":[{"name":"wp","href":"https:\/\/api.w.org\/{rel}","templated":true}]}}