{"id":5878,"date":"2009-08-16T19:50:27","date_gmt":"2009-08-16T18:50:27","guid":{"rendered":"http:\/\/www.tri-team-fuldatal.de\/?p=5878"},"modified":"2016-02-23T21:30:41","modified_gmt":"2016-02-23T20:30:41","slug":"vattenfall-cyclassics-bert-assmy-und-gerrit-krug-mit-ueber-20000-am-start","status":"publish","type":"post","link":"http:\/\/www.tri-team-fuldatal.de\/?p=5878","title":{"rendered":"Vattenfall Cyclassics \u2013 Bert Assmy und Gerrit Krug mit \u00fcber 20000 am Start"},"content":{"rendered":"<p>Der Virus \u201eHamburg Cyclassics\u201c, die gr\u00f6\u00dfte Jedermannveranstaltung f\u00fcr Radrennfahrer Deutschlands, hat Bert Assmy 2007 gepackt. Seit diesem Jahr, als er f\u00fcr das damalige Team Alpecin am Start war, geh\u00f6rt er zu den Stammstartern in Hamburg.<br \/>\nErstmalig am Start aus unseren Reihen war Gerrit Krug, der sich genai wie Bert f\u00fcr die 100km-Runde entschieden hatte.<br \/>\nUnd auch dieses Jahr war es wie immer: ein unheimlich nerv\u00f6ses Starterfeld, hektisches Geschrei aus allen Richtungen und ein sehr hohes Tempo pr\u00e4gten das Rennen.<br \/>\nUnd doch gab es einen Unterschied zu den Vorjahren: auch wenn es w\u00e4hrend des Rennens nicht den Anschein hatte, wurde aus unerkl\u00e4rlichen Gr\u00fcnden langsamer gefahren. Am Ende bedeutete dies eine um 10min langsamere Fahrzeit des kompletten Feldes im Vergleich zu 2008.<br \/>\nBert kam mit der Spitze ins Ziel und platzierte sich weit im vorderen Feld, und auch Gerrit kam gut klar und schlug sich mit einer Zeit von 02:46h mehr als achtbar.<\/p>\n<table width=\"506\" cellspacing=\"0\">\n<tbody>\n<tr>\n<td class=\"xl65\" width=\"158\" height=\"21\"><span style=\"font-family: Arial;\">A\u00dfmy, Bert<\/span><\/td>\n<td class=\"xl67\" width=\"59\">\n<p align=\"right\"><span style=\"font-family: Arial;\">100km<\/span><\/p>\n<\/td>\n<td class=\"xl68\" align=\"right\" width=\"74\">\n<p align=\"right\"><span style=\"font-family: Arial;\">02:35:55<\/span><\/p>\n<\/td>\n<td class=\"xl66\" width=\"99\">\n<p align=\"right\"><span style=\"font-family: Arial;\">133.Sen2<\/span><\/p>\n<\/td>\n<td class=\"xl66\" width=\"100\">\n<p align=\"right\"><span style=\"font-family: Arial;\">345.Gesamt<\/span><\/p>\n<\/td>\n<\/tr>\n<tr>\n<td class=\"xl65\" width=\"158\" height=\"21\"><span style=\"font-family: Arial;\">Krug, Gerrit<\/span><\/td>\n<td class=\"xl67\" width=\"59\">\n<p align=\"right\"><span style=\"font-family: Arial;\">100km<\/span><\/p>\n<\/td>\n<td class=\"xl68\" align=\"right\" width=\"74\">\n<p align=\"right\"><span style=\"font-family: Arial;\">02:46:01<\/span><\/p>\n<\/td>\n<td class=\"xl66\" width=\"99\">\n<p align=\"right\"><span style=\"font-family: Arial;\">573.Sen1<\/span><\/p>\n<\/td>\n<td class=\"xl66\" width=\"100\">\n<p align=\"right\"><span style=\"font-family: Arial;\">1621.Gesamt<\/span><\/p>\n<\/td>\n<\/tr>\n<\/tbody>\n<\/table>\n<div class=\"mceTemp\"><\/div>\n<figure id=\"attachment_5879\" aria-describedby=\"caption-attachment-5879\" style=\"width: 205px\" class=\"wp-caption alignnone\"><a href=\"http:\/\/www.tri-team-fuldatal.de\/wp-content\/uploads\/2016\/02\/20090816_Hamburg.jpg\" rel=\"attachment wp-att-5879\"><img loading=\"lazy\" decoding=\"async\" class=\"size-medium wp-image-5879\" src=\"http:\/\/www.tri-team-fuldatal.de\/wp-content\/uploads\/2016\/02\/20090816_Hamburg-205x300.jpg\" alt=\"Bert Assmy\" width=\"205\" height=\"300\" srcset=\"http:\/\/www.tri-team-fuldatal.de\/wp-content\/uploads\/2016\/02\/20090816_Hamburg-205x300.jpg 205w, http:\/\/www.tri-team-fuldatal.de\/wp-content\/uploads\/2016\/02\/20090816_Hamburg.jpg 600w\" sizes=\"auto, (max-width: 205px) 100vw, 205px\" \/><\/a><figcaption id=\"caption-attachment-5879\" class=\"wp-caption-text\">Bert Assmy<\/figcaption><\/figure>\n","protected":false},"excerpt":{"rendered":"<p>Hamburg<\/p>\n","protected":false},"author":8,"featured_media":5879,"comment_status":"open","ping_status":"open","sticky":false,"template":"","format":"standard","meta":{"colormag_page_container_layout":"default_layout","colormag_page_sidebar_layout":"default_layout","footnotes":""},"categories":[212],"tags":[5,50],"class_list":["post-5878","post","type-post","status-publish","format-standard","has-post-thumbnail","hentry","category-rad-2009","tag-bert-assmy","tag-gerrit-krug"],"_links":{"self":[{"href":"http:\/\/www.tri-team-fuldatal.de\/index.php?rest_route=\/wp\/v2\/posts\/5878","targetHints":{"allow":["GET"]}}],"collection":[{"href":"http:\/\/www.tri-team-fuldatal.de\/index.php?rest_route=\/wp\/v2\/posts"}],"about":[{"href":"http:\/\/www.tri-team-fuldatal.de\/index.php?rest_route=\/wp\/v2\/types\/post"}],"author":[{"embeddable":true,"href":"http:\/\/www.tri-team-fuldatal.de\/index.php?rest_route=\/wp\/v2\/users\/8"}],"replies":[{"embeddable":true,"href":"http:\/\/www.tri-team-fuldatal.de\/index.php?rest_route=%2Fwp%2Fv2%2Fcomments&post=5878"}],"version-history":[{"count":3,"href":"http:\/\/www.tri-team-fuldatal.de\/index.php?rest_route=\/wp\/v2\/posts\/5878\/revisions"}],"predecessor-version":[{"id":5968,"href":"http:\/\/www.tri-team-fuldatal.de\/index.php?rest_route=\/wp\/v2\/posts\/5878\/revisions\/5968"}],"wp:featuredmedia":[{"embeddable":true,"href":"http:\/\/www.tri-team-fuldatal.de\/index.php?rest_route=\/wp\/v2\/media\/5879"}],"wp:attachment":[{"href":"http:\/\/www.tri-team-fuldatal.de\/index.php?rest_route=%2Fwp%2Fv2%2Fmedia&parent=5878"}],"wp:term":[{"taxonomy":"category","embeddable":true,"href":"http:\/\/www.tri-team-fuldatal.de\/index.php?rest_route=%2Fwp%2Fv2%2Fcategories&post=5878"},{"taxonomy":"post_tag","embeddable":true,"href":"http:\/\/www.tri-team-fuldatal.de\/index.php?rest_route=%2Fwp%2Fv2%2Ftags&post=5878"}],"curies":[{"name":"wp","href":"https:\/\/api.w.org\/{rel}","templated":true}]}}