{"id":5868,"date":"2009-04-19T19:37:07","date_gmt":"2009-04-19T18:37:07","guid":{"rendered":"http:\/\/www.tri-team-fuldatal.de\/?p=5868"},"modified":"2016-02-22T19:38:50","modified_gmt":"2016-02-22T18:38:50","slug":"powerman-duathlon","status":"publish","type":"post","link":"http:\/\/www.tri-team-fuldatal.de\/?p=5868","title":{"rendered":"Powerman Duathlon"},"content":{"rendered":"<p>Schon zum 2. Mal trafen sich Herbert B\u00fcrgel, Rolf Grebe (beide LG Fuldatal) und Bert A\u00dfmy zu einem gemeinsamen Duathlonwettkampf. Begonnen hatte dieses sparten\u00fcbergreifende Treffen vor zwei Jahren in Laubach bei Gie\u00dfen, wo Herbert sich in die Liste der Hessenmeister eintragen konnte. Diesmal ging die Fahrt nach Horst in die Niederlande zur Europameisterschaft im Duathlon. Die Strecke war flach jedoch von recht starkem Wind gepr\u00e4gt. Das internationale Feld war mit sehr guten Athleten besetzt und somit fanden sich am Ende der 10km Laufen, 60km Radfahren und abschlie\u00dfend 7,5km Laufen die Fuldataler Vertreter im hinteren Drittel der Ergebnistabelle wieder. Dennoch war es eine wertvolle Erfahrung, an einem solchem renommierten Event teilnehmen zu k\u00f6nnen.<\/p>\n<table cellspacing=\"0\">\n<tbody>\n<tr>\n<td class=\"xl66\" width=\"160\" height=\"21\"><span style=\"font-family: Arial;\">A\u00dfmy, Bert<\/span><\/td>\n<td class=\"xl65\" width=\"75\"><span style=\"font-family: Arial;\">10\/60\/7,7<\/span><\/td>\n<td class=\"xl68\" width=\"75\">\n<p align=\"right\"><span style=\"font-family: Arial;\">03:40:32<\/span><\/p>\n<\/td>\n<td class=\"xl69\" width=\"100\">\n<p align=\"right\"><span style=\"font-family: Arial;\">31. M45<\/span><\/p>\n<\/td>\n<\/tr>\n<tr>\n<td class=\"xl66\" height=\"21\"><span style=\"font-family: Arial;\">B\u00fcrgel, Herbert<\/span><\/td>\n<td class=\"xl65\"><span style=\"font-family: Arial;\">10\/60\/7,5<\/span><\/td>\n<td class=\"xl68\">\n<p align=\"right\"><span style=\"font-family: Arial;\">04:01:30<\/span><\/p>\n<\/td>\n<td class=\"xl69\">\n<p align=\"right\"><span style=\"font-family: Arial;\">8. M60<\/span><\/p>\n<\/td>\n<\/tr>\n<tr>\n<td class=\"xl66\" height=\"21\"><span style=\"font-family: Arial;\">Grebe, Rolf<\/span><\/td>\n<td class=\"xl65\"><span style=\"font-family: Arial;\">10\/60\/7,6<\/span><\/td>\n<td class=\"xl68\">\n<p align=\"right\"><span style=\"font-family: Arial;\">04:02:39<\/span><\/p>\n<\/td>\n<td class=\"xl69\">\n<p align=\"right\"><span style=\"font-family: Arial;\">48. M45<\/span><\/p>\n<\/td>\n<\/tr>\n<\/tbody>\n<\/table>\n","protected":false},"excerpt":{"rendered":"<p>Horst (NL)<\/p>\n","protected":false},"author":8,"featured_media":0,"comment_status":"open","ping_status":"open","sticky":false,"template":"","format":"standard","meta":{"colormag_page_container_layout":"default_layout","colormag_page_sidebar_layout":"default_layout","footnotes":""},"categories":[211],"tags":[5],"class_list":["post-5868","post","type-post","status-publish","format-standard","hentry","category-triathlonduathlon-2009","tag-bert-assmy"],"_links":{"self":[{"href":"http:\/\/www.tri-team-fuldatal.de\/index.php?rest_route=\/wp\/v2\/posts\/5868","targetHints":{"allow":["GET"]}}],"collection":[{"href":"http:\/\/www.tri-team-fuldatal.de\/index.php?rest_route=\/wp\/v2\/posts"}],"about":[{"href":"http:\/\/www.tri-team-fuldatal.de\/index.php?rest_route=\/wp\/v2\/types\/post"}],"author":[{"embeddable":true,"href":"http:\/\/www.tri-team-fuldatal.de\/index.php?rest_route=\/wp\/v2\/users\/8"}],"replies":[{"embeddable":true,"href":"http:\/\/www.tri-team-fuldatal.de\/index.php?rest_route=%2Fwp%2Fv2%2Fcomments&post=5868"}],"version-history":[{"count":1,"href":"http:\/\/www.tri-team-fuldatal.de\/index.php?rest_route=\/wp\/v2\/posts\/5868\/revisions"}],"predecessor-version":[{"id":5869,"href":"http:\/\/www.tri-team-fuldatal.de\/index.php?rest_route=\/wp\/v2\/posts\/5868\/revisions\/5869"}],"wp:attachment":[{"href":"http:\/\/www.tri-team-fuldatal.de\/index.php?rest_route=%2Fwp%2Fv2%2Fmedia&parent=5868"}],"wp:term":[{"taxonomy":"category","embeddable":true,"href":"http:\/\/www.tri-team-fuldatal.de\/index.php?rest_route=%2Fwp%2Fv2%2Fcategories&post=5868"},{"taxonomy":"post_tag","embeddable":true,"href":"http:\/\/www.tri-team-fuldatal.de\/index.php?rest_route=%2Fwp%2Fv2%2Ftags&post=5868"}],"curies":[{"name":"wp","href":"https:\/\/api.w.org\/{rel}","templated":true}]}}