{"id":5835,"date":"2009-05-30T19:13:45","date_gmt":"2009-05-30T18:13:45","guid":{"rendered":"http:\/\/www.tri-team-fuldatal.de\/?p=5835"},"modified":"2016-02-22T19:19:50","modified_gmt":"2016-02-22T18:19:50","slug":"ederauentriathlon-am-30-05-2009-3-in-1-ligaauftakt-der-1-hessenligen-und-starts-in-der-offenen-klasse","status":"publish","type":"post","link":"http:\/\/www.tri-team-fuldatal.de\/?p=5835","title":{"rendered":"Ederauentriathlon 3 in 1 &#8211; Ligaauftakt der 1. Hessenligen und Starts in der Offenen Klasse"},"content":{"rendered":"<p><strong>Das Herrenrennen<\/strong><\/p>\n<p><u>Gelungener Start in die Saison &#8211; 7. Platz f\u00fcr die Herrenmannschaft in der 1. Hessenliga<\/u><\/p>\n<p>Ein Mannschaftsrennen zum Aufw\u00e4rmen. Mit dieser Aufgabe starteten im nordhessischen Fritzlar Patrick, Thomas, Oliver, J\u00fcrgen und Marco in die 2009\u00b4er Ligasaison. Im Quintet schwammen unsere Jungs der 1. Hessenliga 750m im Fritzlarer Freibad, wobei J\u00fcrgen, der kurzfristig f\u00fcr den verletzten Markus zur Mannschaft gekommen war, \u00fcber sich hinaus wuchs. Im Schwimmschatten von Marco und Patrick komplettierte er das Team, das damit geschlossen auf die Radstrecke ging.<br \/>\nDort zeigte Oliver seine St\u00e4rke, in dem er das Team an den Abfahrten und Flachst\u00fccken antrieb. Unterst\u00fctzt wurde er dabei vom Rest der Mannschaft, die im Verlauf der Radstrecke immer eingespielter wurde und Fahrt aufnahm.<br \/>\nNach einem schnellen zweiten Wechsel ging die Mannschaft wiederum angef\u00fchrt von Oliver und Marco auf die Laufstrecke. In Sichtweite zur Konkurrenz, die in zwei Startgruppen auf die Strecke geschickt wurde, machte nun auch J\u00fcrgen mit Tempo, der hier seine st\u00e4rkste Disziplin fand. Als vierter Starter war es an Patrick, die abschlie\u00dfende 5km Strecke mit den drei Mannschaftskameraden zu meistern. Thomas musste auf der Laufstrecke abrei\u00dfen lassen und finishte nur wenige Sekunden hinter dem Team.<br \/>\nNach langem Warten wurde das Ergebnis mit einem 7. Mannschaftsplatz bekannt gegeben. Das Tri- Team startete damit besser in die Saison als in den Jahren zuvor und l\u00e4sst mit den ausgewogenen Startern der Saison 2009 auf weitere tolle Wettk\u00e4mpfe hoffen.<\/p>\n<p><strong>Das Damenrennen<\/strong><\/p>\n<ol>\n<li><u> Station Ederauen<\/u><\/li>\n<\/ol>\n<p>Mit guten Platzierungen kehrten die Fuldataler Damenteams vom Fritzlarer Mannschaftssprint zur\u00fcck. Dabei lag das zweite Team mit Platz 8 von 16 gemeldeten Mannschaften noch zwei Pl\u00e4tze vor dem Team 1. Insgesamt lieferten beide Teams eine ausgeglichene Leistung ab, die von den Trainingseindr\u00fccken her so nicht zu erwarten waren. Gewonnen hat das Team aus Darmstadt vor Wetterau und Frankfurt. Mit Arheilgen, Kronberg, Bruchk\u00f6bel und Ro\u00dfdorf plazierten sich weitere s\u00fcdhessische Teams vor unseren Damen. Die gro\u00dfe Leistungsdichte der s\u00fcdhessischen Vereine wurde sehr deutlich.<\/p>\n<p>F\u00fcr Team 2 starteten Agnes Stanislawski, Yvonne Dippel, Salvatrice Plantera und Nina Bachmann. Nina \u00fcbernahm beim Schwimmen die komplette F\u00fchrungsarbeit, w\u00e4hrend die anderen drei im Schwimmschatten einige Kr\u00e4fte sparen konnten. Belohnt wurde dies mit guten 14:39min f\u00fcr die 750m Schwimmen im Ederauen Freibad. Team 1 setzte sich aus Sibyle Arc, Jutta Schang-Schild, Petra Schildw\u00e4chter und Anna-Lena Mattheis zusammen. Bei den gemeinsamen Trainingseinheiten zeigte sich der einzelne Leistungsstand und Anna-Lena schwamm vorweg. Die drei \u00fcbrigen so schnell sie konnten hinterher. Die Schwimmzeit lag knapp \u00fcber 17min. Man wu\u00dfte, wenn \u00fcberhaupt m\u00f6glich, dann w\u00fcrde auf dem Rad und zu Fu\u00df der Vorsprung auf schnellere Teams verk\u00fcrzt werden k\u00f6nnen. Einen derben R\u00fcckschlag erhielt das Team jedoch, als Sibyle kurz nach dem Beginn des Radfahrens disqualifiziert wurde, weil sie eine Markierungslinie \u00fcberfahren hatte. W\u00e4hrend Team 2 bereits seit einigen Minuten auf der Radstrecke war und sich ein Duell \u00fcber die gesamte Radstrecke hinweg mit dem Team aus Braunfels lieferte, wurde im Team 1 sofort reagiert und sie fuhren zu dritt weiter. Hier \u00fcbernahm Petra als ausgesprochen starke Radfahrerin jetzt die F\u00fchrung und brachte ihr Team immer n\u00e4her an Team 2 heran. Und das zu dritt!! Im Team 2 konnten sich vier Damen in der F\u00fchrungsarbeit abwechseln. Jede machte auf der schweren und bergigen Strecke in den Teilst\u00fccken, wo sie besonders gut fahren konnte, das Tempo. Nach 20 km kamen beide Teams fast gleichzeitig zur\u00fcck, um auf die Laufstrecke zu gehen. Mit einem kleinen Vorsprung von wenigen Metern ging Team 2 dicht gefolgt von den Braunfelser Damen und Team 1 auf die Laufstrecke. Hier gaben alle Damen jetzt richtig Gas. Meter um Meter wurden die Braunfelser Damen distanziert und auch Team 1 zog an ihnen vorbei. Auf den zwei flachen Laufrunden, die zusammen 5km lang sind, profitierte jetzt das Team 2 davon, dass sie bis hierhin zu viert waren und etwas frischer als Team 1. Die Aufholjagd auf dem Rad und zu dritt hat dem Team 1 doch viel Kraft gekostet und man konnte nicht mehr ganz dem Team 2 folgen. Im Team 2 wurde Salva von Agnes und Yvonne ins Ziel auf den 8. Platz &#8222;geschoben&#8220;. Jutta gab im Team 1 den Laufton an und es wurde der 10. Teamplatz erreicht. Schade war, dass man das Team aus Fulda, das im Endergebnis zwischen unseren beiden Teams liegt, nicht auf der Strecke gesehen hat, weil es in der ersten Startgruppe war. Vielleicht w\u00e4ren die 8 Sekunden noch machbar gewesen. Sehr zufrieden zeigte sich Damensprecherin Salvatrice Plantera mit all ihren Damen: &#8222;Die M\u00e4dels haben toll gek\u00e4mpft und in kritischen Situationen schnell und richtig als Team reagiert. Und ausserdem hat es noch riesigen Spa\u00df gemacht!&#8220; Unter dem Strich sind von beiden Teams gute Ausgangpositionen f\u00fcr die \u00fcbrigen drei Ligawettk\u00e4mpfe erzielt worden. Nach einer kurzen Erholungspause beginnt dann die Vorbereitung auf den zweiten Ligawettkampf Mitte Juli am Edersee. Wettkampfform wird die klassische Kurzdistanz sein. Wenn man sich genauso konzentriert vorbereitet und die Damen vom Ausfallpech verschont bleiben, dann kann man auf die Endplazierung gespannt sein.<\/p>\n<p><strong>Die Offene Klasse<\/strong><\/p>\n<p><u>Alterklassensiege f\u00fcr Forna\u00e7on und Krug, Podestplatz f\u00fcr Langlotz<\/u><\/p>\n<p>In der Offenen Klasse starteten acht Fuldataler. Mit der schnellsten Tri- Team Zeit erreichte Manuel Langlotz bei seinem ersten Triathlon das Ziel auf dem 2. Gesamtplatz. Er ist kurzfristig auf diesem Startplatz eingesprungen und machte, wie gefordert, das Beste daraus. Seine Platzierung sicherte er sich mit einer tollen Laufleistung von 17 Minuten und 31 Sekunden auf der 5km Strecke, nachdem er die Schwimm- und Radstrecke mit einer \u00fcberzeugenden Einzelleistung bew\u00e4ltigte. Gerrit Krug erreichte das Ziel wenige Minuten hinter Manuel. Er zeigte konstante Leistungen in allen drei Teildisziplinen und sicherte sich so den 1. Platz in der AK 30, dicht gefolgt von Mirco Gerke auf dem 2. Platz der selben Altersklasse. Auf Platz 4, 5 und 11 ihrer Altersklassen komplettierten Marc Peter, Stefen Wei\u00df und Helmut Goerz die Herrenstarter.<\/p>\n<p>Bei den Damen starten Jana Rademacher und Maren Forna\u00e7on in der Offenen Klasse. Jana belegte einen sehr guten 2. Platz in der AK 30 und einen 7. Gesamtplatz. Maren kam ihrerseits, nur kurze Zeit sp\u00e4ter das Ziel erreichend, auf den 1. Platz der AK 20 und den 11. Gesamtplatz. Auch Maren ist kurzfristig eingesprungen und freute sich daher um so mehr \u00fcber das gute Finish und die Platzierung.<\/p>\n<table width=\"759\" cellspacing=\"0\">\n<tbody>\n<tr>\n<td width=\"159\" height=\"20\"><span style=\"font-family: Arial;\">Langlotz, Manuel<\/span><\/td>\n<td class=\"xl67\" width=\"75\">\n<p align=\"center\"><span style=\"font-family: Arial;\">0,5\/20\/5<\/span><\/p>\n<\/td>\n<td class=\"xl66\" align=\"right\" width=\"75\"><span style=\"font-family: Arial;\">00:08:50<\/span><\/td>\n<td class=\"xl66\" align=\"right\" width=\"75\"><span style=\"font-family: Arial;\">00:39:00<\/span><\/td>\n<td class=\"xl66\" align=\"right\" width=\"75\"><span style=\"font-family: Arial;\">00:17:31<\/span><\/td>\n<td class=\"xl66\" align=\"right\" width=\"75\"><span style=\"font-family: Arial;\">01:05:21<\/span><\/td>\n<td class=\"xl65\" width=\"100\">\n<p align=\"right\"><span style=\"font-family: Arial;\">2.M20<\/span><\/p>\n<\/td>\n<td class=\"xl65\" width=\"100\">\n<p align=\"right\"><span style=\"font-family: Arial;\">2.Gesamt<\/span><\/p>\n<\/td>\n<\/tr>\n<tr>\n<td width=\"159\" height=\"20\"><span style=\"font-family: Arial;\">Krug, Gerrit<\/span><\/td>\n<td class=\"xl67\" width=\"75\">\n<p align=\"center\"><span style=\"font-family: Arial;\">0,5\/20\/5<\/span><\/p>\n<\/td>\n<td class=\"xl66\" align=\"right\" width=\"75\"><span style=\"font-family: Arial;\">00:08:22<\/span><\/td>\n<td class=\"xl66\" align=\"right\" width=\"75\"><span style=\"font-family: Arial;\">00:42:37<\/span><\/td>\n<td class=\"xl66\" align=\"right\" width=\"75\"><span style=\"font-family: Arial;\">00:21:32<\/span><\/td>\n<td class=\"xl66\" align=\"right\" width=\"75\"><span style=\"font-family: Arial;\">01:12:32<\/span><\/td>\n<td class=\"xl65\" width=\"100\">\n<p align=\"right\"><span style=\"font-family: Arial;\">1.M30<\/span><\/p>\n<\/td>\n<td class=\"xl65\" width=\"100\">\n<p align=\"right\"><span style=\"font-family: Arial;\">17.Gesamt<\/span><\/p>\n<\/td>\n<\/tr>\n<tr>\n<td width=\"159\" height=\"20\"><span style=\"font-family: Arial;\">Gerke, Mirco<\/span><\/td>\n<td class=\"xl67\" width=\"75\">\n<p align=\"center\"><span style=\"font-family: Arial;\">0,5\/20\/5<\/span><\/p>\n<\/td>\n<td class=\"xl66\" align=\"right\" width=\"75\"><span style=\"font-family: Arial;\">00:08:43<\/span><\/td>\n<td class=\"xl66\" align=\"right\" width=\"75\"><span style=\"font-family: Arial;\">00:43:28<\/span><\/td>\n<td class=\"xl66\" align=\"right\" width=\"75\"><span style=\"font-family: Arial;\">00:21:23<\/span><\/td>\n<td class=\"xl66\" align=\"right\" width=\"75\"><span style=\"font-family: Arial;\">01:13:35<\/span><\/td>\n<td class=\"xl65\" width=\"100\">\n<p align=\"right\"><span style=\"font-family: Arial;\">2.M30<\/span><\/p>\n<\/td>\n<td class=\"xl65\" width=\"100\">\n<p align=\"right\"><span style=\"font-family: Arial;\">19.Gesamt<\/span><\/p>\n<\/td>\n<\/tr>\n<tr>\n<td width=\"159\" height=\"20\"><span style=\"font-family: Arial;\">Peter, Marc<\/span><\/td>\n<td class=\"xl67\" width=\"75\">\n<p align=\"center\"><span style=\"font-family: Arial;\">0,5\/20\/5<\/span><\/p>\n<\/td>\n<td class=\"xl66\" align=\"right\" width=\"75\"><span style=\"font-family: Arial;\">00:09:54<\/span><\/td>\n<td class=\"xl66\" align=\"right\" width=\"75\"><span style=\"font-family: Arial;\">00:46:56<\/span><\/td>\n<td class=\"xl66\" align=\"right\" width=\"75\"><span style=\"font-family: Arial;\">00:20:37<\/span><\/td>\n<td class=\"xl66\" align=\"right\" width=\"75\"><span style=\"font-family: Arial;\">01:17:29<\/span><\/td>\n<td class=\"xl65\" width=\"100\">\n<p align=\"right\"><span style=\"font-family: Arial;\">4.M30<\/span><\/p>\n<\/td>\n<td class=\"xl65\" width=\"100\">\n<p align=\"right\"><span style=\"font-family: Arial;\">31.Gesamt<\/span><\/p>\n<\/td>\n<\/tr>\n<tr>\n<td width=\"159\" height=\"20\"><span style=\"font-family: Arial;\">Wei\u00df, Stefen<\/span><\/td>\n<td class=\"xl67\" width=\"75\">\n<p align=\"center\"><span style=\"font-family: Arial;\">0,5\/20\/5<\/span><\/p>\n<\/td>\n<td class=\"xl66\" align=\"right\" width=\"75\"><span style=\"font-family: Arial;\">00:11:19<\/span><\/td>\n<td class=\"xl66\" align=\"right\" width=\"75\"><span style=\"font-family: Arial;\">00:43:36<\/span><\/td>\n<td class=\"xl66\" align=\"right\" width=\"75\"><span style=\"font-family: Arial;\">00:23:10<\/span><\/td>\n<td class=\"xl66\" align=\"right\" width=\"75\"><span style=\"font-family: Arial;\">01:18:06<\/span><\/td>\n<td class=\"xl65\" width=\"100\">\n<p align=\"right\"><span style=\"font-family: Arial;\">5.M45<\/span><\/p>\n<\/td>\n<td class=\"xl65\" width=\"100\">\n<p align=\"right\"><span style=\"font-family: Arial;\">33.Gesamt<\/span><\/p>\n<\/td>\n<\/tr>\n<tr>\n<td width=\"159\" height=\"20\"><span style=\"font-family: Arial;\">Goerz, Helmut<\/span><\/td>\n<td class=\"xl67\" width=\"75\">\n<p align=\"center\"><span style=\"font-family: Arial;\">0,5\/20\/5<\/span><\/p>\n<\/td>\n<td class=\"xl66\" align=\"right\" width=\"75\"><span style=\"font-family: Arial;\">00:13:48<\/span><\/td>\n<td class=\"xl66\" align=\"right\" width=\"75\"><span style=\"font-family: Arial;\">00:50:06<\/span><\/td>\n<td class=\"xl66\" align=\"right\" width=\"75\"><span style=\"font-family: Arial;\">00:23:47<\/span><\/td>\n<td class=\"xl66\" align=\"right\" width=\"75\"><span style=\"font-family: Arial;\">01:27:42<\/span><\/td>\n<td class=\"xl65\" width=\"100\">\n<p align=\"right\"><span style=\"font-family: Arial;\">11.M45<\/span><\/p>\n<\/td>\n<td class=\"xl65\" width=\"100\">\n<p align=\"right\"><span style=\"font-family: Arial;\">69.Gesamt<\/span><\/p>\n<\/td>\n<\/tr>\n<tr>\n<td width=\"159\" height=\"20\"><span style=\"font-family: Arial;\">Rademacher, Jana<\/span><\/td>\n<td class=\"xl67\" width=\"75\">\n<p align=\"center\"><span style=\"font-family: Arial;\">0,5\/20\/5<\/span><\/p>\n<\/td>\n<td class=\"xl66\" align=\"right\" width=\"75\"><span style=\"font-family: Arial;\">00:12:52<\/span><\/td>\n<td class=\"xl66\" align=\"right\" width=\"75\"><span style=\"font-family: Arial;\">00:47:59<\/span><\/td>\n<td class=\"xl66\" align=\"right\" width=\"75\"><span style=\"font-family: Arial;\">00:24:40<\/span><\/td>\n<td class=\"xl66\" align=\"right\" width=\"75\"><span style=\"font-family: Arial;\">01:25:32<\/span><\/td>\n<td class=\"xl65\" width=\"100\">\n<p align=\"right\"><span style=\"font-family: Arial;\">2.W30<\/span><\/p>\n<\/td>\n<td class=\"xl65\" width=\"100\">\n<p align=\"right\"><span style=\"font-family: Arial;\">7.Gesamt<\/span><\/p>\n<\/td>\n<\/tr>\n<tr>\n<td width=\"159\" height=\"20\"><span style=\"font-family: Arial;\">Forna\u00e7on, Maren<\/span><\/td>\n<td class=\"xl67\" width=\"75\">\n<p align=\"center\"><span style=\"font-family: Arial;\">0,5\/20\/5<\/span><\/p>\n<\/td>\n<td class=\"xl66\" align=\"right\" width=\"75\"><span style=\"font-family: Arial;\">00:11:20<\/span><\/td>\n<td class=\"xl66\" align=\"right\" width=\"75\"><span style=\"font-family: Arial;\">00:49:34<\/span><\/td>\n<td class=\"xl66\" align=\"right\" width=\"75\"><span style=\"font-family: Arial;\">00:27:02<\/span><\/td>\n<td class=\"xl66\" align=\"right\" width=\"75\"><span style=\"font-family: Arial;\">01:27:57<\/span><\/td>\n<td class=\"xl65\" width=\"100\">\n<p align=\"right\"><span style=\"font-family: Arial;\">1.W20<\/span><\/p>\n<\/td>\n<td class=\"xl65\" width=\"100\">\n<p align=\"right\"><span style=\"font-family: Arial;\">11.Gesamt<\/span><\/p>\n<\/td>\n<\/tr>\n<tr>\n<td width=\"159\" height=\"20\"><span style=\"font-family: Arial;\">Herren-Team<\/span><\/td>\n<td width=\"75\">\n<p align=\"center\"><span style=\"font-family: Arial;\">0,75\/20\/5<\/span><\/p>\n<\/td>\n<td class=\"xl66\" align=\"right\" width=\"75\"><span style=\"font-family: Arial;\">00:13:31<\/span><\/td>\n<td class=\"xl66\" align=\"right\" width=\"75\"><span style=\"font-family: Arial;\">00:38:46<\/span><\/td>\n<td class=\"xl66\" align=\"right\" width=\"75\"><span style=\"font-family: Arial;\">00:19:08<\/span><\/td>\n<td class=\"xl66\" align=\"right\" width=\"75\"><span style=\"font-family: Arial;\">01:11:26<\/span><\/td>\n<td width=\"100\"><\/td>\n<td class=\"xl65\" width=\"100\">\n<p align=\"right\"><span style=\"font-family: Arial;\">7.HTL<\/span><\/p>\n<\/td>\n<\/tr>\n<tr>\n<td width=\"159\" height=\"20\"><span style=\"font-family: Arial;\">Damen-Team II<\/span><\/td>\n<td width=\"75\">\n<p align=\"center\"><span style=\"font-family: Arial;\">0,75\/20\/5<\/span><\/p>\n<\/td>\n<td class=\"xl66\" align=\"right\" width=\"75\"><span style=\"font-family: Arial;\">00:17:01<\/span><\/td>\n<td class=\"xl66\" align=\"right\" width=\"75\"><span style=\"font-family: Arial;\">00:48:26<\/span><\/td>\n<td class=\"xl66\" align=\"right\" width=\"75\"><span style=\"font-family: Arial;\">00:23:16<\/span><\/td>\n<td class=\"xl66\" align=\"right\" width=\"75\"><span style=\"font-family: Arial;\">01:28:44<\/span><\/td>\n<td width=\"100\"><\/td>\n<td class=\"xl65\" width=\"100\">\n<p align=\"right\"><span style=\"font-family: Arial;\">8.HTL<\/span><\/p>\n<\/td>\n<\/tr>\n<tr>\n<td width=\"159\" height=\"20\"><span style=\"font-family: Arial;\">Damen-Team I<\/span><\/td>\n<td width=\"75\">\n<p align=\"center\"><span style=\"font-family: Arial;\">0,75\/20\/5<\/span><\/p>\n<\/td>\n<td class=\"xl66\" align=\"right\" width=\"75\"><span style=\"font-family: Arial;\">00:18:26<\/span><\/td>\n<td class=\"xl66\" align=\"right\" width=\"75\"><span style=\"font-family: Arial;\">00:47:18<\/span><\/td>\n<td class=\"xl66\" align=\"right\" width=\"75\"><span style=\"font-family: Arial;\">00:23:58<\/span><\/td>\n<td class=\"xl66\" align=\"right\" width=\"75\"><span style=\"font-family: Arial;\">01:29:42<\/span><\/td>\n<td width=\"100\"><\/td>\n<td class=\"xl65\" width=\"100\">\n<p align=\"right\"><span style=\"font-family: Arial;\">10.HTL<\/span><\/p>\n<\/td>\n<\/tr>\n<\/tbody>\n<\/table>\n<p>Herren-Team: \u00a0\u00a0Marco Rudel, Patrick Adler, Thomas Greiner, Oli Lieblein, J\u00fcrgen Rademacher<br \/>\nDamen-Team I: Anna-Lena Mattheis, Jutta Schang-Schild, Petra Schildw\u00e4chter, Sibyle Arc<br \/>\nDamen-Team II: Yvonne Dippel, Agnes Stanislawski, Salvatrice Plantera, Nina Bachmann<\/p>\n<p><a href=\"http:\/\/www.tri-team-fuldatal.de\/wp-content\/uploads\/2016\/02\/20090530_Ederauen5.jpg\" rel=\"attachment wp-att-5838\"><img loading=\"lazy\" decoding=\"async\" class=\"alignnone size-medium wp-image-5838\" src=\"http:\/\/www.tri-team-fuldatal.de\/wp-content\/uploads\/2016\/02\/20090530_Ederauen5-298x300.jpg\" alt=\"20090530_Ederauen5\" width=\"298\" height=\"300\" srcset=\"http:\/\/www.tri-team-fuldatal.de\/wp-content\/uploads\/2016\/02\/20090530_Ederauen5-298x300.jpg 298w, http:\/\/www.tri-team-fuldatal.de\/wp-content\/uploads\/2016\/02\/20090530_Ederauen5-150x150.jpg 150w, http:\/\/www.tri-team-fuldatal.de\/wp-content\/uploads\/2016\/02\/20090530_Ederauen5-768x772.jpg 768w, http:\/\/www.tri-team-fuldatal.de\/wp-content\/uploads\/2016\/02\/20090530_Ederauen5-36x36.jpg 36w, http:\/\/www.tri-team-fuldatal.de\/wp-content\/uploads\/2016\/02\/20090530_Ederauen5-115x115.jpg 115w, http:\/\/www.tri-team-fuldatal.de\/wp-content\/uploads\/2016\/02\/20090530_Ederauen5.jpg 899w\" sizes=\"auto, (max-width: 298px) 100vw, 298px\" \/><\/a> <a href=\"http:\/\/www.tri-team-fuldatal.de\/wp-content\/uploads\/2016\/02\/20090530_Ederauen6.jpg\" rel=\"attachment wp-att-5839\"><img loading=\"lazy\" decoding=\"async\" class=\"alignnone size-medium wp-image-5839\" src=\"http:\/\/www.tri-team-fuldatal.de\/wp-content\/uploads\/2016\/02\/20090530_Ederauen6-300x297.jpg\" alt=\"20090530_Ederauen6\" width=\"300\" height=\"297\" srcset=\"http:\/\/www.tri-team-fuldatal.de\/wp-content\/uploads\/2016\/02\/20090530_Ederauen6-300x297.jpg 300w, http:\/\/www.tri-team-fuldatal.de\/wp-content\/uploads\/2016\/02\/20090530_Ederauen6-150x150.jpg 150w, http:\/\/www.tri-team-fuldatal.de\/wp-content\/uploads\/2016\/02\/20090530_Ederauen6-768x761.jpg 768w, http:\/\/www.tri-team-fuldatal.de\/wp-content\/uploads\/2016\/02\/20090530_Ederauen6-36x36.jpg 36w, http:\/\/www.tri-team-fuldatal.de\/wp-content\/uploads\/2016\/02\/20090530_Ederauen6-115x115.jpg 115w, http:\/\/www.tri-team-fuldatal.de\/wp-content\/uploads\/2016\/02\/20090530_Ederauen6.jpg 910w\" sizes=\"auto, (max-width: 300px) 100vw, 300px\" \/><\/a> <a href=\"http:\/\/www.tri-team-fuldatal.de\/wp-content\/uploads\/2016\/02\/20090530_Ederauen7.jpg\" rel=\"attachment wp-att-5840\"><img loading=\"lazy\" decoding=\"async\" class=\"alignnone size-medium wp-image-5840\" src=\"http:\/\/www.tri-team-fuldatal.de\/wp-content\/uploads\/2016\/02\/20090530_Ederauen7-182x300.jpg\" alt=\"20090530_Ederauen7\" width=\"182\" height=\"300\" srcset=\"http:\/\/www.tri-team-fuldatal.de\/wp-content\/uploads\/2016\/02\/20090530_Ederauen7-182x300.jpg 182w, http:\/\/www.tri-team-fuldatal.de\/wp-content\/uploads\/2016\/02\/20090530_Ederauen7-622x1024.jpg 622w, http:\/\/www.tri-team-fuldatal.de\/wp-content\/uploads\/2016\/02\/20090530_Ederauen7.jpg 698w\" sizes=\"auto, (max-width: 182px) 100vw, 182px\" \/><\/a> <a href=\"http:\/\/www.tri-team-fuldatal.de\/wp-content\/uploads\/2016\/02\/20090530_Ederauen8.jpg\" rel=\"attachment wp-att-5841\"><img loading=\"lazy\" decoding=\"async\" class=\"alignnone size-medium wp-image-5841\" src=\"http:\/\/www.tri-team-fuldatal.de\/wp-content\/uploads\/2016\/02\/20090530_Ederauen8-300x225.jpg\" alt=\"20090530_Ederauen8\" width=\"300\" height=\"225\" srcset=\"http:\/\/www.tri-team-fuldatal.de\/wp-content\/uploads\/2016\/02\/20090530_Ederauen8-300x225.jpg 300w, http:\/\/www.tri-team-fuldatal.de\/wp-content\/uploads\/2016\/02\/20090530_Ederauen8-768x576.jpg 768w, http:\/\/www.tri-team-fuldatal.de\/wp-content\/uploads\/2016\/02\/20090530_Ederauen8-1024x768.jpg 1024w, http:\/\/www.tri-team-fuldatal.de\/wp-content\/uploads\/2016\/02\/20090530_Ederauen8.jpg 1474w\" sizes=\"auto, (max-width: 300px) 100vw, 300px\" \/><\/a> <a href=\"http:\/\/www.tri-team-fuldatal.de\/wp-content\/uploads\/2016\/02\/20090530_Ederauen.jpg\" rel=\"attachment wp-att-5842\"><img loading=\"lazy\" decoding=\"async\" class=\"alignnone size-medium wp-image-5842\" src=\"http:\/\/www.tri-team-fuldatal.de\/wp-content\/uploads\/2016\/02\/20090530_Ederauen-300x233.jpg\" alt=\"20090530_Ederauen\" width=\"300\" height=\"233\" srcset=\"http:\/\/www.tri-team-fuldatal.de\/wp-content\/uploads\/2016\/02\/20090530_Ederauen-300x233.jpg 300w, http:\/\/www.tri-team-fuldatal.de\/wp-content\/uploads\/2016\/02\/20090530_Ederauen-768x595.jpg 768w, http:\/\/www.tri-team-fuldatal.de\/wp-content\/uploads\/2016\/02\/20090530_Ederauen-1024x794.jpg 1024w, http:\/\/www.tri-team-fuldatal.de\/wp-content\/uploads\/2016\/02\/20090530_Ederauen.jpg 1072w\" sizes=\"auto, (max-width: 300px) 100vw, 300px\" \/><\/a> <a href=\"http:\/\/www.tri-team-fuldatal.de\/wp-content\/uploads\/2016\/02\/20090530_Ederauen1.jpg\" rel=\"attachment wp-att-5843\"><img loading=\"lazy\" decoding=\"async\" class=\"alignnone size-medium wp-image-5843\" src=\"http:\/\/www.tri-team-fuldatal.de\/wp-content\/uploads\/2016\/02\/20090530_Ederauen1-300x176.jpg\" alt=\"20090530_Ederauen1\" width=\"300\" height=\"176\" srcset=\"http:\/\/www.tri-team-fuldatal.de\/wp-content\/uploads\/2016\/02\/20090530_Ederauen1-300x176.jpg 300w, http:\/\/www.tri-team-fuldatal.de\/wp-content\/uploads\/2016\/02\/20090530_Ederauen1-768x451.jpg 768w, http:\/\/www.tri-team-fuldatal.de\/wp-content\/uploads\/2016\/02\/20090530_Ederauen1.jpg 990w\" sizes=\"auto, (max-width: 300px) 100vw, 300px\" \/><\/a> <a href=\"http:\/\/www.tri-team-fuldatal.de\/wp-content\/uploads\/2016\/02\/20090530_Ederauen2.jpg\" rel=\"attachment wp-att-5844\"><img loading=\"lazy\" decoding=\"async\" class=\"alignnone size-medium wp-image-5844\" src=\"http:\/\/www.tri-team-fuldatal.de\/wp-content\/uploads\/2016\/02\/20090530_Ederauen2-300x185.jpg\" alt=\"20090530_Ederauen2\" width=\"300\" height=\"185\" srcset=\"http:\/\/www.tri-team-fuldatal.de\/wp-content\/uploads\/2016\/02\/20090530_Ederauen2-300x185.jpg 300w, http:\/\/www.tri-team-fuldatal.de\/wp-content\/uploads\/2016\/02\/20090530_Ederauen2-768x475.jpg 768w, http:\/\/www.tri-team-fuldatal.de\/wp-content\/uploads\/2016\/02\/20090530_Ederauen2-1024x633.jpg 1024w, http:\/\/www.tri-team-fuldatal.de\/wp-content\/uploads\/2016\/02\/20090530_Ederauen2.jpg 1246w\" sizes=\"auto, (max-width: 300px) 100vw, 300px\" \/><\/a> <a href=\"http:\/\/www.tri-team-fuldatal.de\/wp-content\/uploads\/2016\/02\/20090530_Ederauen3.jpg\" rel=\"attachment wp-att-5845\"><img loading=\"lazy\" decoding=\"async\" class=\"alignnone size-medium wp-image-5845\" src=\"http:\/\/www.tri-team-fuldatal.de\/wp-content\/uploads\/2016\/02\/20090530_Ederauen3-300x201.jpg\" alt=\"20090530_Ederauen3\" width=\"300\" height=\"201\" srcset=\"http:\/\/www.tri-team-fuldatal.de\/wp-content\/uploads\/2016\/02\/20090530_Ederauen3-300x201.jpg 300w, http:\/\/www.tri-team-fuldatal.de\/wp-content\/uploads\/2016\/02\/20090530_Ederauen3-768x514.jpg 768w, http:\/\/www.tri-team-fuldatal.de\/wp-content\/uploads\/2016\/02\/20090530_Ederauen3.jpg 894w\" sizes=\"auto, (max-width: 300px) 100vw, 300px\" \/><\/a> <a href=\"http:\/\/www.tri-team-fuldatal.de\/wp-content\/uploads\/2016\/02\/20090530_Ederauen4.jpg\" rel=\"attachment wp-att-5846\"><img loading=\"lazy\" decoding=\"async\" class=\"alignnone size-medium wp-image-5846\" src=\"http:\/\/www.tri-team-fuldatal.de\/wp-content\/uploads\/2016\/02\/20090530_Ederauen4-300x201.jpg\" alt=\"20090530_Ederauen4\" width=\"300\" height=\"201\" srcset=\"http:\/\/www.tri-team-fuldatal.de\/wp-content\/uploads\/2016\/02\/20090530_Ederauen4-300x201.jpg 300w, http:\/\/www.tri-team-fuldatal.de\/wp-content\/uploads\/2016\/02\/20090530_Ederauen4.jpg 602w\" sizes=\"auto, (max-width: 300px) 100vw, 300px\" \/><\/a><\/p>\n","protected":false},"excerpt":{"rendered":"<p>Fritzlar<\/p>\n","protected":false},"author":8,"featured_media":5838,"comment_status":"open","ping_status":"open","sticky":false,"template":"","format":"standard","meta":{"colormag_page_container_layout":"default_layout","colormag_page_sidebar_layout":"default_layout","footnotes":""},"categories":[1,211],"tags":[],"class_list":["post-5835","post","type-post","status-publish","format-standard","has-post-thumbnail","hentry","category-allgemein","category-triathlonduathlon-2009"],"_links":{"self":[{"href":"http:\/\/www.tri-team-fuldatal.de\/index.php?rest_route=\/wp\/v2\/posts\/5835","targetHints":{"allow":["GET"]}}],"collection":[{"href":"http:\/\/www.tri-team-fuldatal.de\/index.php?rest_route=\/wp\/v2\/posts"}],"about":[{"href":"http:\/\/www.tri-team-fuldatal.de\/index.php?rest_route=\/wp\/v2\/types\/post"}],"author":[{"embeddable":true,"href":"http:\/\/www.tri-team-fuldatal.de\/index.php?rest_route=\/wp\/v2\/users\/8"}],"replies":[{"embeddable":true,"href":"http:\/\/www.tri-team-fuldatal.de\/index.php?rest_route=%2Fwp%2Fv2%2Fcomments&post=5835"}],"version-history":[{"count":3,"href":"http:\/\/www.tri-team-fuldatal.de\/index.php?rest_route=\/wp\/v2\/posts\/5835\/revisions"}],"predecessor-version":[{"id":5847,"href":"http:\/\/www.tri-team-fuldatal.de\/index.php?rest_route=\/wp\/v2\/posts\/5835\/revisions\/5847"}],"wp:featuredmedia":[{"embeddable":true,"href":"http:\/\/www.tri-team-fuldatal.de\/index.php?rest_route=\/wp\/v2\/media\/5838"}],"wp:attachment":[{"href":"http:\/\/www.tri-team-fuldatal.de\/index.php?rest_route=%2Fwp%2Fv2%2Fmedia&parent=5835"}],"wp:term":[{"taxonomy":"category","embeddable":true,"href":"http:\/\/www.tri-team-fuldatal.de\/index.php?rest_route=%2Fwp%2Fv2%2Fcategories&post=5835"},{"taxonomy":"post_tag","embeddable":true,"href":"http:\/\/www.tri-team-fuldatal.de\/index.php?rest_route=%2Fwp%2Fv2%2Ftags&post=5835"}],"curies":[{"name":"wp","href":"https:\/\/api.w.org\/{rel}","templated":true}]}}