{"id":5817,"date":"2009-06-13T19:06:11","date_gmt":"2009-06-13T18:06:11","guid":{"rendered":"http:\/\/www.tri-team-fuldatal.de\/?p=5817"},"modified":"2016-02-22T19:09:07","modified_gmt":"2016-02-22T18:09:07","slug":"moenchhof-triathlon-kulmbach","status":"publish","type":"post","link":"http:\/\/www.tri-team-fuldatal.de\/?p=5817","title":{"rendered":"M\u00f6nchhof-Triathlon Kulmbach"},"content":{"rendered":"<p>Gleich mehrere Nordhessische Dreik\u00e4mpfer machten sich am Samstag den 13.06. auf nach Kulmbach um beim M\u00f6nchshof Triathlon \u00fcber die Mitteldistanz (2,2 \u2013 87 \u2013 20) ihre Form zu testen. War der Wettkampf f\u00fcr Markus Roth, Jost Wesem\u00fcller, Thomas Roth und Ingo Bliska ein Test f\u00fcr die bevorstehenden deutschen Langdistanz Meisterschaften in Roth, nutzen Martin Krapp und Klaus M\u00fcller den sehr gut organisierten Wettkampf als Saisoneinsteig.<\/p>\n<p>Nach drei Runden Schwimmen im Trebgaster Badesee ging es auf die anspruchsvolle Radstrecke auf der ebenfalls drei Runden zu absolvieren waren. Die vollkommen flache Laufstrecke ging am Main entlang und war zweimal zu durchlaufen bevor die Athleten im Ziel auf dem Gel\u00e4nde der M\u00f6nchshofsbrauerei einliefen.<\/p>\n<p>Beim Schwimmen dominierte Martin Krapp das nordhessische Sextet und konnte mit der Spitzengruppe das Wasser verlassen, gefolgt wurde er von Markus, Thomas, Jost, Ingo und Klaus. Auf der Radstrecke konnte Markus die L\u00fccke zu Martin schlie\u00dfen und sich im Verfolgerfeld etablieren. Ingo konnte ebenfalls auf dem Rad \u00fcberzeugen und viele Positionen gut machen. Alle weiteren Nordhessen erreichten die angestrebten Zeiten und kamen gut positioniert zum Laufen. Bei idealen \u00e4u\u00dferen Bedingungen konnte besonders Jost seine Laufst\u00e4rke demonstrieren und sich weiter nach vorne schieben. Nach dem alle Nordhessen, mit Ihren Leistungen zufrieden, dass Ziel erreicht hatten, wurden anschlie\u00dfend mit den mitgereisten Fans im netten ambiente der Kulmbacher Brauerei noch \u00fcber den allseits gelungen Wettkampf diskutiert werden<\/p>\n<table width=\"757\" cellspacing=\"0\">\n<tbody>\n<tr>\n<td width=\"158\" height=\"20\"><span style=\"font-family: Arial;\">Wesem\u00fcller, Jost<\/span><\/td>\n<td width=\"74\">\n<p align=\"center\"><span style=\"font-family: Arial;\">2,2\/87\/20<\/span><\/p>\n<\/td>\n<td class=\"xl65\" align=\"right\" width=\"75\">\n<p align=\"right\"><span style=\"font-family: Arial;\">00:36:35<\/span><\/p>\n<\/td>\n<td class=\"xl65\" align=\"right\" width=\"75\">\n<p align=\"right\"><span style=\"font-family: Arial;\">02:38:07<\/span><\/p>\n<\/td>\n<td class=\"xl65\" align=\"right\" width=\"75\">\n<p align=\"right\"><span style=\"font-family: Arial;\">01:27:56<\/span><\/p>\n<\/td>\n<td class=\"xl65\" align=\"right\" width=\"75\">\n<p align=\"right\"><span style=\"font-family: Arial;\">04:42:38<\/span><\/p>\n<\/td>\n<td width=\"100\">\n<p align=\"right\"><span style=\"font-family: Arial;\">9.M40<\/span><\/p>\n<\/td>\n<td width=\"100\">\n<p align=\"right\"><span style=\"font-family: Arial;\">50.Gesamt<\/span><\/p>\n<\/td>\n<\/tr>\n<tr>\n<td width=\"158\" height=\"20\"><span style=\"font-family: Arial;\">Bliska, Ingo<\/span><\/td>\n<td width=\"74\">\n<p align=\"center\"><span style=\"font-family: Arial;\">2,2\/87\/20<\/span><\/p>\n<\/td>\n<td class=\"xl65\" align=\"right\" width=\"75\">\n<p align=\"right\"><span style=\"font-family: Arial;\">00:36:39<\/span><\/p>\n<\/td>\n<td class=\"xl65\" align=\"right\" width=\"75\">\n<p align=\"right\"><span style=\"font-family: Arial;\">02:32:32<\/span><\/p>\n<\/td>\n<td class=\"xl65\" align=\"right\" width=\"75\">\n<p align=\"right\"><span style=\"font-family: Arial;\">01:34:53<\/span><\/p>\n<\/td>\n<td class=\"xl65\" align=\"right\" width=\"75\">\n<p align=\"right\"><span style=\"font-family: Arial;\">04:44:04<\/span><\/p>\n<\/td>\n<td width=\"100\">\n<p align=\"right\"><span style=\"font-family: Arial;\">11.M40<\/span><\/p>\n<\/td>\n<td width=\"100\">\n<p align=\"right\">54.Gesamt<\/p>\n<\/td>\n<\/tr>\n<\/tbody>\n<\/table>\n<p><a href=\"http:\/\/www.tri-team-fuldatal.de\/wp-content\/uploads\/2009\/06\/20090613_Kulmbach7.jpg\" rel=\"attachment wp-att-5819\"><img loading=\"lazy\" decoding=\"async\" class=\"alignnone size-medium wp-image-5819\" src=\"http:\/\/www.tri-team-fuldatal.de\/wp-content\/uploads\/2009\/06\/20090613_Kulmbach7-200x300.jpg\" alt=\"20090613_Kulmbach7\" width=\"200\" height=\"300\" srcset=\"http:\/\/www.tri-team-fuldatal.de\/wp-content\/uploads\/2009\/06\/20090613_Kulmbach7-200x300.jpg 200w, http:\/\/www.tri-team-fuldatal.de\/wp-content\/uploads\/2009\/06\/20090613_Kulmbach7.jpg 512w\" sizes=\"auto, (max-width: 200px) 100vw, 200px\" \/><\/a> <a href=\"http:\/\/www.tri-team-fuldatal.de\/wp-content\/uploads\/2009\/06\/20090613_Kulmbach8.jpg\" rel=\"attachment wp-att-5820\"><img loading=\"lazy\" decoding=\"async\" class=\"alignnone size-medium wp-image-5820\" src=\"http:\/\/www.tri-team-fuldatal.de\/wp-content\/uploads\/2009\/06\/20090613_Kulmbach8-300x200.jpg\" alt=\"20090613_Kulmbach8\" width=\"300\" height=\"200\" srcset=\"http:\/\/www.tri-team-fuldatal.de\/wp-content\/uploads\/2009\/06\/20090613_Kulmbach8-300x200.jpg 300w, http:\/\/www.tri-team-fuldatal.de\/wp-content\/uploads\/2009\/06\/20090613_Kulmbach8-768x512.jpg 768w, http:\/\/www.tri-team-fuldatal.de\/wp-content\/uploads\/2009\/06\/20090613_Kulmbach8.jpg 1024w\" sizes=\"auto, (max-width: 300px) 100vw, 300px\" \/><\/a> <a href=\"http:\/\/www.tri-team-fuldatal.de\/wp-content\/uploads\/2009\/06\/20090613_Kulmbach9.jpg\" rel=\"attachment wp-att-5821\"><img loading=\"lazy\" decoding=\"async\" class=\"alignnone size-medium wp-image-5821\" src=\"http:\/\/www.tri-team-fuldatal.de\/wp-content\/uploads\/2009\/06\/20090613_Kulmbach9-300x200.jpg\" alt=\"20090613_Kulmbach9\" width=\"300\" height=\"200\" srcset=\"http:\/\/www.tri-team-fuldatal.de\/wp-content\/uploads\/2009\/06\/20090613_Kulmbach9-300x200.jpg 300w, http:\/\/www.tri-team-fuldatal.de\/wp-content\/uploads\/2009\/06\/20090613_Kulmbach9-768x512.jpg 768w, http:\/\/www.tri-team-fuldatal.de\/wp-content\/uploads\/2009\/06\/20090613_Kulmbach9.jpg 1024w\" sizes=\"auto, (max-width: 300px) 100vw, 300px\" \/><\/a> <a href=\"http:\/\/www.tri-team-fuldatal.de\/wp-content\/uploads\/2009\/06\/20090613_Kulmbach1.jpg\" rel=\"attachment wp-att-5822\"><img loading=\"lazy\" decoding=\"async\" class=\"alignnone size-medium wp-image-5822\" src=\"http:\/\/www.tri-team-fuldatal.de\/wp-content\/uploads\/2009\/06\/20090613_Kulmbach1-300x200.jpg\" alt=\"20090613_Kulmbach1\" width=\"300\" height=\"200\" srcset=\"http:\/\/www.tri-team-fuldatal.de\/wp-content\/uploads\/2009\/06\/20090613_Kulmbach1-300x200.jpg 300w, http:\/\/www.tri-team-fuldatal.de\/wp-content\/uploads\/2009\/06\/20090613_Kulmbach1-768x512.jpg 768w, http:\/\/www.tri-team-fuldatal.de\/wp-content\/uploads\/2009\/06\/20090613_Kulmbach1.jpg 1024w\" sizes=\"auto, (max-width: 300px) 100vw, 300px\" \/><\/a> <a href=\"http:\/\/www.tri-team-fuldatal.de\/wp-content\/uploads\/2009\/06\/20090613_Kulmbach2.jpg\" rel=\"attachment wp-att-5823\"><img loading=\"lazy\" decoding=\"async\" class=\"alignnone size-medium wp-image-5823\" src=\"http:\/\/www.tri-team-fuldatal.de\/wp-content\/uploads\/2009\/06\/20090613_Kulmbach2-300x200.jpg\" alt=\"20090613_Kulmbach2\" width=\"300\" height=\"200\" srcset=\"http:\/\/www.tri-team-fuldatal.de\/wp-content\/uploads\/2009\/06\/20090613_Kulmbach2-300x200.jpg 300w, http:\/\/www.tri-team-fuldatal.de\/wp-content\/uploads\/2009\/06\/20090613_Kulmbach2-768x512.jpg 768w, http:\/\/www.tri-team-fuldatal.de\/wp-content\/uploads\/2009\/06\/20090613_Kulmbach2.jpg 1024w\" sizes=\"auto, (max-width: 300px) 100vw, 300px\" \/><\/a> <a href=\"http:\/\/www.tri-team-fuldatal.de\/wp-content\/uploads\/2009\/06\/20090613_Kulmbach3.jpg\" rel=\"attachment wp-att-5824\"><img loading=\"lazy\" decoding=\"async\" class=\"alignnone size-medium wp-image-5824\" src=\"http:\/\/www.tri-team-fuldatal.de\/wp-content\/uploads\/2009\/06\/20090613_Kulmbach3-300x200.jpg\" alt=\"20090613_Kulmbach3\" width=\"300\" height=\"200\" srcset=\"http:\/\/www.tri-team-fuldatal.de\/wp-content\/uploads\/2009\/06\/20090613_Kulmbach3-300x200.jpg 300w, http:\/\/www.tri-team-fuldatal.de\/wp-content\/uploads\/2009\/06\/20090613_Kulmbach3-768x512.jpg 768w, http:\/\/www.tri-team-fuldatal.de\/wp-content\/uploads\/2009\/06\/20090613_Kulmbach3.jpg 1024w\" sizes=\"auto, (max-width: 300px) 100vw, 300px\" \/><\/a> <a href=\"http:\/\/www.tri-team-fuldatal.de\/wp-content\/uploads\/2009\/06\/20090613_Kulmbach4.jpg\" rel=\"attachment wp-att-5825\"><img loading=\"lazy\" decoding=\"async\" class=\"alignnone size-medium wp-image-5825\" src=\"http:\/\/www.tri-team-fuldatal.de\/wp-content\/uploads\/2009\/06\/20090613_Kulmbach4-300x200.jpg\" alt=\"20090613_Kulmbach4\" width=\"300\" height=\"200\" srcset=\"http:\/\/www.tri-team-fuldatal.de\/wp-content\/uploads\/2009\/06\/20090613_Kulmbach4-300x200.jpg 300w, http:\/\/www.tri-team-fuldatal.de\/wp-content\/uploads\/2009\/06\/20090613_Kulmbach4-768x512.jpg 768w, http:\/\/www.tri-team-fuldatal.de\/wp-content\/uploads\/2009\/06\/20090613_Kulmbach4.jpg 1024w\" sizes=\"auto, (max-width: 300px) 100vw, 300px\" \/><\/a> <a href=\"http:\/\/www.tri-team-fuldatal.de\/wp-content\/uploads\/2009\/06\/20090613_Kulmbach5.jpg\" rel=\"attachment wp-att-5826\"><img loading=\"lazy\" decoding=\"async\" class=\"alignnone size-medium wp-image-5826\" src=\"http:\/\/www.tri-team-fuldatal.de\/wp-content\/uploads\/2009\/06\/20090613_Kulmbach5-200x300.jpg\" alt=\"20090613_Kulmbach5\" width=\"200\" height=\"300\" srcset=\"http:\/\/www.tri-team-fuldatal.de\/wp-content\/uploads\/2009\/06\/20090613_Kulmbach5-200x300.jpg 200w, http:\/\/www.tri-team-fuldatal.de\/wp-content\/uploads\/2009\/06\/20090613_Kulmbach5.jpg 512w\" sizes=\"auto, (max-width: 200px) 100vw, 200px\" \/><\/a><\/p>\n","protected":false},"excerpt":{"rendered":"<p>Kulmbach<\/p>\n","protected":false},"author":8,"featured_media":5821,"comment_status":"open","ping_status":"open","sticky":false,"template":"","format":"standard","meta":{"colormag_page_container_layout":"default_layout","colormag_page_sidebar_layout":"default_layout","footnotes":""},"categories":[1,211],"tags":[27],"class_list":["post-5817","post","type-post","status-publish","format-standard","has-post-thumbnail","hentry","category-allgemein","category-triathlonduathlon-2009","tag-jost-wesemuller"],"_links":{"self":[{"href":"http:\/\/www.tri-team-fuldatal.de\/index.php?rest_route=\/wp\/v2\/posts\/5817","targetHints":{"allow":["GET"]}}],"collection":[{"href":"http:\/\/www.tri-team-fuldatal.de\/index.php?rest_route=\/wp\/v2\/posts"}],"about":[{"href":"http:\/\/www.tri-team-fuldatal.de\/index.php?rest_route=\/wp\/v2\/types\/post"}],"author":[{"embeddable":true,"href":"http:\/\/www.tri-team-fuldatal.de\/index.php?rest_route=\/wp\/v2\/users\/8"}],"replies":[{"embeddable":true,"href":"http:\/\/www.tri-team-fuldatal.de\/index.php?rest_route=%2Fwp%2Fv2%2Fcomments&post=5817"}],"version-history":[{"count":2,"href":"http:\/\/www.tri-team-fuldatal.de\/index.php?rest_route=\/wp\/v2\/posts\/5817\/revisions"}],"predecessor-version":[{"id":5827,"href":"http:\/\/www.tri-team-fuldatal.de\/index.php?rest_route=\/wp\/v2\/posts\/5817\/revisions\/5827"}],"wp:featuredmedia":[{"embeddable":true,"href":"http:\/\/www.tri-team-fuldatal.de\/index.php?rest_route=\/wp\/v2\/media\/5821"}],"wp:attachment":[{"href":"http:\/\/www.tri-team-fuldatal.de\/index.php?rest_route=%2Fwp%2Fv2%2Fmedia&parent=5817"}],"wp:term":[{"taxonomy":"category","embeddable":true,"href":"http:\/\/www.tri-team-fuldatal.de\/index.php?rest_route=%2Fwp%2Fv2%2Fcategories&post=5817"},{"taxonomy":"post_tag","embeddable":true,"href":"http:\/\/www.tri-team-fuldatal.de\/index.php?rest_route=%2Fwp%2Fv2%2Ftags&post=5817"}],"curies":[{"name":"wp","href":"https:\/\/api.w.org\/{rel}","templated":true}]}}