{"id":5808,"date":"2009-07-04T18:56:14","date_gmt":"2009-07-04T17:56:14","guid":{"rendered":"http:\/\/www.tri-team-fuldatal.de\/?p=5808"},"modified":"2016-02-22T18:57:40","modified_gmt":"2016-02-22T17:57:40","slug":"mitteldistanz-triathlon-3-maenner-schnell-in-niedersachsen","status":"publish","type":"post","link":"http:\/\/www.tri-team-fuldatal.de\/?p=5808","title":{"rendered":"Mitteldistanz Triathlon &#8211; 3 M\u00e4nner schnell in Niedersachsen"},"content":{"rendered":"<p>Bad Bodenteich hie\u00df der Ort, an dem Mark G\u00f6bel, R\u00fcdiger Berns und Stefan Reisner aus unterschiedlichen Gr\u00fcnden an den Start eines Mitteldistanz-Triathlons (2,1\/90\/20) gingen. F\u00fcr R\u00fcdiger war es ein weiterer Schritt in Richtung Vorbereitung seines Langdistanz-Triathlon im September, Mark wollte sich noch den letzten Schliff f\u00fcr kommende Liga-Aufgaben holen und Stefan, die letzten Jahre eh immer mehr auf den &#8222;L\u00e4ngeren&#8220; unterwegs, wollte einfach nur einen sch\u00f6nen Wettkampf erleben. Und eins gleich vorweg: Alle drei erreichten Ihre pers\u00f6nlichen Ziele voll und ganz. Mark, als Top-Schwimmer bekannt, kam mit dem f\u00fchrenden Feld aus dem Wasser, dicht gefolgt von R\u00fcdiger. Mit etwas Abstand dahinter Stefan, der sich in dem Gew\u00fchl im Wasser nicht so wohl f\u00fchlte und etwas unter seinen M\u00f6glichkeiten blieb. Auf dem Rad schlug die Stunde von R\u00fcdiger und er \u00fcberholte Gegner um Gegner und konnte damit zur Spitzengruppe aufschlie\u00dfen, Mark und Stefan fuhren ann\u00e4hernd das gleiche Tempo und behaupteten ihr Positionen. R\u00fcdiger, sich seiner guten Ausgangslage bewu\u00dft, lief noch einen guten Halb-Marathon und kam so auf einen nicht erwarteten 29. Gesamt-Platz, was f\u00fcr ihn sogar einen Podiumsplatz seiner AK einbrachte (3.AK). Stefans Zeit kam beim Lauf: Mit seiner besten Halbmarathonzeit \u00fcberhaupt (1:37h) fegte er wie der &#8222;ge\u00f6lte Blitz&#8220; durchs Feld und holte die beim Schwimmen auf Mark eingeb\u00fc\u00dften 10min fast auf, so dass die beiden gerade mal 15s im Ziel trennten R\u00fcdiger 4:47h Mark 4:57 Stefan 4:57<\/p>\n","protected":false},"excerpt":{"rendered":"<p>Bad Bodenteich<\/p>\n","protected":false},"author":8,"featured_media":0,"comment_status":"open","ping_status":"open","sticky":false,"template":"","format":"standard","meta":{"colormag_page_container_layout":"default_layout","colormag_page_sidebar_layout":"default_layout","footnotes":""},"categories":[211],"tags":[44],"class_list":["post-5808","post","type-post","status-publish","format-standard","hentry","category-triathlonduathlon-2009","tag-mark-gobel"],"_links":{"self":[{"href":"http:\/\/www.tri-team-fuldatal.de\/index.php?rest_route=\/wp\/v2\/posts\/5808","targetHints":{"allow":["GET"]}}],"collection":[{"href":"http:\/\/www.tri-team-fuldatal.de\/index.php?rest_route=\/wp\/v2\/posts"}],"about":[{"href":"http:\/\/www.tri-team-fuldatal.de\/index.php?rest_route=\/wp\/v2\/types\/post"}],"author":[{"embeddable":true,"href":"http:\/\/www.tri-team-fuldatal.de\/index.php?rest_route=\/wp\/v2\/users\/8"}],"replies":[{"embeddable":true,"href":"http:\/\/www.tri-team-fuldatal.de\/index.php?rest_route=%2Fwp%2Fv2%2Fcomments&post=5808"}],"version-history":[{"count":1,"href":"http:\/\/www.tri-team-fuldatal.de\/index.php?rest_route=\/wp\/v2\/posts\/5808\/revisions"}],"predecessor-version":[{"id":5809,"href":"http:\/\/www.tri-team-fuldatal.de\/index.php?rest_route=\/wp\/v2\/posts\/5808\/revisions\/5809"}],"wp:attachment":[{"href":"http:\/\/www.tri-team-fuldatal.de\/index.php?rest_route=%2Fwp%2Fv2%2Fmedia&parent=5808"}],"wp:term":[{"taxonomy":"category","embeddable":true,"href":"http:\/\/www.tri-team-fuldatal.de\/index.php?rest_route=%2Fwp%2Fv2%2Fcategories&post=5808"},{"taxonomy":"post_tag","embeddable":true,"href":"http:\/\/www.tri-team-fuldatal.de\/index.php?rest_route=%2Fwp%2Fv2%2Ftags&post=5808"}],"curies":[{"name":"wp","href":"https:\/\/api.w.org\/{rel}","templated":true}]}}