{"id":5796,"date":"2009-07-19T18:49:47","date_gmt":"2009-07-19T17:49:47","guid":{"rendered":"http:\/\/www.tri-team-fuldatal.de\/?p=5796"},"modified":"2016-02-23T21:32:11","modified_gmt":"2016-02-23T20:32:11","slug":"reisner-gewinnt-altersklasse-beim-ttb-triathlon-in-braunschweig","status":"publish","type":"post","link":"http:\/\/www.tri-team-fuldatal.de\/?p=5796","title":{"rendered":"Reisner gewinnt Altersklasse beim TTB Triathlon in Braunschweig"},"content":{"rendered":"<p>Beim diesj\u00e4hrigen Heidbergseetriathlon am 19.07. in Braunschweig gewann Stefan Reisner SG-Stern \/ Tri-Team-Fuldatal auf der ausverkauften Sprint\/Volksdistanz \u00fcber 500 m Schwimmen, 23 km Radfahren und 5 km Laufen in 1:13:08 seine Altersklasse und belegte 8. Platz gesamt. Nach einer mittleren Schwimmleistung konnte er auf dem welligen, freiliegenden Radkurs, der allen Athleten mit starken Windb\u00f6en den Wettkampf erschwerte deutlich Pl\u00e4tze gutmachen. Beim anschlie\u00dfenden Lauf am Heidbergpark war der h\u00fcgelige, stark winklige Kurs f\u00fcr den Nordhessen wie geschaffen und er konnte nach einer starken Laufleistung bis auf\u00a0 Platz 8. gesamt aufschlie\u00dfen, was ihm den Sieg in seiner AK bescherte.<\/p>\n<table width=\"748\" cellspacing=\"0\">\n<tbody>\n<tr>\n<td class=\"xl65\" width=\"160\" height=\"20\"><span style=\"font-family: Arial;\">Reisner, Stefan<\/span><\/td>\n<td class=\"xl65\" width=\"66\"><span style=\"font-family: Arial;\">0,5\/23\/5<\/span><\/td>\n<td class=\"xl66\" width=\"74\">\n<p align=\"right\"><span style=\"font-family: Arial;\">00:08:32<\/span><\/p>\n<\/td>\n<td class=\"xl66\" width=\"75\">\n<p align=\"right\"><span style=\"font-family: Arial;\">00:44:20<\/span><\/p>\n<\/td>\n<td class=\"xl66\" width=\"75\">\n<p align=\"right\"><span style=\"font-family: Arial;\">00:20:16<\/span><\/p>\n<\/td>\n<td class=\"xl66\" width=\"75\">\n<p align=\"right\"><span style=\"font-family: Arial;\">01:13:08<\/span><\/p>\n<\/td>\n<td class=\"xl65\" width=\"99\">\n<p align=\"right\"><span style=\"font-family: Arial;\">1.M35<\/span><\/p>\n<\/td>\n<td class=\"xl65\" width=\"99\">\n<p align=\"right\"><span style=\"font-family: Arial;\">8. Gesamt<\/span><\/p>\n<\/td>\n<\/tr>\n<\/tbody>\n<\/table>\n<p><a href=\"http:\/\/www.tri-team-fuldatal.de\/wp-content\/uploads\/2016\/02\/20090719_Braunschweig.jpg\" rel=\"attachment wp-att-5797\"><img loading=\"lazy\" decoding=\"async\" class=\"alignnone size-medium wp-image-5797\" src=\"http:\/\/www.tri-team-fuldatal.de\/wp-content\/uploads\/2016\/02\/20090719_Braunschweig-300x247.jpg\" alt=\"20090719_Braunschweig\" width=\"300\" height=\"247\" srcset=\"http:\/\/www.tri-team-fuldatal.de\/wp-content\/uploads\/2016\/02\/20090719_Braunschweig-300x247.jpg 300w, http:\/\/www.tri-team-fuldatal.de\/wp-content\/uploads\/2016\/02\/20090719_Braunschweig.jpg 711w\" sizes=\"auto, (max-width: 300px) 100vw, 300px\" \/><\/a><\/p>\n","protected":false},"excerpt":{"rendered":"<p>Braunschweig<\/p>\n","protected":false},"author":8,"featured_media":0,"comment_status":"open","ping_status":"open","sticky":false,"template":"","format":"standard","meta":{"colormag_page_container_layout":"default_layout","colormag_page_sidebar_layout":"default_layout","footnotes":""},"categories":[211],"tags":[],"class_list":["post-5796","post","type-post","status-publish","format-standard","hentry","category-triathlonduathlon-2009"],"_links":{"self":[{"href":"http:\/\/www.tri-team-fuldatal.de\/index.php?rest_route=\/wp\/v2\/posts\/5796","targetHints":{"allow":["GET"]}}],"collection":[{"href":"http:\/\/www.tri-team-fuldatal.de\/index.php?rest_route=\/wp\/v2\/posts"}],"about":[{"href":"http:\/\/www.tri-team-fuldatal.de\/index.php?rest_route=\/wp\/v2\/types\/post"}],"author":[{"embeddable":true,"href":"http:\/\/www.tri-team-fuldatal.de\/index.php?rest_route=\/wp\/v2\/users\/8"}],"replies":[{"embeddable":true,"href":"http:\/\/www.tri-team-fuldatal.de\/index.php?rest_route=%2Fwp%2Fv2%2Fcomments&post=5796"}],"version-history":[{"count":1,"href":"http:\/\/www.tri-team-fuldatal.de\/index.php?rest_route=\/wp\/v2\/posts\/5796\/revisions"}],"predecessor-version":[{"id":5798,"href":"http:\/\/www.tri-team-fuldatal.de\/index.php?rest_route=\/wp\/v2\/posts\/5796\/revisions\/5798"}],"wp:attachment":[{"href":"http:\/\/www.tri-team-fuldatal.de\/index.php?rest_route=%2Fwp%2Fv2%2Fmedia&parent=5796"}],"wp:term":[{"taxonomy":"category","embeddable":true,"href":"http:\/\/www.tri-team-fuldatal.de\/index.php?rest_route=%2Fwp%2Fv2%2Fcategories&post=5796"},{"taxonomy":"post_tag","embeddable":true,"href":"http:\/\/www.tri-team-fuldatal.de\/index.php?rest_route=%2Fwp%2Fv2%2Ftags&post=5796"}],"curies":[{"name":"wp","href":"https:\/\/api.w.org\/{rel}","templated":true}]}}