{"id":5792,"date":"2009-08-02T18:43:33","date_gmt":"2009-08-02T17:43:33","guid":{"rendered":"http:\/\/www.tri-team-fuldatal.de\/?p=5792"},"modified":"2016-02-22T18:47:23","modified_gmt":"2016-02-22T17:47:23","slug":"silbersee-triathlon-3-platz-fuer-rebecca-wal-am-silbersee","status":"publish","type":"post","link":"http:\/\/www.tri-team-fuldatal.de\/?p=5792","title":{"rendered":"Silbersee Triathlon &#8211; 3. Platz f\u00fcr Rebecca Wal am Silbersee"},"content":{"rendered":"<p>Die Simmersh\u00e4userin Rebecca Wal belegte in Frielendorf am Silbersee bei den Damen den dritten Platz in der Gesamtwertung und siegte in der Alterklasse W25 mit einer Zeit von 1:25 Std \u00fcber 700m Schwimmen, 24km Radfahren und 5 km laufen. Mit dem unliebsamen 4. Platz in ihren Jahrg\u00e4ngen mussten sich Ingo Bliska und Bert A\u00dfmy zufrieden geben. Mark Goebel war hinter Ingo der zweitschnellste Triathlet vom Tri-Team Fuldatal und belegte den 5. Platz in der AK 35, gefolgt von R\u00fcdiger Berns, der sich zum Vorjahr um 2 Minuten verbessern konnte. Bei den Damen war es Salvatrice Plantera, die den bronzenen Pokal der \u00fcber 30-j\u00e4hrigen erreichen konnte. Norman Seeliger und Helmut Goerz finishten den Wettkampf bei hervorragenden Bedingungen ebenfalls in bemerkenswerter Form.<\/p>\n<table width=\"514\" cellspacing=\"0\">\n<tbody>\n<tr>\n<td class=\"xl63\" width=\"160\" height=\"20\"><span style=\"font-family: Arial;\">Bliska,Ingo<\/span><\/td>\n<td class=\"xl67\" width=\"66\">\n<p align=\"right\"><span style=\"font-family: Arial;\">0,7\/24\/5<\/span><\/p>\n<\/td>\n<td class=\"xl64\" align=\"right\" width=\"74\">\n<p align=\"right\"><span style=\"font-family: Arial;\">01:16:51<\/span><\/p>\n<\/td>\n<td class=\"xl68\" width=\"99\">\n<p align=\"right\"><span style=\"font-family: Arial;\">4.M40<\/span><\/p>\n<\/td>\n<td class=\"xl68\" width=\"99\">\n<p align=\"right\"><span style=\"font-family: Arial;\">13.Gesamt<\/span><\/p>\n<\/td>\n<\/tr>\n<tr>\n<td class=\"xl63\" width=\"160\" height=\"20\"><span style=\"font-family: Arial;\">Goebel,Mark<\/span><\/td>\n<td class=\"xl67\" width=\"66\">\n<p align=\"right\"><span style=\"font-family: Arial;\">0,7\/24\/5<\/span><\/p>\n<\/td>\n<td class=\"xl64\" align=\"right\" width=\"74\">\n<p align=\"right\"><span style=\"font-family: Arial;\">01:20:26<\/span><\/p>\n<\/td>\n<td class=\"xl68\" width=\"99\">\n<p align=\"right\"><span style=\"font-family: Arial;\">5.M35<\/span><\/p>\n<\/td>\n<td class=\"xl68\" width=\"99\">\n<p align=\"right\"><span style=\"font-family: Arial;\">24.Gesamt<\/span><\/p>\n<\/td>\n<\/tr>\n<tr>\n<td class=\"xl63\" width=\"160\" height=\"20\"><span style=\"font-family: Arial;\">Berns,R\u00fcdiger<\/span><\/td>\n<td class=\"xl67\" width=\"66\">\n<p align=\"right\"><span style=\"font-family: Arial;\">0,7\/24\/5<\/span><\/p>\n<\/td>\n<td class=\"xl64\" align=\"right\" width=\"74\">\n<p align=\"right\"><span style=\"font-family: Arial;\">01:22:46<\/span><\/p>\n<\/td>\n<td class=\"xl68\" width=\"99\">\n<p align=\"right\"><span style=\"font-family: Arial;\">9.M40<\/span><\/p>\n<\/td>\n<td class=\"xl68\" width=\"99\">\n<p align=\"right\"><span style=\"font-family: Arial;\">32.Gesamt<\/span><\/p>\n<\/td>\n<\/tr>\n<tr>\n<td class=\"xl63\" width=\"160\" height=\"20\"><span style=\"font-family: Arial;\">A\u00dfmy,Bert<\/span><\/td>\n<td class=\"xl67\" width=\"66\">\n<p align=\"right\"><span style=\"font-family: Arial;\">0,7\/24\/5<\/span><\/p>\n<\/td>\n<td class=\"xl64\" align=\"right\" width=\"74\">\n<p align=\"right\"><span style=\"font-family: Arial;\">01:23:49<\/span><\/p>\n<\/td>\n<td class=\"xl68\" width=\"99\">\n<p align=\"right\"><span style=\"font-family: Arial;\">4.M45<\/span><\/p>\n<\/td>\n<td class=\"xl68\" width=\"99\">\n<p align=\"right\"><span style=\"font-family: Arial;\">35.Gesamt<\/span><\/p>\n<\/td>\n<\/tr>\n<tr>\n<td class=\"xl63\" width=\"160\" height=\"20\"><span style=\"font-family: Arial;\">Wal,Rebecca<\/span><\/td>\n<td class=\"xl67\" width=\"66\">\n<p align=\"right\"><span style=\"font-family: Arial;\">0,7\/24\/5<\/span><\/p>\n<\/td>\n<td class=\"xl64\" align=\"right\" width=\"74\">\n<p align=\"right\"><span style=\"font-family: Arial;\">01:25:58<\/span><\/p>\n<\/td>\n<td class=\"xl68\" width=\"99\">\n<p align=\"right\"><span style=\"font-family: Arial;\">1.W25<\/span><\/p>\n<\/td>\n<td class=\"xl68\" width=\"99\">\n<p align=\"right\"><span style=\"font-family: Arial;\">3.Gesamt<\/span><\/p>\n<\/td>\n<\/tr>\n<tr>\n<td class=\"xl63\" width=\"160\" height=\"20\"><span style=\"font-family: Arial;\">Seeliger,Norman<\/span><\/td>\n<td class=\"xl67\" width=\"66\">\n<p align=\"right\"><span style=\"font-family: Arial;\">0,7\/24\/5<\/span><\/p>\n<\/td>\n<td class=\"xl64\" align=\"right\" width=\"74\">\n<p align=\"right\"><span style=\"font-family: Arial;\">01:31:51<\/span><\/p>\n<\/td>\n<td class=\"xl68\" width=\"99\">\n<p align=\"right\"><span style=\"font-family: Arial;\">9.M25<\/span><\/p>\n<\/td>\n<td class=\"xl68\" width=\"99\">\n<p align=\"right\"><span style=\"font-family: Arial;\">58.Gesamt<\/span><\/p>\n<\/td>\n<\/tr>\n<tr>\n<td class=\"xl65\" width=\"160\" height=\"20\"><span style=\"font-family: Arial;\">Plantera,Salvatrice<\/span><\/td>\n<td class=\"xl67\" width=\"66\">\n<p align=\"right\"><span style=\"font-family: Arial;\">0,7\/24\/5<\/span><\/p>\n<\/td>\n<td class=\"xl66\" align=\"right\" width=\"74\">\n<p align=\"right\"><span style=\"font-family: Arial;\">01:34:04<\/span><\/p>\n<\/td>\n<td class=\"xl69\" width=\"99\">\n<p align=\"right\"><span style=\"font-family: Arial;\">3.W35<\/span><\/p>\n<\/td>\n<td class=\"xl68\" width=\"99\">\n<p align=\"right\"><span style=\"font-family: Arial;\">9.Gesamt<\/span><\/p>\n<\/td>\n<\/tr>\n<tr>\n<td class=\"xl65\" width=\"160\" height=\"20\"><span style=\"font-family: Arial;\">Goerz,Helmut<\/span><\/td>\n<td class=\"xl67\" width=\"66\">\n<p align=\"right\"><span style=\"font-family: Arial;\">0,7\/24\/5<\/span><\/p>\n<\/td>\n<td class=\"xl66\" align=\"right\" width=\"74\">\n<p align=\"right\"><span style=\"font-family: Arial;\">01:42:56<\/span><\/p>\n<\/td>\n<td class=\"xl69\" width=\"99\">\n<p align=\"right\"><span style=\"font-family: Arial;\">17.M45<\/span><\/p>\n<\/td>\n<td class=\"xl68\" width=\"99\">\n<p align=\"right\"><span style=\"font-family: Arial;\">93.Gesamt<\/span><\/p>\n<\/td>\n<\/tr>\n<\/tbody>\n<\/table>\n<p><a href=\"http:\/\/www.tri-team-fuldatal.de\/wp-content\/uploads\/2009\/08\/20090802_Silbersee.jpg\" rel=\"attachment wp-att-5794\"><img loading=\"lazy\" decoding=\"async\" class=\"alignnone size-medium wp-image-5794\" src=\"http:\/\/www.tri-team-fuldatal.de\/wp-content\/uploads\/2009\/08\/20090802_Silbersee-300x178.jpg\" alt=\"20090802_Silbersee\" width=\"300\" height=\"178\" srcset=\"http:\/\/www.tri-team-fuldatal.de\/wp-content\/uploads\/2009\/08\/20090802_Silbersee-300x178.jpg 300w, http:\/\/www.tri-team-fuldatal.de\/wp-content\/uploads\/2009\/08\/20090802_Silbersee-768x455.jpg 768w, http:\/\/www.tri-team-fuldatal.de\/wp-content\/uploads\/2009\/08\/20090802_Silbersee.jpg 1000w\" sizes=\"auto, (max-width: 300px) 100vw, 300px\" \/><\/a><\/p>\n","protected":false},"excerpt":{"rendered":"<p>Silbersee<\/p>\n","protected":false},"author":8,"featured_media":0,"comment_status":"open","ping_status":"open","sticky":false,"template":"","format":"standard","meta":{"colormag_page_container_layout":"default_layout","colormag_page_sidebar_layout":"default_layout","footnotes":""},"categories":[1,211],"tags":[5,28,44,38,26],"class_list":["post-5792","post","type-post","status-publish","format-standard","hentry","category-allgemein","category-triathlonduathlon-2009","tag-bert-assmy","tag-helmut-goerz","tag-mark-gobel","tag-norman-seeliger","tag-salvatrice-plantera"],"_links":{"self":[{"href":"http:\/\/www.tri-team-fuldatal.de\/index.php?rest_route=\/wp\/v2\/posts\/5792","targetHints":{"allow":["GET"]}}],"collection":[{"href":"http:\/\/www.tri-team-fuldatal.de\/index.php?rest_route=\/wp\/v2\/posts"}],"about":[{"href":"http:\/\/www.tri-team-fuldatal.de\/index.php?rest_route=\/wp\/v2\/types\/post"}],"author":[{"embeddable":true,"href":"http:\/\/www.tri-team-fuldatal.de\/index.php?rest_route=\/wp\/v2\/users\/8"}],"replies":[{"embeddable":true,"href":"http:\/\/www.tri-team-fuldatal.de\/index.php?rest_route=%2Fwp%2Fv2%2Fcomments&post=5792"}],"version-history":[{"count":2,"href":"http:\/\/www.tri-team-fuldatal.de\/index.php?rest_route=\/wp\/v2\/posts\/5792\/revisions"}],"predecessor-version":[{"id":5795,"href":"http:\/\/www.tri-team-fuldatal.de\/index.php?rest_route=\/wp\/v2\/posts\/5792\/revisions\/5795"}],"wp:attachment":[{"href":"http:\/\/www.tri-team-fuldatal.de\/index.php?rest_route=%2Fwp%2Fv2%2Fmedia&parent=5792"}],"wp:term":[{"taxonomy":"category","embeddable":true,"href":"http:\/\/www.tri-team-fuldatal.de\/index.php?rest_route=%2Fwp%2Fv2%2Fcategories&post=5792"},{"taxonomy":"post_tag","embeddable":true,"href":"http:\/\/www.tri-team-fuldatal.de\/index.php?rest_route=%2Fwp%2Fv2%2Ftags&post=5792"}],"curies":[{"name":"wp","href":"https:\/\/api.w.org\/{rel}","templated":true}]}}