{"id":5774,"date":"2009-08-30T18:27:16","date_gmt":"2009-08-30T17:27:16","guid":{"rendered":"http:\/\/www.tri-team-fuldatal.de\/?p=5774"},"modified":"2016-02-22T18:31:05","modified_gmt":"2016-02-22T17:31:05","slug":"laubacher-duathlon","status":"publish","type":"post","link":"http:\/\/www.tri-team-fuldatal.de\/?p=5774","title":{"rendered":"Laubacher Duathlon"},"content":{"rendered":"<p>Von \u201eLaubach-Erfahrenen\u201c vorgewarnt, hatte ich mir die Strecke Anfang Juli angesehen. Ein welliges Laufprofil mit einer heftigen 60m-Steigung pro 5km-Runde. Eine anspruchsvolle Radstrecke mit zwei langen Steigungen auf der 12km-Runde, die 5mal zu fahren war. Ich hatte mein Training auf die Anforderungen eingestellt und war gut vorbereitet. Der Start war um 14Uhr bei ca. 23\u00b0C, einem fast wolkenlosen Himmel und viel Wind. Nur 42 Teilnehmer hatten die Langdistanz (10-60-10) gew\u00e4hlt, weitaus mehr hatten sich f\u00fcr die Kurzdistanz (5-30-5) entschieden. Vom Start weg wurde gleich ein hohes Tempo gelaufen. Ich hatte mich entschieden, nicht zu schnell loszulaufen, die Kraft gut einzuteilen f\u00fcr die Dinge, die noch kommen. In einer 4er-Gruppe lie\u00df ich mich zun\u00e4chst die erste Runde mitziehen, nicht zuletzt um mich ein bisschen vor dem Wind zu sch\u00fctzen, der schon auf der Laufstrecke die Bedingungen erschwerte. 20 Minuten waren dann doch zu schnell und ich nahm etwas Tempo raus. Nach der 1. Runde waren die \u201eKurzen\u201c weg und es wurde leer auf der Strecke. Ich lief mein Tempo und war nach 42:27Min. beim 1. Wechsel. Das hatte ich mir auch so vorgestellt.<br \/>\nZu Beginn der Radrunde war gleich die erste \u201eRampe\u201c zu bew\u00e4ltigen und dann war eigentlich die ganze Strecke schwer. Wo es nicht berghoch ging (die 2. Steigung kam nach der H\u00e4lfte der Runde auf 2km L\u00e4nge) k\u00e4mpfte man mit dem Wind. Eine rasante Abfahrt am Ende jeder Runde zum Wendepunkte verlangte volle Konzentration. Die Strecke war f\u00fcr den Verkehr voll gesperrt, dies war sehr gut. Konkurrenten sah man eigentlich haupts\u00e4chlich am Wendepunkt, sonst hatten sich die wenigen Teilnehmer auf den 12km gut verteilt. Die beiden letzten Runden waren noch mal richtig schwer, die Sonne merkte man inzwischen auch, obwohl es keine Hitzeschlacht war. Aber Sonne und Wind kosteten Kraft. Knapp unter 2h fuhr ich die 60km.<br \/>\nSchon zu Beginn des 2. Laufs war klar, dass jetzt nicht mehr viel Tempo drin war.<br \/>\nEinsam war es auf der 2. Laufrunde. Helfer sa\u00dfen und standen gelangweilt herum, Passanten im Schlosspark und im Ort sahen die Sportler verst\u00e4ndnislos an. Man musste sich teilweise einen Weg durch die Spazierg\u00e4nger bahnen, die sichtlich genervt waren. Beifall gab es h\u00f6chstens mal von Begleitern der Teilnehmer. Begeisterung sieht anders aus. Wenn ich bedenke, was da in Oberursel los war\u2026.. Dabei ist das Gel\u00e4nde im Schlosspark ideal f\u00fcr eine solche Veranstaltung, auch die Laufstrecke durch den Ort nicht unattraktiv. Das trug dann nicht mehr sonderlich zur Motivation bei. So spulte ich die 10km ab und freute mich auf das finish. Der Wettkampf hatte viel Kraft und 2kg gekostet, wie ich am anderen Morgen feststellte.<br \/>\nPlatz 2 der AK 45 war ein sch\u00f6ner Abschluss in der alten Altersklasse. Es war gut, mal wieder eine l\u00e4ngere Distanz zu absolvieren. Etwas mehr Zuschauerinteresse h\u00e4tte der Wettkampf verdient.<\/p>\n<table width=\"751\" cellspacing=\"0\">\n<tbody>\n<tr>\n<td class=\"xl63\" width=\"158\" height=\"20\"><span style=\"font-family: Arial;\">Berninger, Thomas<\/span><\/td>\n<td class=\"xl65\" width=\"74\">\n<p align=\"right\"><span style=\"font-family: Arial;\">10\/60\/10<\/span><\/p>\n<\/td>\n<td class=\"xl64\" align=\"right\" width=\"74\">\n<p align=\"right\"><span style=\"font-family: Arial;\">00:42:27<\/span><\/p>\n<\/td>\n<td class=\"xl64\" align=\"right\" width=\"74\">\n<p align=\"right\"><span style=\"font-family: Arial;\">02:00:23<\/span><\/p>\n<\/td>\n<td class=\"xl64\" align=\"right\" width=\"74\">\n<p align=\"right\"><span style=\"font-family: Arial;\">00:48:09<\/span><\/p>\n<\/td>\n<td class=\"xl64\" align=\"right\" width=\"74\">\n<p align=\"right\"><span style=\"font-family: Arial;\">03:31:00<\/span><\/p>\n<\/td>\n<td class=\"xl66\" width=\"99\">\n<p align=\"right\"><span style=\"font-family: Arial;\">2.M45<\/span><\/p>\n<\/td>\n<td class=\"xl66\" width=\"99\">\n<p align=\"right\"><span style=\"font-family: Arial;\">21.Gesamt<\/span><\/p>\n<\/td>\n<\/tr>\n<\/tbody>\n<\/table>\n<p><a href=\"http:\/\/www.tri-team-fuldatal.de\/wp-content\/uploads\/2016\/02\/20090830_Laubach.jpg\" rel=\"attachment wp-att-5775\"><img loading=\"lazy\" decoding=\"async\" class=\"alignnone size-medium wp-image-5775\" src=\"http:\/\/www.tri-team-fuldatal.de\/wp-content\/uploads\/2016\/02\/20090830_Laubach-300x225.jpg\" alt=\"20090830_Laubach\" width=\"300\" height=\"225\" srcset=\"http:\/\/www.tri-team-fuldatal.de\/wp-content\/uploads\/2016\/02\/20090830_Laubach-300x225.jpg 300w, http:\/\/www.tri-team-fuldatal.de\/wp-content\/uploads\/2016\/02\/20090830_Laubach-768x576.jpg 768w, http:\/\/www.tri-team-fuldatal.de\/wp-content\/uploads\/2016\/02\/20090830_Laubach.jpg 800w\" sizes=\"auto, (max-width: 300px) 100vw, 300px\" \/><\/a><\/p>\n","protected":false},"excerpt":{"rendered":"<p>Laubache<\/p>\n","protected":false},"author":8,"featured_media":5775,"comment_status":"open","ping_status":"open","sticky":false,"template":"","format":"standard","meta":{"colormag_page_container_layout":"default_layout","colormag_page_sidebar_layout":"default_layout","footnotes":""},"categories":[211],"tags":[],"class_list":["post-5774","post","type-post","status-publish","format-standard","has-post-thumbnail","hentry","category-triathlonduathlon-2009"],"_links":{"self":[{"href":"http:\/\/www.tri-team-fuldatal.de\/index.php?rest_route=\/wp\/v2\/posts\/5774","targetHints":{"allow":["GET"]}}],"collection":[{"href":"http:\/\/www.tri-team-fuldatal.de\/index.php?rest_route=\/wp\/v2\/posts"}],"about":[{"href":"http:\/\/www.tri-team-fuldatal.de\/index.php?rest_route=\/wp\/v2\/types\/post"}],"author":[{"embeddable":true,"href":"http:\/\/www.tri-team-fuldatal.de\/index.php?rest_route=\/wp\/v2\/users\/8"}],"replies":[{"embeddable":true,"href":"http:\/\/www.tri-team-fuldatal.de\/index.php?rest_route=%2Fwp%2Fv2%2Fcomments&post=5774"}],"version-history":[{"count":1,"href":"http:\/\/www.tri-team-fuldatal.de\/index.php?rest_route=\/wp\/v2\/posts\/5774\/revisions"}],"predecessor-version":[{"id":5776,"href":"http:\/\/www.tri-team-fuldatal.de\/index.php?rest_route=\/wp\/v2\/posts\/5774\/revisions\/5776"}],"wp:featuredmedia":[{"embeddable":true,"href":"http:\/\/www.tri-team-fuldatal.de\/index.php?rest_route=\/wp\/v2\/media\/5775"}],"wp:attachment":[{"href":"http:\/\/www.tri-team-fuldatal.de\/index.php?rest_route=%2Fwp%2Fv2%2Fmedia&parent=5774"}],"wp:term":[{"taxonomy":"category","embeddable":true,"href":"http:\/\/www.tri-team-fuldatal.de\/index.php?rest_route=%2Fwp%2Fv2%2Fcategories&post=5774"},{"taxonomy":"post_tag","embeddable":true,"href":"http:\/\/www.tri-team-fuldatal.de\/index.php?rest_route=%2Fwp%2Fv2%2Ftags&post=5774"}],"curies":[{"name":"wp","href":"https:\/\/api.w.org\/{rel}","templated":true}]}}