{"id":5758,"date":"2009-12-01T19:00:51","date_gmt":"2009-12-01T18:00:51","guid":{"rendered":"http:\/\/www.tri-team-fuldatal.de\/?p=5758"},"modified":"2016-02-21T19:05:55","modified_gmt":"2016-02-21T18:05:55","slug":"1-liga-herren-saison-2009","status":"publish","type":"post","link":"http:\/\/www.tri-team-fuldatal.de\/?p=5758","title":{"rendered":"1. Liga Herren Saison 2009"},"content":{"rendered":"<p><b>07.09.2009:Saisonabschluss Griesheim<br \/>\n<\/b><br \/>\nSaisonziel nach souver\u00e4ner Teamleistung erreicht. Mit dem 7. Platz in Griesheim nach einer erneut\u00a0starken Leistung des Teams, festigte das Herrenteam aus Fuldatal seinen 5. Tabellenplatz.<\/p>\n<p>Als erster kam Dieter, mit einer halben Minute Vorsprung auf Marco, aus dem recht frischen Riedsee, der heute ohne Neopren-Anzug zu durchschwimmen war. Erneut eine halbe Minute darauf stiegen zeitgleich Manuel und Oliver, der eine ganz starke Vorstellung im k\u00fchlen Nass ablieferte, aus dem Wasser. Als letzter ging Jost auf die Radstrecke.<br \/>\nAls dann alle 5 Teammitglieder heile das schwer zu fahrende Schotterst\u00fcck \u00fcberstanden hatten, schlossen Oliver und Manuel relativ schnell die L\u00fccke zu\u00a0 Marco und Dieter, der aufgrund einer\u00a0gebrochenen Speiche trotzdem noch eine souver\u00e4ne Leistung bot. Manuel konnte in\u00a0Griesheim endlich seine Radleistung aus dem Training umsetzen und kam kurz hinter Oliver, der\u00a0auf der letzten Runde das Tempo nochmals versch\u00e4rfte und mit der besten Radleistung des\u00a0Teams, unmittelbar vor Manuel in die Wechselzone und somit nahm Oliver als erster die\u00a0Laufstrecke in Angriff. Dahinter gingen Marco, Dieter und Jost auf die 5-mal zu laufende\u00a0Wendepunktstrecke.<\/p>\n<p>Auf der Laufstrecke kam einmal mehr die Laufst\u00e4rke der Fuldataler zum Vorschein. Durch lautstarke\u00a0Anfeuerung durch seinen Teamkapit\u00e4n Marco wurde Manuel zu einer Zeit 34:57 befl\u00fcgelt, was am Ende die drittschnelleste Laufzeit des Tages und seine beste Ligaplatzierung in seinem\u00a0ersten Triathlon-Jahr bedeutete. Eine heisse Aufholjagd auf seinen umittelbaren\u00a0Konkurrenten David Reetz lieferte sich Oliver auf der letzten Laufrunde und kam durch\u00a0eine starke Tempoversch\u00e4rfung fast Zeitgleich in sehr guten 37:11 mit ihm ins Ziel. Als dritter\u00a0des Teams steigerte Marco seine Laufleistung (37:38min) zu Viernheim deutlich. Jost kam als\u00a0vierter ins Ziel und konnte an die Laufleistung von Marco anschlie\u00dfen und lief somit in 37:13min\u00a0noch an einigen Konkurrenten vorbei. Dieter schloss eine Minute hinter Jost die Saison\u00a02009 ab in 42:00 min.<br \/>\nSomit kann die zweitj\u00fcngste Mannschaft der 1.Hessenliga, die diese Saison eine unglaublich starke Leistungsdichte aufwies, mehr als zufrieden auf die diesj\u00e4hrige Saison zur\u00fcckblicken und ambitioniert auf das n\u00e4chste Jahr hin trainieren.<\/p>\n<p>Ein gro\u00dfer Dank gilt Dieter, der noch kurzfristig f\u00fcr Patrick einsprang und nach seiner Verletzung\u00a0sein erstes Ligarennen der Saison absolvierte und sehr gute Leistung abrief.e<br \/>\n<b><br \/>\nDauerhaft stark!<br \/>\n<\/b><br \/>\nIn Viernheim best\u00e4tigte die Mannschaft des Tri-Teams seine Leistungsst\u00e4rke. Wie auch schon in Waldeck belegten die f\u00fcnf Herren Oliver, Manuel, Marco, Jost und Patrick den f\u00fcnften Platz in der Tageswertung und festigten damit den f\u00fcnften Platz in der Tabelle. Mit einer starken Schwimmleistung startete Marco in 24 min 29 sek als bester Schwimmer in den Wettkampf. Ihm folgte Manuel, der seinem Aufw\u00e4rtstrend im Schwimmen in dieser Saison weiter folgte. Dahinter beendeten Oliver, Patrick und Jost die neugestaltete Viernheimer Schwimmstrecke.<br \/>\nSchon auf den ersten Radkilometern fuhr sich Oliver weiter nach vorne und erreichte die zweite Wechselzone als erster Fuldataler. Manuel, der von kleineren Defekten an seinem Rad geplagt war, viel dagegen etwas zur\u00fcck und beendete die Radstrecke in Schlagdistanz hinter Marco, der nach seinem tollen Auftakt auch beim Radfahren seine sehr gute Leistung abrufen konnte. Hinter dem Trio erreichte Jost, gefolgt von Patrick, der an diesem Tag seine Leistung nicht vollst\u00e4ndig abrufen konnte, die Wechselzone. Mit einer sehr guten Laufleistung von 39 min 23 sek komplettierte Jost sp\u00e4ter als vierter Fuldataler die Teamleistung nach 2 h 50 min 7 sek. Vor ihm erreichte Manuel nach einer wahnsinnigen Laufleistung von 36 min 10 sek das Ziel in 2 h 42 min 15 sek, gefolgt von Marco mit 2 h 44 min 22 sek. Vor den drei Athleten er\u00f6ffnete Oliver die Mannschaftsfeier im Ziel nach 2 h 40 min 55 sek. Auch er zeigt mit einer Laufzeit von 37 min 42 sek, was er in dieser Disziplin leisten kann und belegte den 15. Tagesplatz. Nach 2 h 52 min 36 sek beendete Patrick seinen Wettkampf und beendete mit dem dritten Start seine lange und erfolgreiche Ligasaison.<\/p>\n<p>Mit diesem 5. Tagesplatz und der damit gefestigten 5. Tabellenposition ist das Team sehr zufrieden und bereitet sich frohen Mutes auf den abschlie\u00dfenden Ligawettkampf in Griesheim vor.<\/p>\n<p><u><strong>Tabellenstand 1. Hessenliga Herren<\/strong><\/u><\/p>\n<p>Nach 3 von 4 Wettk\u00e4mpfen<\/p>\n<table>\n<tbody>\n<tr>\n<td>Team<\/td>\n<td>Ederauen<\/td>\n<td>Waldeck<\/td>\n<td>Viernheim<\/td>\n<td>Griesheim<\/td>\n<td>Gesamt<\/td>\n<\/tr>\n<tr>\n<td>Team 1<\/td>\n<td>7. Platz<\/td>\n<td>5. Platz<\/td>\n<td>5. Platz<\/td>\n<td><\/td>\n<td>5. Platz<\/td>\n<\/tr>\n<\/tbody>\n<\/table>\n<p><b><br \/>\nVorbericht Viernheim (23.08.): Gerne noch besser!<\/b><\/p>\n<p>Mit viel Hoffnung und Zutrauen fahren die f\u00fcnf Herren des Tri-Team Fuldatals zum dritten Saisonwettkampf in der 1. Hessenliga nach Viernheim. Wie bereits in Waldeck gezeigt, sind die Starter Oliver Lieblein, Patrick Adler und Manuel Langlotz in einer tollen Verfassung und w\u00fcrden dies gerne erneut unter Beweis stellen. Nach seinem Defekt am Edersee hofft Marco Rudel zusammen mit Jost Wesem\u00fcller, der nach seiner Langdistanz in Roth zum Team st\u00f6\u00dft, die drei &#8222;jungen Wilden&#8220; zu unterst\u00fctzen.<br \/>\n&#8222;Die Aufstellung am Edersee hat uns schon hoffen lassen, aber die Mannschaft in Viernheim hat bei weitem mehr Potential. Alle haben hart gearbeitet und k\u00f6nnen jetzt noch eine Schippe drauflegen.&#8220; Besser kann der Ligabeauftragte Markus Ambold seine Jungs nicht einsch\u00e4tzen und motivieren.<\/p>\n<p>In Viernheim starten junge, schnelle, zusammen mit sehr ligaerfahrenen und konstanten Athleten- jeder k\u00f6nnte im Fall der F\u00e4lle seinen Mannschaftskameraden ersetzen. &#8222;Viernheim- wir sind hei\u00df drauf!&#8220;<br \/>\n<b><br \/>\nWaldecker Edersee Triathlon (18.07.)<\/b><\/p>\n<p>Platz 5 in Waldeck \u2013 Sprung in das erste Tabellendrittel gegl\u00fcckt!<\/p>\n<p>Beim zweiten Saisonauftritt in der 1. Hessenliga begeisterte das Herrenteam aus Fuldatal mit einer \u00fcberzeugenden Mannschaftsleistung und herausragenden Einzelplatzierungen.<\/p>\n<p>Ungewohnt kompakt stiegen die Patrick Adler, Marco Rudel und Oliver Lieblein auf den Pl\u00e4tzen 35 bis 37 aus dem, an diesem Tag schwierig zu schwimmenden Edersee. Dicht gefolgt von Manuel Langlotz auf Platz 40 und J\u00fcrgen Rademacher auf Platz 45 ging es f\u00fcr die f\u00fcnf Fuldataler auf die Radstrecke. Dort \u00fcberzeugte Patrick mit einer Wahnsinnsleistung: \u201eIch dachte ich stehe\u201c adelte Oliver sp\u00e4ter Patricks \u00dcberholen, nachdem Oli zuvor den schnelleren Wechsel aufs Rad pr\u00e4sentierte. Belohnt wurde Patricks Ritt mit der 10. schnellsten Radleistung, obgleich Oli ihm mit der 14. schnellsten Radleistung dicht auf den Fersen blieb. Dahinter ging es Manuel auf dem Rad vorsichtig an, um bei seiner ersten Kurzdistanz nicht zuviel zu riskieren. Beim zweiten Wechsel auf das Laufen war er nur wenige Sekunden hinter Patrick und Oliver in Waldeck angekommen. Angefeuert von den verletzten Teammitgliedern Dieter und Markus zeigte das Trio eine ebenso \u00fcberzeugende Laufleistung und flogen f\u00f6rmlich \u00fcber die abschlie\u00dfenden 10 km, die Oliver in 37:11 Minuten absolvierte, was der 4. schnellsten Laufzeit entsprach. Auch Manuel- mit der 7. schnellsten Laufzeit, Patrick und Marco blieben weit unter 40 Minuten. Marco bewies dabei besonders gro\u00dfen Teamgeist als er nach einem Defekt auf dem Rad wertvolle Minuten verlor und dennoch alle Kr\u00e4fte mobilisierte. 2 Stunden und 32 Minuten vergingen, bis Marco die Mannschaftswertung komplettierte, nachdem Oliver ca. sieben Minuten zuvor das Ziel auf dem 11. Gesamtplatz erreichte, dicht gefolgt von Patrick 11 Sekunden sp\u00e4ter auf dem 13. Platz. Manuel best\u00e4tigte seine erwartete St\u00e4rke auch \u00fcber die l\u00e4ngere Distanz und finishte knapp eineinhalb Minuten hinter Oliver auf einem tollen 19. Platz. Auch J\u00fcrgen wurde durch den Defektteufel geplagt und verwies beim Laufen kurz und knapp mit einer schwarzen rechten Hand auf diesen Umstand. Dennoch lie\u00df er es sich nicht nehmen, den Wettkampf sehr gut zu beenden und errechte das Ziel ca. vier Minuten hinter Marco.<\/p>\n<p>Mit dem 7. Platz vom ersten Wettkampf in Fritzlar und dem 5. Mannschaftsplatz beim Waldecker Edersee Triathlon teilen sich die Herrenmannschaft auf Fuldatal den 5. Tabellenplatz mit der Konkurrenz von 3athlon.org aus Kassel, die sich drei Pl\u00e4tze hinter den Fuldatalern nur in der zweiten Tabellenh\u00e4lfte platzieren konnten.<\/p>\n<p><u><strong><br \/>\nTabellenstand 1. Hessenliga Herren<\/strong><\/u><\/p>\n<p>Nach 2 von 4 Wettk\u00e4mpfen<\/p>\n<table>\n<tbody>\n<tr>\n<td>Team<\/td>\n<td>Ederauen<\/td>\n<td>Waldeck<\/td>\n<td>Viernheim<\/td>\n<td>Griesheim<\/td>\n<td>Gesamt<\/td>\n<\/tr>\n<tr>\n<td>Team 1<\/td>\n<td>7. Platz<\/td>\n<td>5. Platz<\/td>\n<td><\/td>\n<td><\/td>\n<td>5. Platz<\/td>\n<\/tr>\n<\/tbody>\n<\/table>\n<p>&nbsp;<\/p>\n<p><u><strong>Ergebnisse<\/strong><\/u><\/p>\n<p>18.07.09\u00a0 Waldecker Edersee Triathlon<\/p>\n<table>\n<tbody>\n<tr>\n<td><\/td>\n<td>Distanzen<\/td>\n<td>Swim<\/td>\n<td>Bike<\/td>\n<td>Run<\/td>\n<td>Gesamt<\/td>\n<td>Platzierung<\/td>\n<\/tr>\n<tr>\n<td>Oliver Lieblein<\/td>\n<td>1,5\/44\/10<\/td>\n<td>0:25:54<\/td>\n<td>1:22:48<\/td>\n<td>0:37:11<\/td>\n<td>2:25:54<\/td>\n<td>11. HL 1<\/td>\n<\/tr>\n<tr>\n<td>Patrick Adler<\/td>\n<td>1,5\/44\/10<\/td>\n<td>0:25:53<\/td>\n<td>1:21:52<\/td>\n<td>0:38:20<\/td>\n<td>2:26:05<\/td>\n<td>13. HL 1<\/td>\n<\/tr>\n<tr>\n<td>Manuel Langlotz<\/td>\n<td>1,5\/44\/10<\/td>\n<td>0:26:02<\/td>\n<td>1:23:54<\/td>\n<td>0:37:21<\/td>\n<td>2:27:18<\/td>\n<td>19. HL 1<\/td>\n<\/tr>\n<tr>\n<td>Marco Rudel<\/td>\n<td>1,5\/44\/10<\/td>\n<td>0:25:53<\/td>\n<td>1:27:01<\/td>\n<td>0:39:53<\/td>\n<td>2:32:47<\/td>\n<td>40. HL 1<\/td>\n<\/tr>\n<tr>\n<td>J\u00fcrgen Rademacher<\/td>\n<td>1,5\/44\/10<\/td>\n<td>0:27:01<\/td>\n<td>1:29:10<\/td>\n<td>0:40:45<\/td>\n<td>2:36:56<\/td>\n<td>50. HL 1<\/td>\n<\/tr>\n<\/tbody>\n<\/table>\n<p>&nbsp;<\/p>\n<p>30.05.09\u00a0 Ederauentriathlon<\/p>\n<table>\n<tbody>\n<tr>\n<td><\/td>\n<td>Distanzen<\/td>\n<td>Swim<\/td>\n<td>Bike<\/td>\n<td>Run<\/td>\n<td>Gesamt<\/td>\n<td>Platzierung<\/td>\n<\/tr>\n<tr>\n<td>Team 1<\/td>\n<td>0,75\/20\/5<\/td>\n<td>0:13:31<\/td>\n<td>0:38:46<\/td>\n<td>0:19:08<\/td>\n<td>1:11:26<\/td>\n<td>7. HL 1<\/td>\n<\/tr>\n<\/tbody>\n<\/table>\n<p>Starter: Patrick Adler, Thomas Greiner, Oliver Lieblein, J\u00fcrgen Rademacher, Marco Rudel<\/p>\n<figure id=\"attachment_5759\" aria-describedby=\"caption-attachment-5759\" style=\"width: 300px\" class=\"wp-caption alignnone\"><a href=\"http:\/\/www.tri-team-fuldatal.de\/wp-content\/uploads\/2016\/02\/LigaM12009.jpg\" rel=\"attachment wp-att-5759\"><img loading=\"lazy\" decoding=\"async\" class=\"size-medium wp-image-5759\" src=\"http:\/\/www.tri-team-fuldatal.de\/wp-content\/uploads\/2016\/02\/LigaM12009-300x233.jpg\" alt=\"V.l.n.r.: Oliver, J\u00fcrgen, Patrick, Thomas, Marco beim Saisonauftakt in Fritzlar\" width=\"300\" height=\"233\" srcset=\"http:\/\/www.tri-team-fuldatal.de\/wp-content\/uploads\/2016\/02\/LigaM12009-300x233.jpg 300w, http:\/\/www.tri-team-fuldatal.de\/wp-content\/uploads\/2016\/02\/LigaM12009-768x595.jpg 768w, http:\/\/www.tri-team-fuldatal.de\/wp-content\/uploads\/2016\/02\/LigaM12009-1024x794.jpg 1024w, http:\/\/www.tri-team-fuldatal.de\/wp-content\/uploads\/2016\/02\/LigaM12009.jpg 1072w\" sizes=\"auto, (max-width: 300px) 100vw, 300px\" \/><\/a><figcaption id=\"caption-attachment-5759\" class=\"wp-caption-text\">V.l.n.r.: Oliver, J\u00fcrgen, Patrick, Thomas, Marco beim Saisonauftakt in Fritzlar<\/figcaption><\/figure>\n","protected":false},"excerpt":{"rendered":"<p> 1. Liga Herren 2009<\/p>\n","protected":false},"author":8,"featured_media":5759,"comment_status":"open","ping_status":"open","sticky":false,"template":"","format":"standard","meta":{"colormag_page_container_layout":"default_layout","colormag_page_sidebar_layout":"default_layout","footnotes":""},"categories":[210],"tags":[7,42,6,8],"class_list":["post-5758","post","type-post","status-publish","format-standard","has-post-thumbnail","hentry","category-liga-2009","tag-jurgen-rademacher","tag-manuel-langlotz","tag-marco-rudel","tag-oliver-lieblein"],"_links":{"self":[{"href":"http:\/\/www.tri-team-fuldatal.de\/index.php?rest_route=\/wp\/v2\/posts\/5758","targetHints":{"allow":["GET"]}}],"collection":[{"href":"http:\/\/www.tri-team-fuldatal.de\/index.php?rest_route=\/wp\/v2\/posts"}],"about":[{"href":"http:\/\/www.tri-team-fuldatal.de\/index.php?rest_route=\/wp\/v2\/types\/post"}],"author":[{"embeddable":true,"href":"http:\/\/www.tri-team-fuldatal.de\/index.php?rest_route=\/wp\/v2\/users\/8"}],"replies":[{"embeddable":true,"href":"http:\/\/www.tri-team-fuldatal.de\/index.php?rest_route=%2Fwp%2Fv2%2Fcomments&post=5758"}],"version-history":[{"count":2,"href":"http:\/\/www.tri-team-fuldatal.de\/index.php?rest_route=\/wp\/v2\/posts\/5758\/revisions"}],"predecessor-version":[{"id":5761,"href":"http:\/\/www.tri-team-fuldatal.de\/index.php?rest_route=\/wp\/v2\/posts\/5758\/revisions\/5761"}],"wp:featuredmedia":[{"embeddable":true,"href":"http:\/\/www.tri-team-fuldatal.de\/index.php?rest_route=\/wp\/v2\/media\/5759"}],"wp:attachment":[{"href":"http:\/\/www.tri-team-fuldatal.de\/index.php?rest_route=%2Fwp%2Fv2%2Fmedia&parent=5758"}],"wp:term":[{"taxonomy":"category","embeddable":true,"href":"http:\/\/www.tri-team-fuldatal.de\/index.php?rest_route=%2Fwp%2Fv2%2Fcategories&post=5758"},{"taxonomy":"post_tag","embeddable":true,"href":"http:\/\/www.tri-team-fuldatal.de\/index.php?rest_route=%2Fwp%2Fv2%2Ftags&post=5758"}],"curies":[{"name":"wp","href":"https:\/\/api.w.org\/{rel}","templated":true}]}}