{"id":5755,"date":"2009-12-01T18:56:16","date_gmt":"2009-12-01T17:56:16","guid":{"rendered":"http:\/\/www.tri-team-fuldatal.de\/?p=5755"},"modified":"2016-02-21T18:59:43","modified_gmt":"2016-02-21T17:59:43","slug":"4-liga-herren-saison-2009","status":"publish","type":"post","link":"http:\/\/www.tri-team-fuldatal.de\/?p=5755","title":{"rendered":"4. Liga Herren Saison 2009"},"content":{"rendered":"<p><b>Platz 13 in der 4. Hessenliga- das Ergebnis einer sch\u00f6nen Ligasaison<br \/>\n<\/b><br \/>\nDer Viernheimer Wettkampf war der letzte Wettkampf der 4. Hessenliga. Ihn bestritten die Athleten Mark, Jens, Norman, Bernd und Stefen. Nach 3 h 5 min und 8 sek beendete Mark den Wettkampf als erster Fuldataler. Dahinter folgte Bernd in 3 h 8 min 35 sek, der zusammen mit Mark aus dem Wasser stieg, auf der zweiten Laufrunde aber etwas abrei\u00dfen lassen musste. Jens erreichte nach der erneut besten Laufleistung dieser Mannschaft das Ziel in 3 h 11 min 18 sek als Dritter. Die Mannschaft komplettierte Stefen. Er zeigte eine konstante Leistung in allen drei Disziplinen und erreichte nach 3 h 13 min 11 sek das Ziel. Norman war als f\u00fcnfter Fuldataler nach 3 h 21 min 50 sek im Ziel des letzten Ligawettkampfes der 4. Hessenliga.<\/p>\n<p>Das gew\u00fcnschte Mannschaftsgef\u00fchl hatten die f\u00fcnf Starter auch beim letzten Ligawettkampf, zusammen mit viel Freude an der Sportart und pers\u00f6nlichen Herausforderungen genie\u00dfen k\u00f6nnen. Damit setzte das Team auch beim dritten Wettkampf mit dem 11. Tagesplatz alle gemeinsamen Ziele dieser Saison um.<\/p>\n<p><u><strong>Tabellenstand 4. Hessenliga Herren<\/strong><\/u><\/p>\n<p>Nach 3 von 3 Wettk\u00e4mpfen<\/p>\n<table>\n<tbody>\n<tr>\n<td>Team<\/td>\n<td>Ederauen<\/td>\n<td>Waldeck<\/td>\n<td>Viernheim<\/td>\n<td>Gesamt<\/td>\n<\/tr>\n<tr>\n<td>Team 2<\/td>\n<td>14. Platz<\/td>\n<td>10. Platz<\/td>\n<td>11. Platz<\/td>\n<td>13. Platz<\/td>\n<\/tr>\n<\/tbody>\n<\/table>\n<p><b><br \/>\nVorbericht Viernheim (23.08.): Saisonfinale in Viernheim<br \/>\n<\/b><br \/>\nIn der Folge der beiden Wettk\u00e4mpfe in Darmstadt und Waldeck endet die Ligasaison in der 4. Hessenliga Viernheimer Triathlon. Nach dem 14. Platz zum Auftakt der Saison und dem 10. Platz in Waldeck, hofft das Team auf einen weiteren Aufw\u00e4rtstrend und noch mehr Freude am Mannschaftssport.<\/p>\n<p>Das auf einer Position umbesetzte Team wird durch die Athleten Mark G\u00f6bel, Bernd Walter, Jens Paul, Norman Seeliger und Stefen Weis gebildet. Mark und Bernd, die beide eine Langdistanz in ihrer Vita aufweisen, werden zusammen mit Jens, der gerade beim Ostseeman seine j\u00e4hrliche Langdistanz absolvierte, versuchen, ihren langen Atem auch beim Saisonfinale zu beweisen. Unsere Neulinge Norman und Stefen bem\u00fchen sich dabei noch einmal, ihren Mannschaftskameraden in nichts nachzustehen.<\/p>\n<p>Ein buntes Bild in den Aufstellungen, viel Freude bei den Wettk\u00e4mpfen und mehr Mannschaftsgef\u00fchl im Triathlonsport- die Ziele dieser Mannschaft sind schon jetzt erreicht worden.<br \/>\n<b><br \/>\nWaldecker Edersee Triathlon (18.07.)<br \/>\n<\/b><br \/>\nIn der 4. Hessenliga entstiegen Mark G\u00f6bel und Bernd Walter den Fluten auf dem 9. und 11. Rang, gefolgt von Peter Schmidt, Jens Paul und Norman Seeliger. Jens, der ohne Brille beim Schwimmen die Strecke nur erahnen kann, bewies mit der schnellsten Teamleistung auf dem Rad und beim abschlie\u00dfenden Lauf seine eindeutige St\u00e4rke in diesen Disziplinen und holte auf seine Teamkameraden auf. Nur unwesentlich langsamer- genau 1 Sekunde- absolvierte Mark die Radstrecke und finishte nach dem 10 km Lauf als erster Fuldataler dieses Teams in 2 Stunden, 47 Minuten und 51 Sekunden. Nur eine Minute sp\u00e4ter \u00fcberquerte Bernd die Ziellinie als zweiter Fuldataler, eine weitere Minute sp\u00e4ter erreichte auch Jens das Ziel. Peter komplettierte die Wertung mit drei ausgewogenen Einzelleistungen auf dem 4. Platz in der Mannschaftswertung, Norman erreichte das Ziel als 5. Fuldataler.<\/p>\n<p>Nach dem 14. Platz beim Auftakt der 4. Liga in Darmstadt belegte das Team im heimischen Nordhessen den 10. Platz und h\u00e4lt damit aktuell den 13. Tabellenplatz.<\/p>\n<p><u><strong><br \/>\nTabellenstand 4. Hessenliga Herren<\/strong><\/u><\/p>\n<p>Nach 2 von 3 Wettk\u00e4mpfen<\/p>\n<table>\n<tbody>\n<tr>\n<td>Team<\/td>\n<td>Ederauen<\/td>\n<td>Waldeck<\/td>\n<td>Viernheim<\/td>\n<td>Gesamt<\/td>\n<\/tr>\n<tr>\n<td>Team 2<\/td>\n<td>14. Platz<\/td>\n<td>10. Platz<\/td>\n<td><\/td>\n<td>13. Platz<\/td>\n<\/tr>\n<\/tbody>\n<\/table>\n<p>&nbsp;<\/p>\n<p><u><strong>Ergebnisse<\/strong><\/u><\/p>\n<p>18.07.09\u00a0 Waldecker Edersee Triathlon<\/p>\n<table>\n<tbody>\n<tr>\n<td><\/td>\n<td>Distanzen<\/td>\n<td>Swim<\/td>\n<td>Bike<\/td>\n<td>Run<\/td>\n<td>Gesamt<\/td>\n<td>Platzierung<\/td>\n<\/tr>\n<tr>\n<td>Mark G\u00f6bel<\/td>\n<td>1,5\/44\/10<\/td>\n<td>0:24:11<\/td>\n<td>1:34:49<\/td>\n<td>0:48:50<\/td>\n<td>2:47:51<\/td>\n<td>36. HL 4<\/td>\n<\/tr>\n<tr>\n<td>Bernd Walter<\/td>\n<td>1,5\/44\/10<\/td>\n<td>0:24:15<\/td>\n<td>1:36:46<\/td>\n<td>0:47:58<\/td>\n<td>2:49:00<\/td>\n<td>39. HL 4<\/td>\n<\/tr>\n<tr>\n<td>Jens Paul<\/td>\n<td>1,5\/44\/10<\/td>\n<td>0:31:19<\/td>\n<td>1:34:48<\/td>\n<td>0:43:52<\/td>\n<td>2:50:00<\/td>\n<td>40. HL 4<\/td>\n<\/tr>\n<tr>\n<td>Peter Schmidt<\/td>\n<td>1,5\/44\/10<\/td>\n<td>0:30:13<\/td>\n<td>1:35:48<\/td>\n<td>0:54:29<\/td>\n<td>3:00:30<\/td>\n<td>55. HL 4<\/td>\n<\/tr>\n<tr>\n<td>Norman Seeliger<\/td>\n<td>1,5\/44\/10<\/td>\n<td>0:34:29<\/td>\n<td>1:45:36<\/td>\n<td>0:46:57<\/td>\n<td>3:07:02<\/td>\n<td><\/td>\n<\/tr>\n<\/tbody>\n<\/table>\n<p>07.06.09\u00a0 Triathlon Darmstadt<\/p>\n<table>\n<tbody>\n<tr>\n<td><\/td>\n<td>Distanzen<\/td>\n<td>Swim<\/td>\n<td>Bike<\/td>\n<td>Run<\/td>\n<td>Gesamt<\/td>\n<td>Platzierung<\/td>\n<\/tr>\n<tr>\n<td>Mark G\u00f6bel<\/td>\n<td>0,75\/20\/5<\/td>\n<td>0:11:52<\/td>\n<td>0:32:06<\/td>\n<td>0:23:06<\/td>\n<td>1:10:01<\/td>\n<td>23. HL 4<\/td>\n<\/tr>\n<tr>\n<td>Peter Schmidt<\/td>\n<td>0,75\/20\/5<\/td>\n<td>0:12:59<\/td>\n<td>0:33:25<\/td>\n<td>0:25:54<\/td>\n<td>1:15:25<\/td>\n<td>53. HL 4<\/td>\n<\/tr>\n<tr>\n<td>Christian Kahl<\/td>\n<td>0,75\/20\/5<\/td>\n<td>0:16:57<\/td>\n<td>0:34:07<\/td>\n<td>0:22:35<\/td>\n<td>1:17:13<\/td>\n<td>57. HL 4<\/td>\n<\/tr>\n<tr>\n<td>Stefen Wei\u00df<\/td>\n<td>0,75\/20\/5<\/td>\n<td>0:16:22<\/td>\n<td>0:33:57<\/td>\n<td>0:24:46<\/td>\n<td>1:18:32<\/td>\n<td>66. HL 4<\/td>\n<\/tr>\n<tr>\n<td>Norman Seeliger<\/td>\n<td>0,75\/20\/5<\/td>\n<td>0:16:42<\/td>\n<td>0:36:27<\/td>\n<td>0:24:14<\/td>\n<td>1:20:47<\/td>\n<td>72. HL 4014<\/td>\n<\/tr>\n<\/tbody>\n<\/table>\n<p><a href=\"http:\/\/www.tri-team-fuldatal.de\/wp-content\/uploads\/2016\/02\/LigaH42009.jpg\" rel=\"attachment wp-att-5756\"><img loading=\"lazy\" decoding=\"async\" class=\"alignnone size-medium wp-image-5756\" src=\"http:\/\/www.tri-team-fuldatal.de\/wp-content\/uploads\/2016\/02\/LigaH42009-300x225.jpg\" alt=\"Exif_JPEG_PICTURE\" width=\"300\" height=\"225\" srcset=\"http:\/\/www.tri-team-fuldatal.de\/wp-content\/uploads\/2016\/02\/LigaH42009-300x225.jpg 300w, http:\/\/www.tri-team-fuldatal.de\/wp-content\/uploads\/2016\/02\/LigaH42009-768x576.jpg 768w, http:\/\/www.tri-team-fuldatal.de\/wp-content\/uploads\/2016\/02\/LigaH42009.jpg 1024w\" sizes=\"auto, (max-width: 300px) 100vw, 300px\" \/><\/a><\/p>\n","protected":false},"excerpt":{"rendered":"<p>4. Liga Herren  2009<\/p>\n","protected":false},"author":8,"featured_media":5756,"comment_status":"open","ping_status":"open","sticky":false,"template":"","format":"standard","meta":{"colormag_page_container_layout":"default_layout","colormag_page_sidebar_layout":"default_layout","footnotes":""},"categories":[210],"tags":[44,38,4],"class_list":["post-5755","post","type-post","status-publish","format-standard","has-post-thumbnail","hentry","category-liga-2009","tag-mark-gobel","tag-norman-seeliger","tag-stefen-weis"],"_links":{"self":[{"href":"http:\/\/www.tri-team-fuldatal.de\/index.php?rest_route=\/wp\/v2\/posts\/5755","targetHints":{"allow":["GET"]}}],"collection":[{"href":"http:\/\/www.tri-team-fuldatal.de\/index.php?rest_route=\/wp\/v2\/posts"}],"about":[{"href":"http:\/\/www.tri-team-fuldatal.de\/index.php?rest_route=\/wp\/v2\/types\/post"}],"author":[{"embeddable":true,"href":"http:\/\/www.tri-team-fuldatal.de\/index.php?rest_route=\/wp\/v2\/users\/8"}],"replies":[{"embeddable":true,"href":"http:\/\/www.tri-team-fuldatal.de\/index.php?rest_route=%2Fwp%2Fv2%2Fcomments&post=5755"}],"version-history":[{"count":1,"href":"http:\/\/www.tri-team-fuldatal.de\/index.php?rest_route=\/wp\/v2\/posts\/5755\/revisions"}],"predecessor-version":[{"id":5757,"href":"http:\/\/www.tri-team-fuldatal.de\/index.php?rest_route=\/wp\/v2\/posts\/5755\/revisions\/5757"}],"wp:featuredmedia":[{"embeddable":true,"href":"http:\/\/www.tri-team-fuldatal.de\/index.php?rest_route=\/wp\/v2\/media\/5756"}],"wp:attachment":[{"href":"http:\/\/www.tri-team-fuldatal.de\/index.php?rest_route=%2Fwp%2Fv2%2Fmedia&parent=5755"}],"wp:term":[{"taxonomy":"category","embeddable":true,"href":"http:\/\/www.tri-team-fuldatal.de\/index.php?rest_route=%2Fwp%2Fv2%2Fcategories&post=5755"},{"taxonomy":"post_tag","embeddable":true,"href":"http:\/\/www.tri-team-fuldatal.de\/index.php?rest_route=%2Fwp%2Fv2%2Ftags&post=5755"}],"curies":[{"name":"wp","href":"https:\/\/api.w.org\/{rel}","templated":true}]}}