{"id":5556,"date":"2015-10-06T21:20:19","date_gmt":"2015-10-06T20:20:19","guid":{"rendered":"http:\/\/www.tri-team-fuldatal.de\/?p=5556"},"modified":"2015-10-07T13:53:16","modified_gmt":"2015-10-07T12:53:16","slug":"kasseler-berge-zum-herbst","status":"publish","type":"post","link":"http:\/\/www.tri-team-fuldatal.de\/?p=5556","title":{"rendered":"Kasseler Berge zum Herbst"},"content":{"rendered":"<p style=\"text-align: justify;\">Kassel &#8211;\u00a0 F\u00fcr ein Oktoberwochenende bei Kaiserwetter hatten Yvonne und Takis einige befreundete Rennradfahrer aus Berlin nach Kassel eingeladen. Kaiserwetter, so war es bestellt, so wurde es geliefert. Und das gleich fast ganze drei Tage durch, ein Hammer. Nach tausenden Trainingskilometern im flachen Berlin und Brandenburg ist Yvonne seit diesem Sommer wieder in den heimatlichen, nordhessischen Gefilden unterwegs. Anfangs wusste sie nicht, ob sie das hier alles so wirklich vermisst hatte, diese ganzen H\u00fcgel und Anstiege und so weiter. Aber sch\u00f6n isses ja doch irgendwie, denn wo man hoch f\u00e4hrt, kann man meistens sch\u00f6n gucken und darf auch wieder runterfahren. Zur endg\u00fcltigen Vers\u00f6hnung fehlte nur noch die Berliner Truppe in Kassel auf 3 sch\u00f6nen Tagen bei 3 sch\u00f6nen Touren.<\/p>\n<h3 style=\"text-align: center;\">Tag 1 &#8211; Edersee (112 km \/ 1300 hm)<\/h3>\n<h3 style=\"text-align: center;\"><a href=\"https:\/\/www.strava.com\/activities\/404802649\" target=\"_blank\">https:\/\/www.strava.com\/activities\/404802649<\/a><\/h3>\n<p><a href=\"http:\/\/www.tri-team-fuldatal.de\/wp-content\/uploads\/2015\/10\/DSCN5702.jpg\"><img loading=\"lazy\" decoding=\"async\" class=\"  wp-image-5557 aligncenter\" src=\"http:\/\/www.tri-team-fuldatal.de\/wp-content\/uploads\/2015\/10\/DSCN5702-1024x695.jpg\" alt=\"DSCN5702\" width=\"391\" height=\"266\" srcset=\"http:\/\/www.tri-team-fuldatal.de\/wp-content\/uploads\/2015\/10\/DSCN5702-1024x695.jpg 1024w, http:\/\/www.tri-team-fuldatal.de\/wp-content\/uploads\/2015\/10\/DSCN5702-300x204.jpg 300w, http:\/\/www.tri-team-fuldatal.de\/wp-content\/uploads\/2015\/10\/DSCN5702.jpg 1187w\" sizes=\"auto, (max-width: 391px) 100vw, 391px\" \/><\/a><a href=\"http:\/\/www.tri-team-fuldatal.de\/wp-content\/uploads\/2015\/10\/2.jpg\"><img loading=\"lazy\" decoding=\"async\" class=\"  wp-image-5562 aligncenter\" src=\"http:\/\/www.tri-team-fuldatal.de\/wp-content\/uploads\/2015\/10\/2-1024x765.jpg\" alt=\"2\" width=\"393\" height=\"293\" srcset=\"http:\/\/www.tri-team-fuldatal.de\/wp-content\/uploads\/2015\/10\/2-1024x765.jpg 1024w, http:\/\/www.tri-team-fuldatal.de\/wp-content\/uploads\/2015\/10\/2-300x224.jpg 300w\" sizes=\"auto, (max-width: 393px) 100vw, 393px\" \/><\/a><\/p>\n<p style=\"text-align: justify;\">Zum Einrollen ging es ein wenig \u00fcber die s\u00fcdlich von Kassel gelegenen D\u00f6rfer nach Fritzlar und dort entlang der Eder bis zum wundersch\u00f6nen Edersee. Eine wohlwei\u00dflich gute Idee, dies an einem Freitag zu machen, hielt sich so die Bev\u00f6lkerung der Stra\u00dfe rund um den Edersee durch zweir\u00e4drige Blechkisten relativ in Grenzen. Die Temperaturen gaben es sogar her, dass wir direkt am See auf der Terasse eines Caf\u00e9s einen leckeren Kuchen und einen Kaffee inhalieren konnten. Im Koffeinmodus ging es dann \u00fcber Naumburg zur\u00fcck. Und obwohl eigentlich f\u00fcr den R\u00fcckweg der flache Weg \u00fcber das Basaltwerk geplant war, trieb uns das sonnige Wetter dann doch gleich \u00fcber das Hohe Gras zur\u00fcck nach Kassel. Was ist das auch f\u00fcr eine sch\u00f6n Abfahrt, wenn man in der N\u00e4he der Aue wohnt, vom h\u00f6chsten Punkt \u00fcber 10 km nur bergab, ein sch\u00f6ner Tagesabschluss.<\/p>\n<h3 style=\"text-align: center;\">Tag 2 &#8211; Reinhardswald (161 km \/ 2460 hm)<\/h3>\n<h3 style=\"text-align: center;\"><a href=\"https:\/\/www.strava.com\/activities\/405492406\" target=\"_blank\">https:\/\/www.strava.com\/activities\/405492406<\/a><\/h3>\n<p><a href=\"http:\/\/www.tri-team-fuldatal.de\/wp-content\/uploads\/2015\/10\/DSCN5703.jpg\"><img loading=\"lazy\" decoding=\"async\" class=\"  wp-image-5558 aligncenter\" src=\"http:\/\/www.tri-team-fuldatal.de\/wp-content\/uploads\/2015\/10\/DSCN5703-1024x576.jpg\" alt=\"DSCN5703\" width=\"396\" height=\"223\" srcset=\"http:\/\/www.tri-team-fuldatal.de\/wp-content\/uploads\/2015\/10\/DSCN5703-1024x576.jpg 1024w, http:\/\/www.tri-team-fuldatal.de\/wp-content\/uploads\/2015\/10\/DSCN5703-300x169.jpg 300w, http:\/\/www.tri-team-fuldatal.de\/wp-content\/uploads\/2015\/10\/DSCN5703-195x110.jpg 195w, http:\/\/www.tri-team-fuldatal.de\/wp-content\/uploads\/2015\/10\/DSCN5703.jpg 1358w\" sizes=\"auto, (max-width: 396px) 100vw, 396px\" \/><\/a><a href=\"http:\/\/www.tri-team-fuldatal.de\/wp-content\/uploads\/2015\/10\/DSCN5705.jpg\"><img loading=\"lazy\" decoding=\"async\" class=\"  wp-image-5559 aligncenter\" src=\"http:\/\/www.tri-team-fuldatal.de\/wp-content\/uploads\/2015\/10\/DSCN5705-1024x576.jpg\" alt=\"DSCN5705\" width=\"392\" height=\"221\" srcset=\"http:\/\/www.tri-team-fuldatal.de\/wp-content\/uploads\/2015\/10\/DSCN5705-1024x576.jpg 1024w, http:\/\/www.tri-team-fuldatal.de\/wp-content\/uploads\/2015\/10\/DSCN5705-300x169.jpg 300w, http:\/\/www.tri-team-fuldatal.de\/wp-content\/uploads\/2015\/10\/DSCN5705-195x110.jpg 195w, http:\/\/www.tri-team-fuldatal.de\/wp-content\/uploads\/2015\/10\/DSCN5705.jpg 1358w\" sizes=\"auto, (max-width: 392px) 100vw, 392px\" \/><\/a><\/p>\n<p style=\"text-align: justify;\">Der zweite Tag sollte dann mal dazu dienen, dem h\u00fcgligen nordhessischen &#8222;Berg&#8220;-land alle Ehre zu machen. Wenn man so eine Strecke plant, dann ist man doch manchmal selber erstaunt, wie schnell man hier gute H\u00f6henmeter sammeln kann, wenn man nur will. Was am Vortag die wundersch\u00f6ne Abfahrt war, war um 10 Uhr morgens am Samstag dann unsere Auffahrt. \u00dcber 450 H\u00f6henmeter auf 11 km gleich von der Haust\u00fcr weg, so kann es losgehen. Kurzes Innehalten am Herkules mit einem Ausblick auf eine erwachende Stadt. Dann erstmal sch\u00f6nes Rollern durch das Warmetal, vorbei am Golfplatz in Escheberg und wieder runter an die Warme. Mit kurzer Querung von Hofgeismar ging es dann rein in den Reinhardswald. Viele, viele Ausfl\u00fcge in seiner Kindheit hat Takis hierher schon gemacht und mit Beginn des Radsports war dieser Wald sein meist gefahrenes Trainingsgebiet. Also eine Herzensangelegenheit, die Tour durch diesen wundersch\u00f6nen Wald zu fahren.<\/p>\n<p style=\"text-align: justify;\"><a href=\"http:\/\/www.tri-team-fuldatal.de\/wp-content\/uploads\/2015\/10\/DSCN5710.jpg\"><img loading=\"lazy\" decoding=\"async\" class=\"  wp-image-5560 aligncenter\" src=\"http:\/\/www.tri-team-fuldatal.de\/wp-content\/uploads\/2015\/10\/DSCN5710-1024x576.jpg\" alt=\"DSCN5710\" width=\"392\" height=\"221\" srcset=\"http:\/\/www.tri-team-fuldatal.de\/wp-content\/uploads\/2015\/10\/DSCN5710-1024x576.jpg 1024w, http:\/\/www.tri-team-fuldatal.de\/wp-content\/uploads\/2015\/10\/DSCN5710-300x169.jpg 300w, http:\/\/www.tri-team-fuldatal.de\/wp-content\/uploads\/2015\/10\/DSCN5710-195x110.jpg 195w, http:\/\/www.tri-team-fuldatal.de\/wp-content\/uploads\/2015\/10\/DSCN5710.jpg 1358w\" sizes=\"auto, (max-width: 392px) 100vw, 392px\" \/><\/a><a href=\"http:\/\/www.tri-team-fuldatal.de\/wp-content\/uploads\/2015\/10\/Foto-e1444161682328.jpg\"><img loading=\"lazy\" decoding=\"async\" class=\"  wp-image-5561 aligncenter\" src=\"http:\/\/www.tri-team-fuldatal.de\/wp-content\/uploads\/2015\/10\/Foto-e1444161682328-765x1024.jpg\" alt=\"Foto\" width=\"393\" height=\"526\" srcset=\"http:\/\/www.tri-team-fuldatal.de\/wp-content\/uploads\/2015\/10\/Foto-e1444161682328-765x1024.jpg 765w, http:\/\/www.tri-team-fuldatal.de\/wp-content\/uploads\/2015\/10\/Foto-e1444161682328-224x300.jpg 224w, http:\/\/www.tri-team-fuldatal.de\/wp-content\/uploads\/2015\/10\/Foto-e1444161682328.jpg 1936w\" sizes=\"auto, (max-width: 393px) 100vw, 393px\" \/><\/a><\/p>\n<p style=\"text-align: justify;\">Nachdem die geplante Rast am Tierpark Sababurg leider wegen &#8222;Istnicht&#8220; durch \u00dcberf\u00fcllung von Menschen und Autos ausfallen musste, peilte die Truppe in ihrer Not getrieben von Hunger\u00e4sten den Ort Holzhausen an. Und wie es der Zufall will, treibt ein solcher Umstand echte Perlen ans Land. Wo es im kargen nordhessischen \u00d6dland f\u00fcr Radfahrer nicht eine Selbstverst\u00e4ndlichkeit ist, \u00fcberall mal eben nett einen Kuchen essen zu k\u00f6nnen, war das Caf\u00e9 Melange in Holzhausen eine echte \u00dcberraschung. Super Kaffee, super Kuchen und sogar die Ahle Wurscht Platte war prima. So hatten wir dieses kulinarische Kapitel dann auch gleich abgehakt.<\/p>\n<p style=\"text-align: justify;\">Nachdem nun wieder alle ordentlich aufgetankt waren, gab es noch zwei wichtige Dinge zu erledigen. Den Fuldataler Hausberg in Knickhagen wegrollen und auf dem R\u00fcckweg \u00fcber Calden nochmal den D\u00f6rnberg erklimmen. Willig trabten die Sch\u00e4fchen zu den Schaafrichtern und f\u00fcgten sich dort die n\u00f6tigen Schmerzen zu. Zur\u00fcck ging es dann am diesen Tag aber \u00fcber das Basaltwerk und nicht mehr \u00fcbers Hohe Gras.<\/p>\n<h3 style=\"text-align: center;\"><\/h3>\n<h3 style=\"text-align: center;\">Tag 3 &#8211; Hoher Mei\u00dfner (110 km \/ 1750 hm)<\/h3>\n<h3 style=\"text-align: center;\"><a href=\"https:\/\/www.strava.com\/activities\/406145656\" target=\"_blank\">https:\/\/www.strava.com\/activities\/406145656<\/a><\/h3>\n<p><a href=\"http:\/\/www.tri-team-fuldatal.de\/wp-content\/uploads\/2015\/10\/DSCN5732.jpg\"><img loading=\"lazy\" decoding=\"async\" class=\"  wp-image-5563 aligncenter\" src=\"http:\/\/www.tri-team-fuldatal.de\/wp-content\/uploads\/2015\/10\/DSCN5732-1024x576.jpg\" alt=\"DSCN5732\" width=\"393\" height=\"221\" srcset=\"http:\/\/www.tri-team-fuldatal.de\/wp-content\/uploads\/2015\/10\/DSCN5732-1024x576.jpg 1024w, http:\/\/www.tri-team-fuldatal.de\/wp-content\/uploads\/2015\/10\/DSCN5732-300x169.jpg 300w, http:\/\/www.tri-team-fuldatal.de\/wp-content\/uploads\/2015\/10\/DSCN5732-195x110.jpg 195w, http:\/\/www.tri-team-fuldatal.de\/wp-content\/uploads\/2015\/10\/DSCN5732.jpg 1358w\" sizes=\"auto, (max-width: 393px) 100vw, 393px\" \/><\/a><\/p>\n<p><a href=\"http:\/\/www.tri-team-fuldatal.de\/wp-content\/uploads\/2015\/10\/DSCN5741.jpg\"><img loading=\"lazy\" decoding=\"async\" class=\"  wp-image-5564 aligncenter\" src=\"http:\/\/www.tri-team-fuldatal.de\/wp-content\/uploads\/2015\/10\/DSCN5741-1024x576.jpg\" alt=\"DSCN5741\" width=\"394\" height=\"222\" srcset=\"http:\/\/www.tri-team-fuldatal.de\/wp-content\/uploads\/2015\/10\/DSCN5741-1024x576.jpg 1024w, http:\/\/www.tri-team-fuldatal.de\/wp-content\/uploads\/2015\/10\/DSCN5741-300x169.jpg 300w, http:\/\/www.tri-team-fuldatal.de\/wp-content\/uploads\/2015\/10\/DSCN5741-195x110.jpg 195w, http:\/\/www.tri-team-fuldatal.de\/wp-content\/uploads\/2015\/10\/DSCN5741.jpg 1358w\" sizes=\"auto, (max-width: 394px) 100vw, 394px\" \/><\/a><\/p>\n<p style=\"text-align: justify;\">Leider hatte das Fahrerfeld an Tag 3 leichte Ausf\u00e4lle zu beklagen. Yvonne hatte ein heimt\u00fcckischer Magendarminfekt dahingerafft. Also allein unter M\u00e4nnern ging es dann Richtung Osten, um unseren sch\u00e4rfsten Anstieg der Region, den Hohen Mei\u00dfner, abzuhaken. Erw\u00e4hnte ich schon, dass wir an diesem Wochenende schweinegeiles Wetter hatten? Vielleicht nicht oft genug. Auch wenn es bei Nebel diesmal auch &#8222;schon&#8220; um 9 Uhr losging, wurde es sp\u00e4ter noch recht kuschelig. \u00dcber die Strecke des WVC-Triathlon ging es nach Wattenbach raus. Dahinter \u00fcber Quentel und Hessisch Lichtenau bis etwa Waldkappel, also erstmal um den Hohen Boss drumherum. Momente, in denen man merkt, welche Regionen des Radreviers man eigentlich viel zu selten unter die R\u00e4der bekommt, was f\u00fcr eine sch\u00f6ne Ecke und was f\u00fcr ruhige Stra\u00dfen!<\/p>\n<p style=\"text-align: justify;\">\u00dcber Rodebach schlug sich die Truppe nach Vockerode durch und auf der Stoppomatstrecke ging es dann rauf auf den &#8222;Gipfel&#8220;. Auf der Terasse des Restaurants am Mei\u00dfner plante die Truppe eine kurze Pause ein.\u00a0 Kurz war dann nicht, weil v\u00f6llig \u00fcberraschend an einem Sonntag mit Feiertagswochenende bei bestem Wetter total viele G\u00e4ste kamen und auch noch so dreist waren, etwas zu Essen zu bestellen. Verr\u00fcckte Sache so was. Da kann man dann auf so was einfaches wie Kaffee und Kuchen schon mal ein wenig warten. Zur\u00fcck ging es \u00dcber Helsa. Auch zu wenig auf dem Schirm die schnelle Abfahrt von Friedrichsbr\u00fcck bis Helsa, geile Piste.<\/p>\n<p style=\"text-align: justify;\">Und schon war Tag 3 verflogen und in vorfreudiger Hoffnung werden wir unsere Flachlandtiroler hier nochmal begr\u00fc\u00dfen d\u00fcrfen.<\/p>\n","protected":false},"excerpt":{"rendered":"<p>2.10. &#8211; 4.10. Trainingswochenende in Kassel<\/p>\n","protected":false},"author":7,"featured_media":5560,"comment_status":"open","ping_status":"open","sticky":false,"template":"","format":"standard","meta":{"colormag_page_container_layout":"default_layout","colormag_page_sidebar_layout":"default_layout","footnotes":""},"categories":[121],"tags":[109,29],"class_list":["post-5556","post","type-post","status-publish","format-standard","has-post-thumbnail","hentry","category-training-2012","tag-takis-keldenich","tag-yvonne-dippel"],"_links":{"self":[{"href":"http:\/\/www.tri-team-fuldatal.de\/index.php?rest_route=\/wp\/v2\/posts\/5556","targetHints":{"allow":["GET"]}}],"collection":[{"href":"http:\/\/www.tri-team-fuldatal.de\/index.php?rest_route=\/wp\/v2\/posts"}],"about":[{"href":"http:\/\/www.tri-team-fuldatal.de\/index.php?rest_route=\/wp\/v2\/types\/post"}],"author":[{"embeddable":true,"href":"http:\/\/www.tri-team-fuldatal.de\/index.php?rest_route=\/wp\/v2\/users\/7"}],"replies":[{"embeddable":true,"href":"http:\/\/www.tri-team-fuldatal.de\/index.php?rest_route=%2Fwp%2Fv2%2Fcomments&post=5556"}],"version-history":[{"count":10,"href":"http:\/\/www.tri-team-fuldatal.de\/index.php?rest_route=\/wp\/v2\/posts\/5556\/revisions"}],"predecessor-version":[{"id":5574,"href":"http:\/\/www.tri-team-fuldatal.de\/index.php?rest_route=\/wp\/v2\/posts\/5556\/revisions\/5574"}],"wp:featuredmedia":[{"embeddable":true,"href":"http:\/\/www.tri-team-fuldatal.de\/index.php?rest_route=\/wp\/v2\/media\/5560"}],"wp:attachment":[{"href":"http:\/\/www.tri-team-fuldatal.de\/index.php?rest_route=%2Fwp%2Fv2%2Fmedia&parent=5556"}],"wp:term":[{"taxonomy":"category","embeddable":true,"href":"http:\/\/www.tri-team-fuldatal.de\/index.php?rest_route=%2Fwp%2Fv2%2Fcategories&post=5556"},{"taxonomy":"post_tag","embeddable":true,"href":"http:\/\/www.tri-team-fuldatal.de\/index.php?rest_route=%2Fwp%2Fv2%2Ftags&post=5556"}],"curies":[{"name":"wp","href":"https:\/\/api.w.org\/{rel}","templated":true}]}}