{"id":5550,"date":"2015-10-06T13:27:34","date_gmt":"2015-10-06T12:27:34","guid":{"rendered":"http:\/\/www.tri-team-fuldatal.de\/?p=5550"},"modified":"2015-10-06T13:27:34","modified_gmt":"2015-10-06T12:27:34","slug":"herkules-berglauf-2","status":"publish","type":"post","link":"http:\/\/www.tri-team-fuldatal.de\/?p=5550","title":{"rendered":"Herkules Berglauf"},"content":{"rendered":"<p style=\"text-align: justify;\">\n<p style=\"text-align: justify;\"><a href=\"http:\/\/www.tri-team-fuldatal.de\/wp-content\/uploads\/2015\/10\/IMAG0538.jpg\"><img loading=\"lazy\" decoding=\"async\" class=\" size-large wp-image-5551 aligncenter\" src=\"http:\/\/www.tri-team-fuldatal.de\/wp-content\/uploads\/2015\/10\/IMAG0538-1024x579.jpg\" alt=\"IMAG0538\" width=\"620\" height=\"351\" srcset=\"http:\/\/www.tri-team-fuldatal.de\/wp-content\/uploads\/2015\/10\/IMAG0538-1024x579.jpg 1024w, http:\/\/www.tri-team-fuldatal.de\/wp-content\/uploads\/2015\/10\/IMAG0538-300x170.jpg 300w, http:\/\/www.tri-team-fuldatal.de\/wp-content\/uploads\/2015\/10\/IMAG0538-195x110.jpg 195w\" sizes=\"auto, (max-width: 620px) 100vw, 620px\" \/><\/a><\/p>\n<p style=\"text-align: justify;\">Kassel &#8211; Auch in diesem Jahr stand der Herkules Berglauf wieder auf dem Programm einiger unserer Starter. Mit seiner Strecke von 6,2 km auf 370 H\u00f6henmeter durch den sch\u00f6nen Kassler Bergpark verlangt der Lauf einiges ab und bietet nur auf sehr kurzen Teilst\u00fccken mal eine kleine Verschnaufpause. 126 L\u00e4ufer standen in diesem Jahr am Start und freuten sich auf einen Lauf bei heiterem Himmel und guten Temperaturen. Wenn da nicht diese kleine, aber potente Regenwolke genau \u00fcber dem Park gewesen w\u00e4re. Sie setzte direkt ab Startschuss den Park f\u00fcr eine Stunde komplett unter Wasser und mit ihm alle L\u00e4ufer. Danach wieder Sonne &#8230; ein besonderes Vergn\u00fcgen.<\/p>\n<p style=\"text-align: justify;\"><a href=\"http:\/\/www.tri-team-fuldatal.de\/wp-content\/uploads\/2015\/10\/dieter.jpg\"><img loading=\"lazy\" decoding=\"async\" class=\"  wp-image-5553 aligncenter\" src=\"http:\/\/www.tri-team-fuldatal.de\/wp-content\/uploads\/2015\/10\/dieter-847x1024.jpg\" alt=\"dieter\" width=\"332\" height=\"402\" srcset=\"http:\/\/www.tri-team-fuldatal.de\/wp-content\/uploads\/2015\/10\/dieter-847x1024.jpg 847w, http:\/\/www.tri-team-fuldatal.de\/wp-content\/uploads\/2015\/10\/dieter-248x300.jpg 248w, http:\/\/www.tri-team-fuldatal.de\/wp-content\/uploads\/2015\/10\/dieter.jpg 1520w\" sizes=\"auto, (max-width: 332px) 100vw, 332px\" \/><\/a><\/p>\n<p style=\"text-align: justify;\">Vom Tri-Team waren 4 L\u00e4ufer am Start. Dauerbrenner Dieter Koch, unsere Berlin-R\u00fcckkehrerin Yvonne Dippel, Janne Wiemann in der Vorbereitung f\u00fcr eine Mitteldistanz auf Mallorca und Takis Keldenich einfach so. :)<\/p>\n<p style=\"text-align: justify;\"><a href=\"http:\/\/www.tri-team-fuldatal.de\/wp-content\/uploads\/2015\/10\/yvonne.jpg\"><img loading=\"lazy\" decoding=\"async\" class=\"  wp-image-5554 aligncenter\" src=\"http:\/\/www.tri-team-fuldatal.de\/wp-content\/uploads\/2015\/10\/yvonne-834x1024.jpg\" alt=\"yvonne\" width=\"334\" height=\"410\" srcset=\"http:\/\/www.tri-team-fuldatal.de\/wp-content\/uploads\/2015\/10\/yvonne-834x1024.jpg 834w, http:\/\/www.tri-team-fuldatal.de\/wp-content\/uploads\/2015\/10\/yvonne-244x300.jpg 244w, http:\/\/www.tri-team-fuldatal.de\/wp-content\/uploads\/2015\/10\/yvonne.jpg 1520w\" sizes=\"auto, (max-width: 334px) 100vw, 334px\" \/><\/a><\/p>\n<p style=\"text-align: justify;\">Am erfolgreichsten konnte sich Yvonne pr\u00e4sentieren und lief bei den Frauen auf einen vierten Gesamtplatz. Bis zu den Serpentinen ab dem Kaskadenrestaurant lief sie noch um das Podium mit, wurde aber dann dort auf den letzten beiden Kilometern von der sp\u00e4ter Drittplatzierten immer weiter distanziert.<\/p>\n<p style=\"text-align: justify;\">Alle Ergebnisse hier -&gt; http:\/\/my3.raceresult.com\/42514\/results?lang=de#1_A472E2<\/p>\n","protected":false},"excerpt":{"rendered":"<p>19.09.2015 &#8211; Herkules Berglauf<\/p>\n","protected":false},"author":7,"featured_media":5551,"comment_status":"open","ping_status":"open","sticky":false,"template":"","format":"standard","meta":{"colormag_page_container_layout":"default_layout","colormag_page_sidebar_layout":"default_layout","footnotes":""},"categories":[184],"tags":[60,109,29],"class_list":["post-5550","post","type-post","status-publish","format-standard","has-post-thumbnail","hentry","category-lauf-2015","tag-dieter-koch","tag-takis-keldenich","tag-yvonne-dippel"],"_links":{"self":[{"href":"http:\/\/www.tri-team-fuldatal.de\/index.php?rest_route=\/wp\/v2\/posts\/5550","targetHints":{"allow":["GET"]}}],"collection":[{"href":"http:\/\/www.tri-team-fuldatal.de\/index.php?rest_route=\/wp\/v2\/posts"}],"about":[{"href":"http:\/\/www.tri-team-fuldatal.de\/index.php?rest_route=\/wp\/v2\/types\/post"}],"author":[{"embeddable":true,"href":"http:\/\/www.tri-team-fuldatal.de\/index.php?rest_route=\/wp\/v2\/users\/7"}],"replies":[{"embeddable":true,"href":"http:\/\/www.tri-team-fuldatal.de\/index.php?rest_route=%2Fwp%2Fv2%2Fcomments&post=5550"}],"version-history":[{"count":1,"href":"http:\/\/www.tri-team-fuldatal.de\/index.php?rest_route=\/wp\/v2\/posts\/5550\/revisions"}],"predecessor-version":[{"id":5555,"href":"http:\/\/www.tri-team-fuldatal.de\/index.php?rest_route=\/wp\/v2\/posts\/5550\/revisions\/5555"}],"wp:featuredmedia":[{"embeddable":true,"href":"http:\/\/www.tri-team-fuldatal.de\/index.php?rest_route=\/wp\/v2\/media\/5551"}],"wp:attachment":[{"href":"http:\/\/www.tri-team-fuldatal.de\/index.php?rest_route=%2Fwp%2Fv2%2Fmedia&parent=5550"}],"wp:term":[{"taxonomy":"category","embeddable":true,"href":"http:\/\/www.tri-team-fuldatal.de\/index.php?rest_route=%2Fwp%2Fv2%2Fcategories&post=5550"},{"taxonomy":"post_tag","embeddable":true,"href":"http:\/\/www.tri-team-fuldatal.de\/index.php?rest_route=%2Fwp%2Fv2%2Ftags&post=5550"}],"curies":[{"name":"wp","href":"https:\/\/api.w.org\/{rel}","templated":true}]}}