{"id":5528,"date":"2015-09-01T11:52:33","date_gmt":"2015-09-01T10:52:33","guid":{"rendered":"http:\/\/www.tri-team-fuldatal.de\/?p=5528"},"modified":"2015-09-09T12:35:48","modified_gmt":"2015-09-09T11:35:48","slug":"twistesee-triathlon","status":"publish","type":"post","link":"http:\/\/www.tri-team-fuldatal.de\/?p=5528","title":{"rendered":"Twistesee Triathlon"},"content":{"rendered":"<h2 style=\"text-align: center;\">Twistesee Triathlon Old Guys and Young Girls<\/h2>\n<p><a href=\"http:\/\/www.tri-team-fuldatal.de\/wp-content\/uploads\/2015\/09\/20150830_120455.jpg\"><img loading=\"lazy\" decoding=\"async\" class=\"  wp-image-5529 aligncenter\" src=\"http:\/\/www.tri-team-fuldatal.de\/wp-content\/uploads\/2015\/09\/20150830_120455-1024x576.jpg\" alt=\"20150830_120455\" width=\"478\" height=\"269\" srcset=\"http:\/\/www.tri-team-fuldatal.de\/wp-content\/uploads\/2015\/09\/20150830_120455-1024x576.jpg 1024w, http:\/\/www.tri-team-fuldatal.de\/wp-content\/uploads\/2015\/09\/20150830_120455-300x169.jpg 300w, http:\/\/www.tri-team-fuldatal.de\/wp-content\/uploads\/2015\/09\/20150830_120455-195x110.jpg 195w\" sizes=\"auto, (max-width: 478px) 100vw, 478px\" \/><\/a><\/p>\n<p>Wetterburg &#8211; Noch ein Mal zeigte uns der Sommer, dass er noch nicht zuende ist. Mit \u00fcber 30\u00b0C bei relativ trockener Hitze mussten unseren M\u00e4nner f\u00fcr die 2. Seniorenliga rann. Neben ihnen gab es eine ganze Reihe an offenen Startern. Neben dem Schwimmen im sch\u00f6n gelegenen Twistesee war gerade f\u00fcr die Starter Olympischen Klasse bei den hei\u00dfen Temperaturen die Radstrecke eine echte Herausforderung. Mit etwa 700 H\u00f6henmetern verteilt auf 40 km L\u00e4nge ist schon ein guter Radpunch n\u00f6tig, damit einem das nicht die Z\u00e4hne zieht. Auch beim Laufen sorgt ein kurzer steiler Stich f\u00fcr keine Entlastung.<\/p>\n<p>&nbsp;<\/p>\n<h3 style=\"text-align: center;\">2. Seniorenliga<\/h3>\n<p>&nbsp;<\/p>\n<p style=\"text-align: justify;\">Nach wunderbaren Rennen unter anderem in Waldeck oder auch Viernheim kam die Seniorenliga noch in den Genuss eines ebenso sch\u00f6nen Rennens am Twistesee. F\u00fcr das Team gingen Stefan Cloodt, Dirk Wiegand, Hubert Krantz und Stefen Wei\u00df an den Start. Mit einer bombigen Radzeit konnte sich Stefan sehr gut platzieren und kam als 8. Gesamt ins Ziel. Auch Stefen zeigte mit dem 14. Platz ein top Rennen. Von dem Temperaturen gezeichnet komplettierte Dirk Wiegand mit Platz 38 das Team f\u00fcr die Ligawertung. 6 Pl\u00e4tze dahinter erreichte auch Hubert nach einem harten Renntag das Ziel. In der Tageswertung konnte mit diesen Leistungen ein guter 8. Platz von 14 Teams erreicht werden. Auch in der Endabrechnung der Liga steht f\u00fcr die Jungs ein toller 6. Platz. Unterm Strich also eine sehr erfolgreiche erste Saison in der Seniorenliga.<\/p>\n<h3 style=\"text-align: center;\">Offene Klasse Sprintdistanz<\/h3>\n<p><a href=\"http:\/\/www.tri-team-fuldatal.de\/wp-content\/uploads\/2015\/09\/20150830_122600.jpg\"><img loading=\"lazy\" decoding=\"async\" class=\"  wp-image-5530 aligncenter\" src=\"http:\/\/www.tri-team-fuldatal.de\/wp-content\/uploads\/2015\/09\/20150830_122600-1024x576.jpg\" alt=\"20150830_122600\" width=\"481\" height=\"271\" srcset=\"http:\/\/www.tri-team-fuldatal.de\/wp-content\/uploads\/2015\/09\/20150830_122600-1024x576.jpg 1024w, http:\/\/www.tri-team-fuldatal.de\/wp-content\/uploads\/2015\/09\/20150830_122600-300x169.jpg 300w, http:\/\/www.tri-team-fuldatal.de\/wp-content\/uploads\/2015\/09\/20150830_122600-195x110.jpg 195w\" sizes=\"auto, (max-width: 481px) 100vw, 481px\" \/><\/a><\/p>\n<p style=\"text-align: justify;\">Bei den Damen der Offenen Klasse auf dem Sprint konnten sich Anke Scheele und Yvonne Dippel mit Platz 1 und 2 sehr gut durchsetzen. Anke legte bei den Damen einen Startzielsieg hin. Mit einer gewohnt guten Schwimmleistung legte sie ein gutes Polster vor. Yvonne musste Anke um fast 3 Minuten ziehen lassen. Auf dem Rad kam dann Yvonnes aktuelle Paradedisziplin. Nicht ganz so schnell wie geplant absolvierte sie die 20 km. Mit 1:20 min R\u00fcckstand beim zweiten Wechsel ging es dann auf die Jagd. Doch beim Laufen nahmens ich die beiden nichts und liefen ann\u00e4hernd gleiche Laufzeiten. Mit einem vierten Platz in ihrer Altersklasse lieferte auch Salvatrive Plantera ein super Rennen ab, um gleich im Anschluss wie gewohnt mit ganzem Temperament die Herren der Liga anzufeuern.<\/p>\n<p style=\"text-align: justify;\">Bei den M\u00e4nnern sorgte Andre Ritter Bastos f\u00fcr die beste Platzierung mit dem 8. Gesamtrang. Eine Zeitstrafe verhinderte den Anschluss an Platz 6. Durch einen Kampfrichter \u00fcbereifrig ausgeteilt kassierte Andre diese Zeitstrafe beim Durchqueren der Windschattenbox. Dass man w\u00e4hrend eines \u00dcberholvorgangs etwa 30 Sekunden die Box von 3&#215;10 Metern durchfahren und nicht umfahren muss, interessierte hier nicht. Takis Keldenich konnte mit Platz 13 ein solides Rennen beenden, auch wenn er sich auf dem Rad mehr ausgerechnet hatte. Dennis Viehmann finishte auf Platz 66.<\/p>\n<h3 style=\"text-align: center;\">Offene Klasse Olympische Distanz<\/h3>\n<p><a href=\"http:\/\/www.tri-team-fuldatal.de\/wp-content\/uploads\/2015\/09\/20150830_113401.jpg\"><img loading=\"lazy\" decoding=\"async\" class=\"  wp-image-5531 aligncenter\" src=\"http:\/\/www.tri-team-fuldatal.de\/wp-content\/uploads\/2015\/09\/20150830_113401-1024x576.jpg\" alt=\"20150830_113401\" width=\"513\" height=\"289\" srcset=\"http:\/\/www.tri-team-fuldatal.de\/wp-content\/uploads\/2015\/09\/20150830_113401-1024x576.jpg 1024w, http:\/\/www.tri-team-fuldatal.de\/wp-content\/uploads\/2015\/09\/20150830_113401-300x169.jpg 300w, http:\/\/www.tri-team-fuldatal.de\/wp-content\/uploads\/2015\/09\/20150830_113401-195x110.jpg 195w\" sizes=\"auto, (max-width: 513px) 100vw, 513px\" \/><\/a><\/p>\n<p style=\"text-align: justify;\">Hier trat vom Tri-Team Tobias Henne zur Titelverteidigung an. Dieses Jahr meldete allerdings spontan Daniel Schmoll vom TUS Griesheim f\u00fcr das Rennen nach, so dass Tobias eine Konkurrenz auf Augenh\u00f6he serviert bekam. Mit der schnellsten Schwimmzeit lie\u00df er auch keine Zweifel daran, dass er an diesem Tag gewinnen will. Etwa 10 Sekunden konnte er Daniel Schmoll distanzieren. Beim Radfahren wendete sich das Blatt allerdings. Auf den vielen flachen Passagen des Radkurses konnte Daniel mit seinem aerodynamisch besser optimierten Zeitfahrrad den entscheidenden Abstand heraus fahren. Mit etwa 45 Sekunden R\u00fcckstand ging es auf die 10 Kilometer. Hier konnte Tobias den Anschluss nicht mehr herstellen und beendete das Rennen auf einem hervorragenden zweiten Platz. Andreas Langhans finishte am Ende seiner ersten Triathlonsaison mit einer guten Zeit von 2:53:30. Auch Petra Schildw\u00e4chter nutzte die Olympische Distanz, um sich auf eine Mitteldistanz im Herbst auf Mallorca vorzubereiten. Sie kam erfolgreich als vierte ihrer Altersklasse ins Ziel.<\/p>\n","protected":false},"excerpt":{"rendered":"<p>30.08.2015 &#8211; Twistesee Triathlon<\/p>\n","protected":false},"author":7,"featured_media":5532,"comment_status":"open","ping_status":"open","sticky":false,"template":"","format":"standard","meta":{"colormag_page_container_layout":"default_layout","colormag_page_sidebar_layout":"default_layout","footnotes":""},"categories":[189,191],"tags":[30,32,34,65,26,187,109,29],"class_list":["post-5528","post","type-post","status-publish","format-standard","has-post-thumbnail","hentry","category-liga-2015","category-triathlonduathlon-2015","tag-anke-scheele","tag-dirk-wiegand","tag-hubert-krantz","tag-petra-schildwachter","tag-salvatrice-plantera","tag-stefan-cloodt","tag-takis-keldenich","tag-yvonne-dippel"],"_links":{"self":[{"href":"http:\/\/www.tri-team-fuldatal.de\/index.php?rest_route=\/wp\/v2\/posts\/5528","targetHints":{"allow":["GET"]}}],"collection":[{"href":"http:\/\/www.tri-team-fuldatal.de\/index.php?rest_route=\/wp\/v2\/posts"}],"about":[{"href":"http:\/\/www.tri-team-fuldatal.de\/index.php?rest_route=\/wp\/v2\/types\/post"}],"author":[{"embeddable":true,"href":"http:\/\/www.tri-team-fuldatal.de\/index.php?rest_route=\/wp\/v2\/users\/7"}],"replies":[{"embeddable":true,"href":"http:\/\/www.tri-team-fuldatal.de\/index.php?rest_route=%2Fwp%2Fv2%2Fcomments&post=5528"}],"version-history":[{"count":2,"href":"http:\/\/www.tri-team-fuldatal.de\/index.php?rest_route=\/wp\/v2\/posts\/5528\/revisions"}],"predecessor-version":[{"id":5534,"href":"http:\/\/www.tri-team-fuldatal.de\/index.php?rest_route=\/wp\/v2\/posts\/5528\/revisions\/5534"}],"wp:featuredmedia":[{"embeddable":true,"href":"http:\/\/www.tri-team-fuldatal.de\/index.php?rest_route=\/wp\/v2\/media\/5532"}],"wp:attachment":[{"href":"http:\/\/www.tri-team-fuldatal.de\/index.php?rest_route=%2Fwp%2Fv2%2Fmedia&parent=5528"}],"wp:term":[{"taxonomy":"category","embeddable":true,"href":"http:\/\/www.tri-team-fuldatal.de\/index.php?rest_route=%2Fwp%2Fv2%2Fcategories&post=5528"},{"taxonomy":"post_tag","embeddable":true,"href":"http:\/\/www.tri-team-fuldatal.de\/index.php?rest_route=%2Fwp%2Fv2%2Ftags&post=5528"}],"curies":[{"name":"wp","href":"https:\/\/api.w.org\/{rel}","templated":true}]}}