{"id":5516,"date":"2015-09-01T10:31:50","date_gmt":"2015-09-01T09:31:50","guid":{"rendered":"http:\/\/www.tri-team-fuldatal.de\/?p=5516"},"modified":"2015-09-01T10:32:28","modified_gmt":"2015-09-01T09:32:28","slug":"12-fuldataler-triathlon","status":"publish","type":"post","link":"http:\/\/www.tri-team-fuldatal.de\/?p=5516","title":{"rendered":"12. Fuldataler Triathlon"},"content":{"rendered":"<h2 style=\"text-align: center;\">12. Fuldataler Triathlon<\/h2>\n<p><a href=\"http:\/\/www.tri-team-fuldatal.de\/wp-content\/uploads\/2015\/09\/2015-Fuldataler-Triathlon-Laufen-Ziel-65-von-85.jpg\"><img loading=\"lazy\" decoding=\"async\" class=\"  wp-image-5517 aligncenter\" src=\"http:\/\/www.tri-team-fuldatal.de\/wp-content\/uploads\/2015\/09\/2015-Fuldataler-Triathlon-Laufen-Ziel-65-von-85-1024x683.jpg\" alt=\"2015 Fuldataler Triathlon - Laufen - Ziel (65 von 85)\" width=\"419\" height=\"280\" srcset=\"http:\/\/www.tri-team-fuldatal.de\/wp-content\/uploads\/2015\/09\/2015-Fuldataler-Triathlon-Laufen-Ziel-65-von-85-1024x683.jpg 1024w, http:\/\/www.tri-team-fuldatal.de\/wp-content\/uploads\/2015\/09\/2015-Fuldataler-Triathlon-Laufen-Ziel-65-von-85-300x200.jpg 300w\" sizes=\"auto, (max-width: 419px) 100vw, 419px\" \/><\/a><\/p>\n<p style=\"text-align: justify;\">Fuldatal &#8211; mit einer neuen Radstrecke und einer neuen Laufstrecke im Gep\u00e4ck richtete das Tri-Team Fuldatal mit einem gro\u00dfen organisatorischen Kraftakt einen frischen und neuen Wettkampf aus. Aus Ligaseite waren die 1. sowie 2. HTL, wie auch die Regionalliga am Start. Besonderheit f\u00fcr die Ligastarter war ein Teamformat, bei dem alle Starter in einem geschlossenen Verbund den Wettkampf zu absolvieren hatten. Das Wetter pr\u00e4sentierte sich von einer blendenen Seite und so stand einem gro\u00dfen Triathlonfest nichts mehr im Weg.<\/p>\n<h3 style=\"text-align: center;\">1. Hessische Triathlonliga Damen<\/h3>\n<p><a href=\"http:\/\/www.tri-team-fuldatal.de\/wp-content\/uploads\/2015\/09\/11033397_992026887527576_4412340507160452160_o.jpg\"><img loading=\"lazy\" decoding=\"async\" class=\"  wp-image-5518 aligncenter\" src=\"http:\/\/www.tri-team-fuldatal.de\/wp-content\/uploads\/2015\/09\/11033397_992026887527576_4412340507160452160_o-1024x683.jpg\" alt=\"11033397_992026887527576_4412340507160452160_o\" width=\"448\" height=\"299\" srcset=\"http:\/\/www.tri-team-fuldatal.de\/wp-content\/uploads\/2015\/09\/11033397_992026887527576_4412340507160452160_o-1024x683.jpg 1024w, http:\/\/www.tri-team-fuldatal.de\/wp-content\/uploads\/2015\/09\/11033397_992026887527576_4412340507160452160_o-300x200.jpg 300w, http:\/\/www.tri-team-fuldatal.de\/wp-content\/uploads\/2015\/09\/11033397_992026887527576_4412340507160452160_o.jpg 2048w\" sizes=\"auto, (max-width: 448px) 100vw, 448px\" \/><\/a><\/p>\n<p style=\"text-align: justify;\">Unsere Damen gingen mit einem konkurrenzf\u00e4higem Team bestehend aus Saskia Freiwald, Anke Scheele, Kay Janne Wiemann und Ange Range an den Start. Zuerst hie\u00df es die langsamste Schwimmerin \u00fcber die 750 Meter zu bekommen. Dies gelang sehr gut und das Team kam auf Platz 4 von 11 aus dem Wasser, um gemeinsam auf das Rad zu steigen. Auf dem anspruchsvollen Radkurs mit teils schnellen Kurven reichte die Homogenit\u00e4t des Teams nicht aus den Platz zu halten. 2 Pl\u00e4tze gingen beim Radfahren verloren. Mit einem Kraftakt beim Laufen konnten die M\u00e4dels aber ihre Position nach hinten perfekt absichern und zeigten in der dritten Disziplin keine Schw\u00e4che. Weiter geht es f\u00fcr die Damen bei einer Olympischen Distanz in Rodgau.<\/p>\n<h3 style=\"text-align: center;\">Regionalliga Mitte Herren<\/h3>\n<p><a href=\"http:\/\/www.tri-team-fuldatal.de\/wp-content\/uploads\/2015\/09\/2015-Fuldataler-Triathlon-Laufen-Ziel-16-von-85.jpg\"><img loading=\"lazy\" decoding=\"async\" class=\"  wp-image-5519 aligncenter\" src=\"http:\/\/www.tri-team-fuldatal.de\/wp-content\/uploads\/2015\/09\/2015-Fuldataler-Triathlon-Laufen-Ziel-16-von-85-1024x683.jpg\" alt=\"2015 Fuldataler Triathlon - Laufen - Ziel (16 von 85)\" width=\"447\" height=\"299\" srcset=\"http:\/\/www.tri-team-fuldatal.de\/wp-content\/uploads\/2015\/09\/2015-Fuldataler-Triathlon-Laufen-Ziel-16-von-85-1024x683.jpg 1024w, http:\/\/www.tri-team-fuldatal.de\/wp-content\/uploads\/2015\/09\/2015-Fuldataler-Triathlon-Laufen-Ziel-16-von-85-300x200.jpg 300w\" sizes=\"auto, (max-width: 447px) 100vw, 447px\" \/><\/a><\/p>\n<p style=\"text-align: justify;\">Bei den Herren des Teams war die Besetzung f\u00fcr das Fuldataler Rennen eine schwierige Sache. Oliver Lieblein stand kurz vor seiner Langdistanz in Kalmar und konnte das Team daher nicht unterst\u00fctzen und auch Sebastian Bleisteiner wollte sich dem Risiko eines Teamzeitfahrens auf dem Rad nicht aussetzen, um einen Ausfall f\u00fcr andere Wettk\u00e4mpfe zu vermeiden. Mit Daniel Gebert, Marco Rudel, Manuel Langlotz, Andre Ritter Bastos und Tobias Henne bekamen die Jungs aber dennoch eine schlagkr\u00e4ftige Truppe zusammen. Beim Schwimmen lagen die Jungs vorerst mit Platz 7 von 13 im Mittelfeld. Auf dem Rad allerdings konnte dann richtig Boden gut gemacht werden. Hier opferte Marco Rudel alles, was in den Beinen steckte, um dann wie geplant vor dem Laufen auszusteigen. Dieser Kraftakt schob die Mannschaft auf Platz 4 nach vorne. Dank einer sehr guten Laufleistung und auch der Tatsache dass einige der Konkurrenten Zeitstrafen abzusitzen hatten erm\u00f6glichte einen f\u00fcr die Verh\u00e4ltnisse sehr guten 2. Gesamplatz in der Ligawertung.<\/p>\n","protected":false},"excerpt":{"rendered":"<p>09.08.2015 &#8211; Fuldataler Triathlon<\/p>\n","protected":false},"author":7,"featured_media":5517,"comment_status":"open","ping_status":"open","sticky":false,"template":"","format":"standard","meta":{"colormag_page_container_layout":"default_layout","colormag_page_sidebar_layout":"default_layout","footnotes":""},"categories":[189],"tags":[30,178,105,42,6,162],"class_list":["post-5516","post","type-post","status-publish","format-standard","has-post-thumbnail","hentry","category-liga-2015","tag-anke-scheele","tag-anne-range","tag-daniel-gebert","tag-manuel-langlotz","tag-marco-rudel","tag-saskia-freiwald"],"_links":{"self":[{"href":"http:\/\/www.tri-team-fuldatal.de\/index.php?rest_route=\/wp\/v2\/posts\/5516","targetHints":{"allow":["GET"]}}],"collection":[{"href":"http:\/\/www.tri-team-fuldatal.de\/index.php?rest_route=\/wp\/v2\/posts"}],"about":[{"href":"http:\/\/www.tri-team-fuldatal.de\/index.php?rest_route=\/wp\/v2\/types\/post"}],"author":[{"embeddable":true,"href":"http:\/\/www.tri-team-fuldatal.de\/index.php?rest_route=\/wp\/v2\/users\/7"}],"replies":[{"embeddable":true,"href":"http:\/\/www.tri-team-fuldatal.de\/index.php?rest_route=%2Fwp%2Fv2%2Fcomments&post=5516"}],"version-history":[{"count":2,"href":"http:\/\/www.tri-team-fuldatal.de\/index.php?rest_route=\/wp\/v2\/posts\/5516\/revisions"}],"predecessor-version":[{"id":5521,"href":"http:\/\/www.tri-team-fuldatal.de\/index.php?rest_route=\/wp\/v2\/posts\/5516\/revisions\/5521"}],"wp:featuredmedia":[{"embeddable":true,"href":"http:\/\/www.tri-team-fuldatal.de\/index.php?rest_route=\/wp\/v2\/media\/5517"}],"wp:attachment":[{"href":"http:\/\/www.tri-team-fuldatal.de\/index.php?rest_route=%2Fwp%2Fv2%2Fmedia&parent=5516"}],"wp:term":[{"taxonomy":"category","embeddable":true,"href":"http:\/\/www.tri-team-fuldatal.de\/index.php?rest_route=%2Fwp%2Fv2%2Fcategories&post=5516"},{"taxonomy":"post_tag","embeddable":true,"href":"http:\/\/www.tri-team-fuldatal.de\/index.php?rest_route=%2Fwp%2Fv2%2Ftags&post=5516"}],"curies":[{"name":"wp","href":"https:\/\/api.w.org\/{rel}","templated":true}]}}