{"id":5444,"date":"2015-07-22T10:28:48","date_gmt":"2015-07-22T09:28:48","guid":{"rendered":"http:\/\/www.tri-team-fuldatal.de\/?p=5444"},"modified":"2015-07-22T10:34:58","modified_gmt":"2015-07-22T09:34:58","slug":"back-to-short-track-griesheim","status":"publish","type":"post","link":"http:\/\/www.tri-team-fuldatal.de\/?p=5444","title":{"rendered":"Back to Short Track Griesheim"},"content":{"rendered":"<h3 style=\"text-align: center;\"><strong><u>Vierte Hessische Triathlon Liga in Griesheim<\/u><\/strong><\/h3>\n<figure id=\"attachment_5445\" aria-describedby=\"caption-attachment-5445\" style=\"width: 487px\" class=\"wp-caption aligncenter\"><a href=\"http:\/\/www.tri-team-fuldatal.de\/wp-content\/uploads\/2015\/07\/IMG-20150719-WA0005.jpg\"><img loading=\"lazy\" decoding=\"async\" class=\"  wp-image-5445\" src=\"http:\/\/www.tri-team-fuldatal.de\/wp-content\/uploads\/2015\/07\/IMG-20150719-WA0005-1024x768.jpg\" alt=\"IMG-20150719-WA0005\" width=\"487\" height=\"365\" srcset=\"http:\/\/www.tri-team-fuldatal.de\/wp-content\/uploads\/2015\/07\/IMG-20150719-WA0005-1024x768.jpg 1024w, http:\/\/www.tri-team-fuldatal.de\/wp-content\/uploads\/2015\/07\/IMG-20150719-WA0005-300x225.jpg 300w, http:\/\/www.tri-team-fuldatal.de\/wp-content\/uploads\/2015\/07\/IMG-20150719-WA0005.jpg 1280w\" sizes=\"auto, (max-width: 487px) 100vw, 487px\" \/><\/a><figcaption id=\"caption-attachment-5445\" class=\"wp-caption-text\">v.l.n.r. Christoph Dargel, Hubert Krantz, Sven Deussing, Nico Steffen, Simon K\u00fcpper<\/figcaption><\/figure>\n<div><\/div>\n<div style=\"text-align: justify;\">Am 19.07.2015 fand der dritte Wettkampf der diesj\u00e4hrigen Triathlonsaison f\u00fcr die Mannschaften der 4. Hessichen Triahtlon Liga in Griesheim statt. Die 2.Herrenmannschaft des Tri-Team Fuldatal ging dabei mit Hubert Krantz, Christoph Dargel, Nico Steffen, Simon K\u00fcpper und Sven Deussing an den Start. Das Rennen in Griesheim musste im letzten Jahr aufgrund zu schwacher Teilnehmerzahlen und anderer organisatorischer Probleme komplett abgesagt werden. Dieses Jahr verlegte die Organisation das Rennen komplett auf andere Strecken und der Wettkampf feierte unter gleichem Namen einen Neubeginn.<\/div>\n<div style=\"text-align: justify;\"><\/div>\n<div style=\"text-align: justify;\"><\/div>\n<div style=\"text-align: justify;\">Der insgesamt gut organisierte Wettkampf startete im \u00f6rtlichen Freibad und f\u00fchrte die Teilnehmer im Anschluss \u00fcber eine 2*10 Km Radstrecke und eine 4*1,25 Km Laufstrecke ins Ziel. Wie schon die alte Streckenf\u00fchrung war der Wettkampfg ausschlie\u00dflich Flach, weshalb vor allem beim Radfahren ordentlich &#8222;gedr\u00fcckt&#8220; werden konnte. F\u00fcr Zeitfahrr\u00e4der und gute Radfahrer also ideale Bedingungen, die auch unsere Mannschaft gut nutzen konnte. Nach dem Schwimmen setzten sich auf dem Rad Simon und Christoph sofort an die Spitze des internen &#8222;Mannschaftsduells&#8220; und waren damit auch in der Liga gut positioniert. Hubert, dem die Radstrecke sehr entgegen kam, konnte bis zum Ende des Rundkurses noch an Nico und Sven vorbei ziehen und somit fast Zeitgleich mit Nico auf die Laufstrecke wechseln.<\/div>\n<div style=\"text-align: justify;\"><\/div>\n<div style=\"text-align: justify;\"><\/div>\n<div style=\"text-align: justify;\">Mit der schnellsten Gesamtzeit unseres Teams an diesem Tag kam Simon nach 1:06:23,76 ins Ziel. Nico und Sven, die sich sowohl auf der Rad-, als auch der Lauftsrecke immer wieder gegenseitig motivierten und eine ordentliche Laufleistung hinlegten, folgten fast zeitgleich mit Zeiten von 1:08:40,75 (Nico) und 1:08:41;16 (Sven). Christoph beendete das Rennen nach einer guten Schwimm -und Radzeit mit einem soliden Lauf und einer Zeit von 1:11:05,00 und Hubert komplitierte das gute Ergebnis mit einer 1:12:39,76.<\/div>\n<div style=\"text-align: justify;\"><\/div>\n<div style=\"text-align: justify;\"><\/div>\n<div style=\"text-align: justify;\">Insgesamt war die Mannschaft mit der Leistung und der guten Stimmung, die im Team herrschte, sehr zufrieden. In der Tabelle reicht es nach dem vorl\u00e4ufigen Ergebnis zu einem 6. Tagesplatz und damit zu einem 5. Platz in der Saisontabelle nach 3 von 4 Rennen. Vorl\u00e4ufig deshalb, weil es in den Ligen \u00fcber 30 Qualifikationen gab, gegen welche zum Teil Einspruch eingelegt wurde. Grund daf\u00fcr war ein \u00dcberholverbot, dass nach Meinung einiger Athleten zu schlecht angek\u00fcndigt und zu schlecht gekennzeichnet war. Sollten die Disqualifikationen bestehen bleiben, ist auch Tagesplatz 4 m\u00f6glich. Eine Entscheidung dazu wird aber erst etwa in 2 Wochen getroffen.<\/div>\n<div style=\"text-align: justify;\">Der letzte Wettkampf findet dann Anfang September in Baunatal statt.<\/div>\n<div style=\"text-align: justify;\"><\/div>\n<p>(Bericht von Sven Deussing mit kleinen Erg\u00e4nzungen der Redaktion)<\/p>\n","protected":false},"excerpt":{"rendered":"<p>19.07.2015 &#8211; Short Track Triathlon Griesheim<\/p>\n","protected":false},"author":7,"featured_media":5445,"comment_status":"open","ping_status":"open","sticky":false,"template":"","format":"standard","meta":{"colormag_page_container_layout":"default_layout","colormag_page_sidebar_layout":"default_layout","footnotes":""},"categories":[189],"tags":[186,34,52,123,9],"class_list":["post-5444","post","type-post","status-publish","format-standard","has-post-thumbnail","hentry","category-liga-2015","tag-christoph-dargel","tag-hubert-krantz","tag-nico-steffen","tag-simon-kupper","tag-sven-deussing"],"_links":{"self":[{"href":"http:\/\/www.tri-team-fuldatal.de\/index.php?rest_route=\/wp\/v2\/posts\/5444","targetHints":{"allow":["GET"]}}],"collection":[{"href":"http:\/\/www.tri-team-fuldatal.de\/index.php?rest_route=\/wp\/v2\/posts"}],"about":[{"href":"http:\/\/www.tri-team-fuldatal.de\/index.php?rest_route=\/wp\/v2\/types\/post"}],"author":[{"embeddable":true,"href":"http:\/\/www.tri-team-fuldatal.de\/index.php?rest_route=\/wp\/v2\/users\/7"}],"replies":[{"embeddable":true,"href":"http:\/\/www.tri-team-fuldatal.de\/index.php?rest_route=%2Fwp%2Fv2%2Fcomments&post=5444"}],"version-history":[{"count":2,"href":"http:\/\/www.tri-team-fuldatal.de\/index.php?rest_route=\/wp\/v2\/posts\/5444\/revisions"}],"predecessor-version":[{"id":5447,"href":"http:\/\/www.tri-team-fuldatal.de\/index.php?rest_route=\/wp\/v2\/posts\/5444\/revisions\/5447"}],"wp:featuredmedia":[{"embeddable":true,"href":"http:\/\/www.tri-team-fuldatal.de\/index.php?rest_route=\/wp\/v2\/media\/5445"}],"wp:attachment":[{"href":"http:\/\/www.tri-team-fuldatal.de\/index.php?rest_route=%2Fwp%2Fv2%2Fmedia&parent=5444"}],"wp:term":[{"taxonomy":"category","embeddable":true,"href":"http:\/\/www.tri-team-fuldatal.de\/index.php?rest_route=%2Fwp%2Fv2%2Fcategories&post=5444"},{"taxonomy":"post_tag","embeddable":true,"href":"http:\/\/www.tri-team-fuldatal.de\/index.php?rest_route=%2Fwp%2Fv2%2Ftags&post=5444"}],"curies":[{"name":"wp","href":"https:\/\/api.w.org\/{rel}","templated":true}]}}