{"id":5415,"date":"2015-07-14T10:21:41","date_gmt":"2015-07-14T09:21:41","guid":{"rendered":"http:\/\/www.tri-team-fuldatal.de\/?p=5415"},"modified":"2015-07-14T10:21:41","modified_gmt":"2015-07-14T09:21:41","slug":"heisser-tanz-an-der-fulda-beim-kassel-triathlon","status":"publish","type":"post","link":"http:\/\/www.tri-team-fuldatal.de\/?p=5415","title":{"rendered":"Hei\u00dfer Tanz an der Fulda beim Kassel Triathlon"},"content":{"rendered":"<p style=\"text-align: justify;\">Kassel &#8211; Mit \u00fcber 30\u00b0C mussten die Athleten am 4.7.2015 beim Kassel Triathlon k\u00e4mpfen. Erschwerend kommt bei diesem Triathlon jedes Jahr hinzu, dass der Start nicht morgens sondern nachmittags ist. Bei diesen Temperaturen also zu einer sehr hei\u00dfen Tageszeit. Lustig dass dennoch f\u00fcr Volks- wie auch Olympische Distanz ein Neoprenanzug erlaubt war, weil die Wassertemperaturen im Seitenarm der Fulda nur knappe 20\u00b0C betrugen. 11 Fuldataler nahmen am Triathlon teil, 8 auf der Volksdistanz und 3 gaben sich bei dem Wetter das volle Programm der Olympischen Distanz.<\/p>\n<p style=\"text-align: justify;\">\n<h3 style=\"text-align: center;\">Volksdistanz<\/h3>\n<figure id=\"attachment_5418\" aria-describedby=\"caption-attachment-5418\" style=\"width: 496px\" class=\"wp-caption aligncenter\"><a href=\"http:\/\/www.tri-team-fuldatal.de\/wp-content\/uploads\/2015\/07\/11700880_936853446378355_7585069636268806112_o.jpg\"><img loading=\"lazy\" decoding=\"async\" class=\"  wp-image-5418\" src=\"http:\/\/www.tri-team-fuldatal.de\/wp-content\/uploads\/2015\/07\/11700880_936853446378355_7585069636268806112_o-1024x683.jpg\" alt=\"11700880_936853446378355_7585069636268806112_o\" width=\"496\" height=\"331\" srcset=\"http:\/\/www.tri-team-fuldatal.de\/wp-content\/uploads\/2015\/07\/11700880_936853446378355_7585069636268806112_o-1024x683.jpg 1024w, http:\/\/www.tri-team-fuldatal.de\/wp-content\/uploads\/2015\/07\/11700880_936853446378355_7585069636268806112_o-300x200.jpg 300w, http:\/\/www.tri-team-fuldatal.de\/wp-content\/uploads\/2015\/07\/11700880_936853446378355_7585069636268806112_o.jpg 2048w\" sizes=\"auto, (max-width: 496px) 100vw, 496px\" \/><\/a><figcaption id=\"caption-attachment-5418\" class=\"wp-caption-text\">Wechsel Nr. 2 Marco Rudel (Foto WVC)<\/figcaption><\/figure>\n<figure id=\"attachment_5419\" aria-describedby=\"caption-attachment-5419\" style=\"width: 496px\" class=\"wp-caption aligncenter\"><a href=\"http:\/\/www.tri-team-fuldatal.de\/wp-content\/uploads\/2015\/07\/11412051_936853649711668_4366096974207296508_o.jpg\"><img loading=\"lazy\" decoding=\"async\" class=\"  wp-image-5419\" src=\"http:\/\/www.tri-team-fuldatal.de\/wp-content\/uploads\/2015\/07\/11412051_936853649711668_4366096974207296508_o-1024x683.jpg\" alt=\"11412051_936853649711668_4366096974207296508_o\" width=\"496\" height=\"331\" srcset=\"http:\/\/www.tri-team-fuldatal.de\/wp-content\/uploads\/2015\/07\/11412051_936853649711668_4366096974207296508_o-1024x683.jpg 1024w, http:\/\/www.tri-team-fuldatal.de\/wp-content\/uploads\/2015\/07\/11412051_936853649711668_4366096974207296508_o-300x200.jpg 300w, http:\/\/www.tri-team-fuldatal.de\/wp-content\/uploads\/2015\/07\/11412051_936853649711668_4366096974207296508_o.jpg 2048w\" sizes=\"auto, (max-width: 496px) 100vw, 496px\" \/><\/a><figcaption id=\"caption-attachment-5419\" class=\"wp-caption-text\">Einlauf in die Wechselzone Takis Keldenich (Foto WVC)<\/figcaption><\/figure>\n<p style=\"text-align: justify;\">\n<p style=\"text-align: justify;\">Die Volksdistanz war an diesem Tag eine gute Wahl, sofern man bei solchen Temperaturen anf\u00e4lliger ist. Kurzfristig wurde die Schwimmstrecke ge\u00e4ndert, so dass nicht mehr eine One-Way-Strecke aus dem Seitenarm heraus geschwommen wurde, sondern um Bojen herum ein Kurs geschwommen werden musste. Ungl\u00fccklicher Weise hatte dieser Kurs f\u00fcr eine Volksdistanz deutliche \u00dcberl\u00e4nge. Wenn ein Garmin 910 XT bei 860 Meter anschl\u00e4gt und wir ein wenig Toleranz geltend machen, dann sind wir trotzdem noch deutlich \u00fcber 500 Metern. Gut also f\u00fcr alle guten Schwimmer. Die Radstrecke erfuhr auch eine leichte \u00c4nderung zu den Vorjahren und ist nun eine reinde Wendepunktstrecke. Einzig das Laufen war mit seinen 6,2 km wie immer geblieben.<\/p>\n<p style=\"text-align: justify;\">Von den Fuldataler Startern kam Marco Rudel mit diesen Bedingungen am besten zurecht und belegt einen guten 7. Platz mit Kontakt nach vorne. Eine solide Schwimmzeit und eine sehr gute Radzeit sicherten ihm diesen Platz. Die zweitbeste Platzierung des Teams belegte Takis Keldenich mit Rang 13. Der Neo rettete ihn \u00fcber das Schwimmen und trotz aktuell starker Radform war bei den Temperaturen das Dosieren selbst bei einem Sprint schon sinnvoll. Einige ung\u00fcnstig auf der Strecke fahrende Autos und nicht sauber fahrende Mitstreiter (Immerhin mit Zeitstrafe belegt) taten ihr \u00dcbriges. Ein Kontakt nach weiter vorne war nicht drin, aber beim Laufen war dann auch jedes gesparte Korn Gold wert und das Ergebnis zufriedenstellend. Mit Platz 26 war unser &#8222;Rookie&#8220; Stefan Cloodt drittschnellster Starter und man sieht hier klar, dass ihm Olympische Distanzen bisher besser liegen.<\/p>\n<p style=\"text-align: justify;\">Bei den Frauen zeigte Saskia wieder ein Mal, dass sie in blendender Form ist. Zusammen mit Takis stieg sie aus dem Wasser, legte dann sogleich einen schnelleren Wechsel hin und wurde erst am Ende des Auedamms wieder durch ihn aufgefahren. Es folgten eine sehr gute Rad- wie auch Laufzeit, welche Saskia ganz solide den zweiten Gesamtrang hinter Bundesligastarterin Ellen Knoepke sicherten. F\u00fcr die n\u00e4chsten Rennen der Region bleibt sie mit Sicherheit ein hei\u00dfes Eisen!<\/p>\n<h3 style=\"text-align: center;\">Olympische Distanz<\/h3>\n<figure id=\"attachment_5420\" aria-describedby=\"caption-attachment-5420\" style=\"width: 496px\" class=\"wp-caption aligncenter\"><a href=\"http:\/\/www.tri-team-fuldatal.de\/wp-content\/uploads\/2015\/07\/11741211_936856199711413_5049769348009766090_o.jpg\"><img loading=\"lazy\" decoding=\"async\" class=\"  wp-image-5420\" src=\"http:\/\/www.tri-team-fuldatal.de\/wp-content\/uploads\/2015\/07\/11741211_936856199711413_5049769348009766090_o-1024x683.jpg\" alt=\"11741211_936856199711413_5049769348009766090_o\" width=\"496\" height=\"331\" srcset=\"http:\/\/www.tri-team-fuldatal.de\/wp-content\/uploads\/2015\/07\/11741211_936856199711413_5049769348009766090_o-1024x683.jpg 1024w, http:\/\/www.tri-team-fuldatal.de\/wp-content\/uploads\/2015\/07\/11741211_936856199711413_5049769348009766090_o-300x200.jpg 300w, http:\/\/www.tri-team-fuldatal.de\/wp-content\/uploads\/2015\/07\/11741211_936856199711413_5049769348009766090_o.jpg 2048w\" sizes=\"auto, (max-width: 496px) 100vw, 496px\" \/><\/a><figcaption id=\"caption-attachment-5420\" class=\"wp-caption-text\">Nur die Harten &#8230; Christoph Dargel bei br\u00fctender Hitze auf der Laufstrecke (Foto WVC)<\/figcaption><\/figure>\n<p style=\"text-align: justify;\">Auf der Olympischen Distanz gab es keine gro\u00dfen Strecken\u00e4nderungen. Lediglich der Radwendepunkt wurde ein wenig versetzt, so dass die Radstrecke im Vergleich zum Vorjahr leicht verk\u00fcrzt war. Das, was die Radstrecke so anspruchsvoll macht, blieb also erhalten. Der Stich in den S\u00f6hrewald ist bei solchen Temperaturen eine echte Herausforderung.<\/p>\n<p style=\"text-align: justify;\">Nur 3 Athleten waren bereit, bei diesem Wetter die Olympische Distanz anzugehen. Und 2 von ihnen waren das Wochenende zuvor schon in Waldeck ebenfalls im Ligarennen Olympisch gestartet. Hut ab an die beiden! Schnellster Fuldataler auf dieser Distanz war Stefen Wei\u00df mit dem 25. Gesamtplatz. Mit gleichm\u00e4\u00dfigen Leistungen konnte Stefen seinen Platz sicher behaupten und kam so in seiner stark besetzten Altersklasse auf den 6. Rang. Christoph, der auf den l\u00e4ngeren Distanzen noch nicht so lange unterwegs ist, lieferte zwei gute erste Splits ab und musste dann beim Laufen richtig die Z\u00e4hne zusammen bei\u00dfen. Dennoch eine prima Leistung!<\/p>\n<p style=\"text-align: justify;\">\n<p style=\"text-align: justify;\">Alle Ergebnisse: <a href=\"http:\/\/www.triathlon-service.de\/ergebnisse\/2015.php\" target=\"_blank\">http:\/\/www.triathlon-service.de\/ergebnisse\/2015.php<\/a><\/p>\n","protected":false},"excerpt":{"rendered":"<p>04.07.2015 &#8211; Kassel Triathlon<\/p>\n","protected":false},"author":7,"featured_media":5422,"comment_status":"open","ping_status":"open","sticky":false,"template":"","format":"standard","meta":{"colormag_page_container_layout":"default_layout","colormag_page_sidebar_layout":"default_layout","footnotes":""},"categories":[191],"tags":[186,28,6,52,162,187,9,109],"class_list":["post-5415","post","type-post","status-publish","format-standard","has-post-thumbnail","hentry","category-triathlonduathlon-2015","tag-christoph-dargel","tag-helmut-goerz","tag-marco-rudel","tag-nico-steffen","tag-saskia-freiwald","tag-stefan-cloodt","tag-sven-deussing","tag-takis-keldenich"],"_links":{"self":[{"href":"http:\/\/www.tri-team-fuldatal.de\/index.php?rest_route=\/wp\/v2\/posts\/5415","targetHints":{"allow":["GET"]}}],"collection":[{"href":"http:\/\/www.tri-team-fuldatal.de\/index.php?rest_route=\/wp\/v2\/posts"}],"about":[{"href":"http:\/\/www.tri-team-fuldatal.de\/index.php?rest_route=\/wp\/v2\/types\/post"}],"author":[{"embeddable":true,"href":"http:\/\/www.tri-team-fuldatal.de\/index.php?rest_route=\/wp\/v2\/users\/7"}],"replies":[{"embeddable":true,"href":"http:\/\/www.tri-team-fuldatal.de\/index.php?rest_route=%2Fwp%2Fv2%2Fcomments&post=5415"}],"version-history":[{"count":3,"href":"http:\/\/www.tri-team-fuldatal.de\/index.php?rest_route=\/wp\/v2\/posts\/5415\/revisions"}],"predecessor-version":[{"id":5423,"href":"http:\/\/www.tri-team-fuldatal.de\/index.php?rest_route=\/wp\/v2\/posts\/5415\/revisions\/5423"}],"wp:featuredmedia":[{"embeddable":true,"href":"http:\/\/www.tri-team-fuldatal.de\/index.php?rest_route=\/wp\/v2\/media\/5422"}],"wp:attachment":[{"href":"http:\/\/www.tri-team-fuldatal.de\/index.php?rest_route=%2Fwp%2Fv2%2Fmedia&parent=5415"}],"wp:term":[{"taxonomy":"category","embeddable":true,"href":"http:\/\/www.tri-team-fuldatal.de\/index.php?rest_route=%2Fwp%2Fv2%2Fcategories&post=5415"},{"taxonomy":"post_tag","embeddable":true,"href":"http:\/\/www.tri-team-fuldatal.de\/index.php?rest_route=%2Fwp%2Fv2%2Ftags&post=5415"}],"curies":[{"name":"wp","href":"https:\/\/api.w.org\/{rel}","templated":true}]}}