{"id":5337,"date":"2015-06-28T11:05:26","date_gmt":"2015-06-28T10:05:26","guid":{"rendered":"http:\/\/www.tri-team-fuldatal.de\/?p=5337"},"modified":"2015-06-28T19:36:42","modified_gmt":"2015-06-28T18:36:42","slug":"mitteldistanz-in-moret","status":"publish","type":"post","link":"http:\/\/www.tri-team-fuldatal.de\/?p=5337","title":{"rendered":"Mitteldistanz in Moret"},"content":{"rendered":"<figure id=\"attachment_5338\" aria-describedby=\"caption-attachment-5338\" style=\"width: 528px\" class=\"wp-caption aligncenter\"><a href=\"http:\/\/www.tri-team-fuldatal.de\/wp-content\/uploads\/2015\/06\/IMG_3261.jpg\"><img loading=\"lazy\" decoding=\"async\" class=\"  wp-image-5338\" src=\"http:\/\/www.tri-team-fuldatal.de\/wp-content\/uploads\/2015\/06\/IMG_3261-1024x765.jpg\" alt=\"IMG_3261\" width=\"528\" height=\"394\" srcset=\"http:\/\/www.tri-team-fuldatal.de\/wp-content\/uploads\/2015\/06\/IMG_3261-1024x765.jpg 1024w, http:\/\/www.tri-team-fuldatal.de\/wp-content\/uploads\/2015\/06\/IMG_3261-300x224.jpg 300w\" sizes=\"auto, (max-width: 528px) 100vw, 528px\" \/><\/a><figcaption id=\"caption-attachment-5338\" class=\"wp-caption-text\">Yvonne wird 5. Gesamt und nach Martina Maul zweite in ihrer AK.<\/figcaption><\/figure>\n<p style=\"text-align: justify;\"><span class=\"fbPhotoCaptionText\">Zwei unserer Athleten waren am 13.06.2015 in M\u00fcnster bei Dieburg f\u00fcr den Moret Triathlon \u00fcber 2 km Schwimmen, 83 km Radfahren und 21,1 km laufen. Neben unseren Athleten Niklas Feulner und Yvonne Dippel war in unserer Wettkampftruppe auch Thomas S\u00e4mann von der WVC Kassel dabei, in dessen Heimatort gleich um die Ecke wir mit Anreise am Vortag n\u00e4chtigen durften. Vielen Dank! Takis Keldenich, der eigentlich auch in Moret starten wollte, kam als Betreuung mit. Ihn streckte kurz vor dem Wettkampf ein grippaler Infekt nieder, so dass er auf 5 Stunden Qu\u00e4lerei verzichtete.<br \/>\n<\/span><\/p>\n<figure id=\"attachment_5339\" aria-describedby=\"caption-attachment-5339\" style=\"width: 406px\" class=\"wp-caption aligncenter\"><a href=\"http:\/\/www.tri-team-fuldatal.de\/wp-content\/uploads\/2015\/06\/IMG_3224.jpg\"><img loading=\"lazy\" decoding=\"async\" class=\"  wp-image-5339\" src=\"http:\/\/www.tri-team-fuldatal.de\/wp-content\/uploads\/2015\/06\/IMG_3224-1024x765.jpg\" alt=\"IMG_3224\" width=\"406\" height=\"303\" srcset=\"http:\/\/www.tri-team-fuldatal.de\/wp-content\/uploads\/2015\/06\/IMG_3224-1024x765.jpg 1024w, http:\/\/www.tri-team-fuldatal.de\/wp-content\/uploads\/2015\/06\/IMG_3224-300x224.jpg 300w\" sizes=\"auto, (max-width: 406px) 100vw, 406px\" \/><\/a><figcaption id=\"caption-attachment-5339\" class=\"wp-caption-text\">Yvonne beim Checkin<\/figcaption><\/figure>\n<p style=\"text-align: justify;\"><span class=\"fbPhotoCaptionText\"><br \/>\nYvonne ging in den Wettkampf mit guter Vorbereitung auf dem Rad und schon einigen Laufkilometern in 2015. In den beiden Jahren zuvor hatte sie dem Triathlon ein wenig den R\u00fccken gekehrt, so dass dieses Jahr ein langsamer Wiedereinstieg erfolgt. Schwimmen war sie allerdings nur wenige Male und kam infolgedessen als 22. Frau aus dem Wasser. Diese Info bekam sie von ihrem Freund gleich beim ersten Wechsel und fing auf dem Rad munter an zu z\u00e4hlen. Bis Platz 6 konnte sie sich mit einer starken Leistung vorarbeiten. Beim Laufen konnte sie die angestrebte Pace zwar nicht halten, baute aber nur langsam ab, so dass sie sich mit konstanter Leistung noch einen Platz vorarbeiten konnte. Mit Platz 5 in der Gesamtwertung am Ende ein echter Knaller!<\/span><\/p>\n<figure id=\"attachment_5341\" aria-describedby=\"caption-attachment-5341\" style=\"width: 238px\" class=\"wp-caption aligncenter\"><a href=\"http:\/\/www.tri-team-fuldatal.de\/wp-content\/uploads\/2015\/06\/IMG_3245.jpg\"><img loading=\"lazy\" decoding=\"async\" class=\"wp-image-5341 \" src=\"http:\/\/www.tri-team-fuldatal.de\/wp-content\/uploads\/2015\/06\/IMG_3245-e1435485542939-765x1024.jpg\" alt=\"IMG_3245\" width=\"238\" height=\"319\" srcset=\"http:\/\/www.tri-team-fuldatal.de\/wp-content\/uploads\/2015\/06\/IMG_3245-e1435485542939-765x1024.jpg 765w, http:\/\/www.tri-team-fuldatal.de\/wp-content\/uploads\/2015\/06\/IMG_3245-e1435485542939-224x300.jpg 224w, http:\/\/www.tri-team-fuldatal.de\/wp-content\/uploads\/2015\/06\/IMG_3245-e1435485542939.jpg 1936w\" sizes=\"auto, (max-width: 238px) 100vw, 238px\" \/><\/a><figcaption id=\"caption-attachment-5341\" class=\"wp-caption-text\">Niklas k\u00e4mpft auf der Laufstrecke<\/figcaption><\/figure>\n<p style=\"text-align: justify;\">Niklas ging mit gutem Trainingsstand in die Mitteldistanz und kam beim Schwimmen als 33. aus dem Wasser, womit er sich nicht unzufrieden zeigte. Auf dem Rad lie\u00df es Niklas dann krachen und war mit seiner ersten Runde von zweien sehr zufrieden. Aufgrund einer nicht ganz gef\u00fcllten Radflasche, die er von der Verpflegung in Runde 1 gereicht bekam und einer Flasche in Runde zwei, die mit Iso statt Wasser gef\u00fcllt war, ging Niklas mangel- wie fehlversorgt ins Laufen \u00fcber. Da Niklas Magen mit dem Isodrink Probleme bekam, ging nach Runde 1 von 4 schon das K\u00e4mpfen los. Mit der 15. schnellsten Radzeit im R\u00fccken war eigentlich noch Luft nach vorne, aber es sollte an diesem Tag nicht sein. Erst in Runde 4 hatte Niklas sich einigerma\u00dfen erholt und konnte wieder schneller laufen. Gemessen an den Gegebenheiten war Niklas mit Gesamtplatz 27 aber zufrieden.<\/p>\n<p style=\"text-align: justify;\">Unser Gastgeber Thomas S\u00e4mann, der zur Ironmanvorbereitung diese Mitteldistanz nutzte konnte sein Training gut umsetzen und kam auf den 5. Gesamtrang aller M\u00e4nner. Eine wirklich starke Leistung!<\/p>\n<p style=\"text-align: justify;\">Video vom Renntag:<\/p>\n<p>https:\/\/www.youtube.com\/watch?v=nidaWS_Z4k4<\/p>\n<p>https:\/\/www.youtube.com\/watch?v=9S-zYj4B_8Y<\/p>\n<p>https:\/\/www.youtube.com\/watch?v=bPBuMNaTC4A<\/p>\n<p>https:\/\/www.youtube.com\/watch?v=Oug2xjM_dXU<\/p>\n","protected":false},"excerpt":{"rendered":"<p>13.06.2015 &#8211; Moret Triathlon in M\u00fcnster bei Dieburg<\/p>\n","protected":false},"author":7,"featured_media":0,"comment_status":"open","ping_status":"open","sticky":false,"template":"","format":"standard","meta":{"colormag_page_container_layout":"default_layout","colormag_page_sidebar_layout":"default_layout","footnotes":""},"categories":[191],"tags":[96,109,29],"class_list":["post-5337","post","type-post","status-publish","format-standard","hentry","category-triathlonduathlon-2015","tag-niklas-feulner","tag-takis-keldenich","tag-yvonne-dippel"],"_links":{"self":[{"href":"http:\/\/www.tri-team-fuldatal.de\/index.php?rest_route=\/wp\/v2\/posts\/5337","targetHints":{"allow":["GET"]}}],"collection":[{"href":"http:\/\/www.tri-team-fuldatal.de\/index.php?rest_route=\/wp\/v2\/posts"}],"about":[{"href":"http:\/\/www.tri-team-fuldatal.de\/index.php?rest_route=\/wp\/v2\/types\/post"}],"author":[{"embeddable":true,"href":"http:\/\/www.tri-team-fuldatal.de\/index.php?rest_route=\/wp\/v2\/users\/7"}],"replies":[{"embeddable":true,"href":"http:\/\/www.tri-team-fuldatal.de\/index.php?rest_route=%2Fwp%2Fv2%2Fcomments&post=5337"}],"version-history":[{"count":4,"href":"http:\/\/www.tri-team-fuldatal.de\/index.php?rest_route=\/wp\/v2\/posts\/5337\/revisions"}],"predecessor-version":[{"id":5379,"href":"http:\/\/www.tri-team-fuldatal.de\/index.php?rest_route=\/wp\/v2\/posts\/5337\/revisions\/5379"}],"wp:attachment":[{"href":"http:\/\/www.tri-team-fuldatal.de\/index.php?rest_route=%2Fwp%2Fv2%2Fmedia&parent=5337"}],"wp:term":[{"taxonomy":"category","embeddable":true,"href":"http:\/\/www.tri-team-fuldatal.de\/index.php?rest_route=%2Fwp%2Fv2%2Fcategories&post=5337"},{"taxonomy":"post_tag","embeddable":true,"href":"http:\/\/www.tri-team-fuldatal.de\/index.php?rest_route=%2Fwp%2Fv2%2Ftags&post=5337"}],"curies":[{"name":"wp","href":"https:\/\/api.w.org\/{rel}","templated":true}]}}