{"id":5333,"date":"2015-06-28T10:49:38","date_gmt":"2015-06-28T09:49:38","guid":{"rendered":"http:\/\/www.tri-team-fuldatal.de\/?p=5333"},"modified":"2015-06-28T11:06:04","modified_gmt":"2015-06-28T10:06:04","slug":"mitteldistanz-maxdorf","status":"publish","type":"post","link":"http:\/\/www.tri-team-fuldatal.de\/?p=5333","title":{"rendered":"Mitteldistanz Maxdorf"},"content":{"rendered":"<p style=\"text-align: justify;\"><a href=\"http:\/\/www.tri-team-fuldatal.de\/wp-content\/uploads\/2015\/06\/bericht-1.jpg\"><img loading=\"lazy\" decoding=\"async\" class=\"  wp-image-5334 aligncenter\" src=\"http:\/\/www.tri-team-fuldatal.de\/wp-content\/uploads\/2015\/06\/bericht-1.jpg\" alt=\"bericht 1\" width=\"527\" height=\"332\" srcset=\"http:\/\/www.tri-team-fuldatal.de\/wp-content\/uploads\/2015\/06\/bericht-1.jpg 902w, http:\/\/www.tri-team-fuldatal.de\/wp-content\/uploads\/2015\/06\/bericht-1-300x189.jpg 300w\" sizes=\"auto, (max-width: 527px) 100vw, 527px\" \/><\/a><\/p>\n<p style=\"text-align: justify;\">Warum verschl\u00e4gt es einen Kasseler in die Vorderpfalz? \u2013 Genau genommen gibt es daf\u00fcr genau zwei Gr\u00fcnde: zum einen wollte ich \u201eschon immer einmal\u201c in Maxdorf starten, dem Verein meiner jahrelangen treuen Laufpartnerin Ute Jarzombek, die vor 9 Jahren von Kassel in die Vorderpfalz zog, zum anderen weil ich als Gast der TSG Maxdorf einen Startplatz geschenkt bekommen hatte. Und auch das nicht ohne Grund \u2013 vor nicht ganz einem Jahr konnte ich der Damenmannschaft der TSG Maxdorf, die zum Regionalliga-Teamsprint in Borken antraten, mit einem Fahrrad aushelfen, sonst w\u00e4re der Start der Mannschaft nicht m\u00f6glich gewesen (das ist aber eine l\u00e4ngere Geschichte J).<\/p>\n<p style=\"text-align: justify;\">Zur\u00fcck zu Maxdorf. Bei wundersch\u00f6nem Sommerwetter fiel der Startschuss am Lambsheimer Weiher f\u00fcr mich um 9.15 Uhr in der zweiten Startgruppe. Dem Neoverbot gerade noch einmal entkommen (22,7 Grad Wassertemperatur) wurde in einer M-Formation durch den sch\u00f6nen Badesee geschwommen. Nach 2000m und 35:50 min konnte ich erfolgreich auf\u2019s Rad wechseln um die insgesamt 85 km lange anspruchsvolle Radstrecke mit ca. 1000 HM zu bew\u00e4ltigen. Umgeben von wundersch\u00f6nen Weinreben musste zweimal der Anstieg zur Lindemannsruhe bew\u00e4ltigt werden (bis zu 15 % Steigung), f\u00fcr den man jedoch mit einer wundervollen Abfahrt belohnt wurde. Nach 3:05 Std. konnte ich in der zweiten Wechselzone auf dem Rasensportplatz in Maxdorf in die Laufschuhe wechseln, die ich am morgen bereits dort deponiert hatte. Jetzt begann der harte Teil des Wettkampfs. Die relativ flache Wendepunktstrecke die insgesamt zweimal zu bew\u00e4ltigen ist (gesamt 20 km) war unheimlich kr\u00e4ftezehrend. W\u00e4hrend die ersten 2km noch im schattigen Wald zu absolvieren waren, wurden die darauffolgenden 3 km bis zum Wendepunkt ein hartes St\u00fcck Arbeit auf gl\u00fchendem Asphalt. So hangelte ich mich von Verpflegungsstation zu Verpflegungsstation und von Gartenschlauchdusche zu Gartenschlauchdusche (danke an die Anwohner J). Nach 2: 16 Std. war es dann geschafft \u2013 mein Zieleinlauf in Maxdorf mit einer Wunschzeit von &lt;6 Std.!!! Und als kr\u00f6nender Abschluss durfte ich im Ziel auch noch ein kurzes Interview geben als die Schnappatmung langsam abebbte J.<\/p>\n<p style=\"text-align: justify;\">Ein riesen Lob geht an die TSG Maxdorf f\u00fcr die tolle Organisation des gesamten Wettkampfes, die famili\u00e4re Atmosph\u00e4re \u2013 einfach f\u00fcr einen rundum gelungenen Wettkampf, den die TSGler \u00e4hnlich wie wir in Fuldatal mit hunderten von freiwilligen Helfern auf die Beine stellen. Der Maxdorf Triathlon geh\u00f6rt als einzige Mitteldistanz zum BASF-Triathlon-Cup-Rhein-Neckar, bei dem auch Gr\u00f6\u00dfen wie Sebastian Kienle, Norman Stadler, Lothar Leder, Timo Bracht und Michael G\u00f6hner in den Starterlisten zu finden sind.<\/p>\n<p style=\"text-align: justify;\">Besonderer Dank auch noch einmal an Elke Willersinn, die mir den Frei-Start erm\u00f6glichte und ganz nebenbei auch noch f\u00fcr die komplette Organisation der Verpflegung zust\u00e4ndig war J.<\/p>\n<p style=\"text-align: justify;\">Ich komme gerne wieder (und bringe dann noch mehrere vom Triteam Fuldatal mit J).<\/p>\n<p style=\"text-align: justify;\">Bericht von Hubert Krantz<\/p>\n","protected":false},"excerpt":{"rendered":"<p>14.06.2015 &#8211; Mitteldistanz Maxdorf<\/p>\n","protected":false},"author":7,"featured_media":0,"comment_status":"open","ping_status":"open","sticky":false,"template":"","format":"standard","meta":{"colormag_page_container_layout":"default_layout","colormag_page_sidebar_layout":"default_layout","footnotes":""},"categories":[191],"tags":[34],"class_list":["post-5333","post","type-post","status-publish","format-standard","hentry","category-triathlonduathlon-2015","tag-hubert-krantz"],"_links":{"self":[{"href":"http:\/\/www.tri-team-fuldatal.de\/index.php?rest_route=\/wp\/v2\/posts\/5333","targetHints":{"allow":["GET"]}}],"collection":[{"href":"http:\/\/www.tri-team-fuldatal.de\/index.php?rest_route=\/wp\/v2\/posts"}],"about":[{"href":"http:\/\/www.tri-team-fuldatal.de\/index.php?rest_route=\/wp\/v2\/types\/post"}],"author":[{"embeddable":true,"href":"http:\/\/www.tri-team-fuldatal.de\/index.php?rest_route=\/wp\/v2\/users\/7"}],"replies":[{"embeddable":true,"href":"http:\/\/www.tri-team-fuldatal.de\/index.php?rest_route=%2Fwp%2Fv2%2Fcomments&post=5333"}],"version-history":[{"count":2,"href":"http:\/\/www.tri-team-fuldatal.de\/index.php?rest_route=\/wp\/v2\/posts\/5333\/revisions"}],"predecessor-version":[{"id":5344,"href":"http:\/\/www.tri-team-fuldatal.de\/index.php?rest_route=\/wp\/v2\/posts\/5333\/revisions\/5344"}],"wp:attachment":[{"href":"http:\/\/www.tri-team-fuldatal.de\/index.php?rest_route=%2Fwp%2Fv2%2Fmedia&parent=5333"}],"wp:term":[{"taxonomy":"category","embeddable":true,"href":"http:\/\/www.tri-team-fuldatal.de\/index.php?rest_route=%2Fwp%2Fv2%2Fcategories&post=5333"},{"taxonomy":"post_tag","embeddable":true,"href":"http:\/\/www.tri-team-fuldatal.de\/index.php?rest_route=%2Fwp%2Fv2%2Ftags&post=5333"}],"curies":[{"name":"wp","href":"https:\/\/api.w.org\/{rel}","templated":true}]}}