{"id":5281,"date":"2015-06-09T17:57:33","date_gmt":"2015-06-09T16:57:33","guid":{"rendered":"http:\/\/www.tri-team-fuldatal.de\/?p=5281"},"modified":"2015-06-09T17:58:00","modified_gmt":"2015-06-09T16:58:00","slug":"woogsprint-volksdistanz","status":"publish","type":"post","link":"http:\/\/www.tri-team-fuldatal.de\/?p=5281","title":{"rendered":"Woogsprint-Volksdistanz"},"content":{"rendered":"<h3 style=\"text-align: center;\">Das zweite Podest und wieder keinen Staubf\u00e4nger!<\/h3>\n<p><a href=\"http:\/\/www.tri-team-fuldatal.de\/wp-content\/uploads\/2015\/06\/image2.jpg\"><img loading=\"lazy\" decoding=\"async\" class=\"  wp-image-5282 aligncenter\" src=\"http:\/\/www.tri-team-fuldatal.de\/wp-content\/uploads\/2015\/06\/image2-1024x768.jpg\" alt=\"image2\" width=\"452\" height=\"339\" srcset=\"http:\/\/www.tri-team-fuldatal.de\/wp-content\/uploads\/2015\/06\/image2-1024x768.jpg 1024w, http:\/\/www.tri-team-fuldatal.de\/wp-content\/uploads\/2015\/06\/image2-300x225.jpg 300w, http:\/\/www.tri-team-fuldatal.de\/wp-content\/uploads\/2015\/06\/image2.jpg 1632w\" sizes=\"auto, (max-width: 452px) 100vw, 452px\" \/><\/a><\/p>\n<p style=\"text-align: justify;\">Unser\u00a0 &#8222;<a href=\"http:\/\/www.tri-team-fuldatal.de\/?p=2104\" target=\"_blank\">Gesamtsieger<\/a>&#8220; aus dem Jahr 2012 hat wieder zugeschlagen. W\u00e4hrend die erste Herrenmannschaft in der Regionalliga das erste Saison-Rennen bestritt, startete Niklas in der offenen Klasse des Woogsprints in Darmstadt.<\/p>\n<p style=\"text-align: justify;\">In der offenen Klasse der Volksdistanz konnte Niklas Feulner auf sich aufmerksam machen. Um 08:30 Uhr fiel der Startschuss und trotz der Tatsache, dass das Schwimmtraining in den letzten Wochen etwas kurz kam, konnte Niklas den Anschluss an die Spitze halten und kam als sechster aus dem &#8218;Gro\u00dfer Woog&#8216;. Der Neoprenanzug hatte aufgrund der Messung von 24Grad am Morgen hitzefrei und so wurde nach einem schnellen Wechsel die 20Km lange Radstrecke in Angriff genommen. Mit guten Beinen und der besten Radzeit in der offenen Klasse, konnte Niklas den zweiten Wechsel als erster bestreiten und ging auf den nicht allzu leichten Laufkurs. Insgesamt mussten sechs Wendepunkte und f\u00fcnf enge 90Grad kehren bew\u00e4ltigt werden. Niklas musste noch zwei Kontrahenten passieren lassen und kam dann folglich als dritter ins Ziel. Im Gro\u00dfen und Ganzen war der Volkstriathlon noch einmal ein guter Test vor der anstehenden Mitteldistanz am kommenden Wochenende beim Moret Triathlon.<\/p>\n<p style=\"text-align: justify;\">Einziger Wermutstropfen auch bei dieser Podiumsplatzierung: Wie auch schon 2012 gab es keine Pokale! :)<\/p>\n<p style=\"text-align: justify;\"><a href=\"http:\/\/www.tri-team-fuldatal.de\/wp-content\/uploads\/2015\/06\/image1.jpg\"><img loading=\"lazy\" decoding=\"async\" class=\"  wp-image-5283 aligncenter\" src=\"http:\/\/www.tri-team-fuldatal.de\/wp-content\/uploads\/2015\/06\/image1-768x1024.jpg\" alt=\"image1\" width=\"352\" height=\"470\" srcset=\"http:\/\/www.tri-team-fuldatal.de\/wp-content\/uploads\/2015\/06\/image1-768x1024.jpg 768w, http:\/\/www.tri-team-fuldatal.de\/wp-content\/uploads\/2015\/06\/image1-225x300.jpg 225w, http:\/\/www.tri-team-fuldatal.de\/wp-content\/uploads\/2015\/06\/image1.jpg 960w\" sizes=\"auto, (max-width: 352px) 100vw, 352px\" \/><\/a><\/p>\n","protected":false},"excerpt":{"rendered":"<p>07.06.2015 &#8211; Woogsprint in Darmstadt<\/p>\n","protected":false},"author":7,"featured_media":5282,"comment_status":"open","ping_status":"open","sticky":false,"template":"","format":"standard","meta":{"colormag_page_container_layout":"default_layout","colormag_page_sidebar_layout":"default_layout","footnotes":""},"categories":[191],"tags":[96],"class_list":["post-5281","post","type-post","status-publish","format-standard","has-post-thumbnail","hentry","category-triathlonduathlon-2015","tag-niklas-feulner"],"_links":{"self":[{"href":"http:\/\/www.tri-team-fuldatal.de\/index.php?rest_route=\/wp\/v2\/posts\/5281","targetHints":{"allow":["GET"]}}],"collection":[{"href":"http:\/\/www.tri-team-fuldatal.de\/index.php?rest_route=\/wp\/v2\/posts"}],"about":[{"href":"http:\/\/www.tri-team-fuldatal.de\/index.php?rest_route=\/wp\/v2\/types\/post"}],"author":[{"embeddable":true,"href":"http:\/\/www.tri-team-fuldatal.de\/index.php?rest_route=\/wp\/v2\/users\/7"}],"replies":[{"embeddable":true,"href":"http:\/\/www.tri-team-fuldatal.de\/index.php?rest_route=%2Fwp%2Fv2%2Fcomments&post=5281"}],"version-history":[{"count":2,"href":"http:\/\/www.tri-team-fuldatal.de\/index.php?rest_route=\/wp\/v2\/posts\/5281\/revisions"}],"predecessor-version":[{"id":5285,"href":"http:\/\/www.tri-team-fuldatal.de\/index.php?rest_route=\/wp\/v2\/posts\/5281\/revisions\/5285"}],"wp:featuredmedia":[{"embeddable":true,"href":"http:\/\/www.tri-team-fuldatal.de\/index.php?rest_route=\/wp\/v2\/media\/5282"}],"wp:attachment":[{"href":"http:\/\/www.tri-team-fuldatal.de\/index.php?rest_route=%2Fwp%2Fv2%2Fmedia&parent=5281"}],"wp:term":[{"taxonomy":"category","embeddable":true,"href":"http:\/\/www.tri-team-fuldatal.de\/index.php?rest_route=%2Fwp%2Fv2%2Fcategories&post=5281"},{"taxonomy":"post_tag","embeddable":true,"href":"http:\/\/www.tri-team-fuldatal.de\/index.php?rest_route=%2Fwp%2Fv2%2Ftags&post=5281"}],"curies":[{"name":"wp","href":"https:\/\/api.w.org\/{rel}","templated":true}]}}