{"id":5230,"date":"2015-06-02T20:30:18","date_gmt":"2015-06-02T19:30:18","guid":{"rendered":"http:\/\/www.tri-team-fuldatal.de\/?p=5230"},"modified":"2015-06-02T20:30:18","modified_gmt":"2015-06-02T19:30:18","slug":"von-ruehrei-bis-frische-broetchen-war-alles-am-start","status":"publish","type":"post","link":"http:\/\/www.tri-team-fuldatal.de\/?p=5230","title":{"rendered":"&#8222;Von R\u00fchrei bis frische Br\u00f6tchen war alles am Start!&#8220;"},"content":{"rendered":"<h3 style=\"text-align: center;\">Die Seniorenliga zu Gast in Viernheim<\/h3>\n<p><a href=\"http:\/\/www.tri-team-fuldatal.de\/wp-content\/uploads\/2015\/06\/image.jpg\"><img loading=\"lazy\" decoding=\"async\" class=\"  wp-image-5231 aligncenter\" src=\"http:\/\/www.tri-team-fuldatal.de\/wp-content\/uploads\/2015\/06\/image.jpg\" alt=\"image\" width=\"501\" height=\"330\" srcset=\"http:\/\/www.tri-team-fuldatal.de\/wp-content\/uploads\/2015\/06\/image.jpg 940w, http:\/\/www.tri-team-fuldatal.de\/wp-content\/uploads\/2015\/06\/image-300x198.jpg 300w\" sizes=\"auto, (max-width: 501px) 100vw, 501px\" \/><\/a><\/p>\n<p style=\"text-align: justify;\">Viernheim &#8211; Dieses Jahr ganz ungewohnt fand der Triathlon in Viernheim schon in der fr\u00fchen Saison statt und noch ungew\u00f6hnlicher &#8230; auch noch am abend! Immer eine sch\u00f6ne Station f\u00fcr unsere Ligastarter dieser gro\u00dfe Wettkampf in S\u00fcdhessen. Prominente Starter, knackige Radstrecke und organisatorisch erste Sahne. Da startet man gerne.<\/p>\n<p style=\"text-align: justify;\">Die Jungs aus der Seniorenligamannschaft begannen den langen Tag mit einem Fr\u00fchst\u00fcck bei Stefen Wei\u00df. Teamkapit\u00e4n Hubert kommentiert dies mit &#8222;Es gab alles, was man sich vorstellen kann, von R\u00fchrei bis frische Br\u00f6tchen war alles am Start!&#8220; Herrlich!<\/p>\n<p style=\"text-align: justify;\">Nachdem sich dann alle in der Wechselzone 2 zum Abholen der Startunterlagen getroffen hatten, ging es zum Checkin in der Wechselzone 1, welche am Hemsbacher Wiesensee liegt. Dort folgte ein wenig Verwirrung, denn laut Ausschreibung ging das Checkinfenster bis 17:15, bei einer Ankunft kurz nach 17:00 hagelte es aber schon Zeitstrafen. Dies betraf neben unseren Jungs auch gleich noch viele andere. Es kl\u00e4rte sich nicht mehr auf, warum dies so gehandhabt wurde. Ergebnis auf jeden Fall, 1 Minute Strafe f\u00fcr jeden im Gep\u00e4ck und das vor dem Einchecken! :)<\/p>\n<p style=\"text-align: justify;\">Der Vorteil der Jahreszeit war dann nat\u00fcrlich, dass die Temperaturen optimal waren. W\u00e4hrend genau dieser Wettkampf schon bei Todestemperaturen von 37\u00b0C ausgetragen wurde, konnte das Ende Mai nicht passieren.<\/p>\n<p style=\"text-align: justify;\">\n<h4 style=\"text-align: justify;\">Schwimmen<\/h4>\n<p style=\"text-align: justify;\">Eins \u00e4ndert sich in Viernheim aber nie &#8230; das Schwimmen ist eine Pr\u00fcgelorgie und das selbst dann, wenn man nicht ganz vorne dabei sein will. In diesem Gew\u00fchl konnte Uwe Mantel am schnellsten schwimmen und kam in 23:57 min aus dem Wasser. Es folgten Stefen Wei\u00df (24:02 min), Hubert Krantz (24:57 min) und Stefan Cloodt (28:26 min).<\/p>\n<h4 style=\"text-align: justify;\">Radfahren<\/h4>\n<p style=\"text-align: justify;\">Nun folgte das Sahnest\u00fcck von Viernheim, 40 Kilometer auf dem Rad und dabei 700 H\u00f6henmeter \u00fcberwinden. Es ist nicht so, dass wir hier von Sahneasphalt oder solchen Dingen reden, dennoch ist es eine willkommene Abwechslung im Zeitalter immer flacher werdender Radstrecken noch so etwas im Wettkampfkalender zu finden. Stefan Cloodt zeigte hier, wo seine Wurzel liegen und legte in 1:16:38 den schnellsten Split des Teams hin. Es folgte Stefen (1:19:49), Uwe (1:30:15) und Hubert (1:34:23)<\/p>\n<h4 style=\"text-align: justify;\">Laufen<\/h4>\n<p style=\"text-align: justify;\">Bei den drei Runden der Laufstrecke auf 10 km freuten sich alle, dass der Kurs es erm\u00f6glichte, die anderen Teamkollegen zu sehen und sich dabei gegenseitig zu motivieren zu k\u00f6nnen. Stefen legte hier beherzt los, musste aber in Runde zwei aufgrund einiger Kr\u00e4mpfe im Oberschenkel ein wenig Tempo rausnehmen. Nach einer Laufzeit von 46:04 min kam er mit einer Gesamtzeit von 2:31:10 ins Ziel. Stefan lief den Lauf gut und konstant durch und er erreichte das Ziel als Zweiter der Mannschaft mit einer Laufzeit von 48:37 min und einer Gesamtzeit von 2:39:30. Uwe konnte mit einem starken Lauf von 48:40 min und einer Gesamtzeit von 2:45:47 sein Rennen beenden. Hubert machte einen soliden Lauf mit 53:37 min und einer Gesamtzeit von 2:56:39 und komplettierte das Team.<\/p>\n<p style=\"text-align: justify;\">Alle Teilnehmer waren sehr zufrieden mit ihrer Leistung und hatten den ganzen Tag sehr viel Spa\u00df, da tut es auch keinen Abbruch, dass wir die Teamplatzierung noch nachreichen m\u00fcssen, sobald diese bekannt ist!<\/p>\n<p style=\"text-align: justify;\">\n<p style=\"text-align: justify;\">(Bericht von Hubert Krantz)<\/p>\n","protected":false},"excerpt":{"rendered":"<p>30.05.2015 &#8211; Viernheimer Triathlon<\/p>\n","protected":false},"author":7,"featured_media":0,"comment_status":"open","ping_status":"open","sticky":false,"template":"","format":"standard","meta":{"colormag_page_container_layout":"default_layout","colormag_page_sidebar_layout":"default_layout","footnotes":""},"categories":[189],"tags":[34,187],"class_list":["post-5230","post","type-post","status-publish","format-standard","hentry","category-liga-2015","tag-hubert-krantz","tag-stefan-cloodt"],"_links":{"self":[{"href":"http:\/\/www.tri-team-fuldatal.de\/index.php?rest_route=\/wp\/v2\/posts\/5230","targetHints":{"allow":["GET"]}}],"collection":[{"href":"http:\/\/www.tri-team-fuldatal.de\/index.php?rest_route=\/wp\/v2\/posts"}],"about":[{"href":"http:\/\/www.tri-team-fuldatal.de\/index.php?rest_route=\/wp\/v2\/types\/post"}],"author":[{"embeddable":true,"href":"http:\/\/www.tri-team-fuldatal.de\/index.php?rest_route=\/wp\/v2\/users\/7"}],"replies":[{"embeddable":true,"href":"http:\/\/www.tri-team-fuldatal.de\/index.php?rest_route=%2Fwp%2Fv2%2Fcomments&post=5230"}],"version-history":[{"count":2,"href":"http:\/\/www.tri-team-fuldatal.de\/index.php?rest_route=\/wp\/v2\/posts\/5230\/revisions"}],"predecessor-version":[{"id":5233,"href":"http:\/\/www.tri-team-fuldatal.de\/index.php?rest_route=\/wp\/v2\/posts\/5230\/revisions\/5233"}],"wp:attachment":[{"href":"http:\/\/www.tri-team-fuldatal.de\/index.php?rest_route=%2Fwp%2Fv2%2Fmedia&parent=5230"}],"wp:term":[{"taxonomy":"category","embeddable":true,"href":"http:\/\/www.tri-team-fuldatal.de\/index.php?rest_route=%2Fwp%2Fv2%2Fcategories&post=5230"},{"taxonomy":"post_tag","embeddable":true,"href":"http:\/\/www.tri-team-fuldatal.de\/index.php?rest_route=%2Fwp%2Fv2%2Ftags&post=5230"}],"curies":[{"name":"wp","href":"https:\/\/api.w.org\/{rel}","templated":true}]}}