{"id":5199,"date":"2015-06-02T12:29:38","date_gmt":"2015-06-02T11:29:38","guid":{"rendered":"http:\/\/www.tri-team-fuldatal.de\/?p=5199"},"modified":"2015-06-02T12:29:38","modified_gmt":"2015-06-02T11:29:38","slug":"ederauen-triathlon-fritzlar","status":"publish","type":"post","link":"http:\/\/www.tri-team-fuldatal.de\/?p=5199","title":{"rendered":"Ederauen Triathlon Fritzlar"},"content":{"rendered":"<p><a href=\"http:\/\/www.tri-team-fuldatal.de\/wp-content\/uploads\/2015\/06\/schwimmstart-liga.jpg\"><img loading=\"lazy\" decoding=\"async\" class=\"  wp-image-5204 aligncenter\" src=\"http:\/\/www.tri-team-fuldatal.de\/wp-content\/uploads\/2015\/06\/schwimmstart-liga-1024x589.jpg\" alt=\"schwimmstart liga\" width=\"498\" height=\"287\" srcset=\"http:\/\/www.tri-team-fuldatal.de\/wp-content\/uploads\/2015\/06\/schwimmstart-liga-1024x589.jpg 1024w, http:\/\/www.tri-team-fuldatal.de\/wp-content\/uploads\/2015\/06\/schwimmstart-liga-300x173.jpg 300w\" sizes=\"auto, (max-width: 498px) 100vw, 498px\" \/><\/a><\/p>\n<p style=\"text-align: justify;\">Fritzlar &#8211; bei f\u00fcr diese Jahreszeit zwar nicht berrauschend guten Temperaturen, aber immerhin fast trockenem Wetter mussten sich dieses Jahr neben vielen offenen Startern die M\u00e4nner der 4. Hessenliga der Konkurrenz zum ersten Mal stellen. Vorgesehenes Format war ein Swim &amp; Run vorweg und ein normaler Sprint (750,23,5) etwas sp\u00e4ter, alles ohne Teamgef\u00fcge, also jeder f\u00fcr sich. Die Wartzezeit zwischen den beiden Teilwettk\u00e4mpfen wurde bei dem Wetter doch ein wenig anstrengend, da man sehr schnell ausk\u00fchlte. Dies haben neben Routiniers und Rookies aber alle gute hinbekommen. F\u00fcr die offenen Starter ging es auf eine Volksdistanz \u00fcber 550m, 23 km, 5 km.<\/p>\n<p>&nbsp;<\/p>\n<h3 style=\"text-align: center;\">Ligarennen 4. Hessenliga<\/h3>\n<p><a href=\"http:\/\/www.tri-team-fuldatal.de\/wp-content\/uploads\/2015\/06\/Br\u00fccke.jpg\"><img loading=\"lazy\" decoding=\"async\" class=\"  wp-image-5202 aligncenter\" src=\"http:\/\/www.tri-team-fuldatal.de\/wp-content\/uploads\/2015\/06\/Br\u00fccke-1024x579.jpg\" alt=\"Br\u00fccke\" width=\"528\" height=\"299\" srcset=\"http:\/\/www.tri-team-fuldatal.de\/wp-content\/uploads\/2015\/06\/Br\u00fccke-1024x579.jpg 1024w, http:\/\/www.tri-team-fuldatal.de\/wp-content\/uploads\/2015\/06\/Br\u00fccke-300x170.jpg 300w, http:\/\/www.tri-team-fuldatal.de\/wp-content\/uploads\/2015\/06\/Br\u00fccke-195x110.jpg 195w\" sizes=\"auto, (max-width: 528px) 100vw, 528px\" \/><\/a><\/p>\n<p style=\"text-align: justify;\">Personell ist das Team um die vierte Hessenliga ganz gut aufgestellt, dennoch mussten einige Ausf\u00e4lle kompensiert werden. Zum einen vielen einige geplante Starter verletzungs- wie krankheitsbedingt aus und zum anderen musste zeitgleich eine komplette Mannschaft f\u00fcr die Seniorenliga in Viernheim gestellt werden. Die letzte L\u00fccke im Team f\u00fcllte dann kurzfristig Andre Ritter Bastos, ganz rechts auf dem Bild, als Ersatz f\u00fcr Takis Keldenich aus. Er ist im Moment brasilianischer Gastsch\u00fcler und f\u00fcr ein Jahr in Deutschland, Triathlet mit Leib und Seele und wird in dieser Saison bei uns in den Ligamanschaften mitstarten. Dirk Wiegand ersetzte Markus H\u00f6hne, der immer noch mit einer Fu\u00dfverletzung zu k\u00e4mpfen hat. Dieter hielt als Routinier die Truppe sch\u00f6n zusammen und so f\u00fchlten sich auch unsere Ligarookies Christoph Dargel und Andreas Langhans ganz gut in ihrer Haut.<\/p>\n<p style=\"text-align: justify;\">Swim &amp; Run &#8211; Bei dieser Disziplin mussten alle wieder ordentlich leiden, von der Horizontalen bei Wettkampfgeschwindigkeit in die Vertikale, das \u00fcbt man entweder sehr oft und es wird ertr\u00e4glich, oder es wird eine wirklich anstrengende Erfahrung. So war auch bei allen Startern ein einvernehmliches St\u00f6hnen zu h\u00f6ren, als sie in der Wechselzone ihre Schuhe \u00fcberzogen. Andre war bei dieser Disziplin deutlich schnellster Starter des Teams und belegte Platz 11 von etwa 60 Startern. Zusammen mit Dieter auf Platz 33 legte er den Grundstein den 6. Platz von 11. Teams in der Teamwertung.<\/p>\n<p style=\"text-align: justify;\">Sprinttriathlon &#8211; Auch hier konnte Andre zeigen, warum er n\u00e4chstes Wochenende mit der ersten Mannschaft in Darmstadt an den Start geht. In Konkurrenz zu sehr starken Startern vom TSG Kleinostheim konnte er Platz 6 aller Starter belegen. Wieder konnte auch Dieter gut im Mittelfeld landen. Unsere Rookies konnten sich im Feld auch sehr gut platzieren und so reichte es am Ende f\u00fcr einen super Einstieg mit Platz 5 in der Gesamtwertung, knapp vor der heimischen Konkurrenz von der WVC Kassel.<\/p>\n<p>&nbsp;<\/p>\n<h3 style=\"text-align: center;\">Offene Klasse<\/h3>\n<p><a href=\"http:\/\/www.tri-team-fuldatal.de\/wp-content\/uploads\/2015\/06\/yvonneziel2.jpg\"><img loading=\"lazy\" decoding=\"async\" class=\"  wp-image-5203 aligncenter\" src=\"http:\/\/www.tri-team-fuldatal.de\/wp-content\/uploads\/2015\/06\/yvonneziel2-1024x557.jpg\" alt=\"yvonneziel2\" width=\"543\" height=\"295\" srcset=\"http:\/\/www.tri-team-fuldatal.de\/wp-content\/uploads\/2015\/06\/yvonneziel2-1024x557.jpg 1024w, http:\/\/www.tri-team-fuldatal.de\/wp-content\/uploads\/2015\/06\/yvonneziel2-300x163.jpg 300w, http:\/\/www.tri-team-fuldatal.de\/wp-content\/uploads\/2015\/06\/yvonneziel2.jpg 1936w\" sizes=\"auto, (max-width: 543px) 100vw, 543px\" \/><\/a><\/p>\n<p style=\"text-align: justify;\">In der offenen Klasse gab es bei den Frauen eine \u00dcberraschung. Yvonne Dippel, baldige Heimkehrerin nach Exil in Berlin, schnupperte schon wieder ein wenig Heimatluft und verband dies gleich mit der Teilnahme am Ederauentriathlon. Zwar noch ohne Schwimmtraining, aber schon wieder mit ein paar Laufkilometern im Gep\u00e4ck war sie hei\u00df auf einen schnelle Triathlon. Diesen sollte sie auch bekommen. Nach einer \u00fcberraschend guten Schwimmleistung kam sie zusammen mit Saskia Freiwald und der Konkurrenz anderer Teams relativ weit vorne aus dem Wasser. Danach fuhr sie den schnellsten Radsplit des Tages und konnte so selbst die st\u00e4rkste Konkurrentin Ellen Kn\u00f6pke vom TV Buschh\u00fctten ein wenig distanzieren. Mit ein wenig Vorsprung erreicht Yvonne als erste den zweiten Wechsel.<\/p>\n<p>https:\/\/www.youtube.com\/watch?v=M-rgg87NM-E<\/p>\n<p style=\"text-align: justify;\">Sichtbar motivert versuchte Yvonne ihren Vorsprung zu halten. Aber wie schon zu vermuten war, lie\u00df es sich Ellen, vom Laufsport kommend, nicht nehmen, die L\u00fccke zu schlie\u00dfen und Yvonne noch zu distanzieren. Dennoch stand so f\u00fcr Yvonne mit Gesamplatz 2 ein Topergebnis zu buche. Saskia h\u00e4tte an diesem Tag auch viel weiter vorne mit eingreifen k\u00f6nnen, das zeigte ihre Formkurve vor Fritzlar schon deutlich an. Allerdings durchfuhr sie auf Radrunde 1 frisch gespritztes Pflanzengift eines Bauern und erlitt so einen leichten allergischen Schock. Ihr geht es mittlerweile wieder sehr gut, aber sie bekam w\u00e4hrend des Wettkampfs kaum noch Luft.<\/p>\n<p>&nbsp;<\/p>\n<p>Alle Ergebnisse aller Klassen hier:<\/p>\n<p><a href=\"http:\/\/www.triathlon-service.de\/ergebnisse\/2015.php\">Ergebnisse bei Meusegast<\/a><\/p>\n","protected":false},"excerpt":{"rendered":"<p>30.05.2015 &#8211; Triathlon Fritzlar<\/p>\n","protected":false},"author":7,"featured_media":5200,"comment_status":"open","ping_status":"open","sticky":false,"template":"","format":"standard","meta":{"colormag_page_container_layout":"default_layout","colormag_page_sidebar_layout":"default_layout","footnotes":""},"categories":[189,191],"tags":[110,193,186,60,32,28,162,29],"class_list":["post-5199","post","type-post","status-publish","format-standard","has-post-thumbnail","hentry","category-liga-2015","category-triathlonduathlon-2015","tag-andreas-kisling","tag-andreas-langhans","tag-christoph-dargel","tag-dieter-koch","tag-dirk-wiegand","tag-helmut-goerz","tag-saskia-freiwald","tag-yvonne-dippel"],"_links":{"self":[{"href":"http:\/\/www.tri-team-fuldatal.de\/index.php?rest_route=\/wp\/v2\/posts\/5199","targetHints":{"allow":["GET"]}}],"collection":[{"href":"http:\/\/www.tri-team-fuldatal.de\/index.php?rest_route=\/wp\/v2\/posts"}],"about":[{"href":"http:\/\/www.tri-team-fuldatal.de\/index.php?rest_route=\/wp\/v2\/types\/post"}],"author":[{"embeddable":true,"href":"http:\/\/www.tri-team-fuldatal.de\/index.php?rest_route=\/wp\/v2\/users\/7"}],"replies":[{"embeddable":true,"href":"http:\/\/www.tri-team-fuldatal.de\/index.php?rest_route=%2Fwp%2Fv2%2Fcomments&post=5199"}],"version-history":[{"count":4,"href":"http:\/\/www.tri-team-fuldatal.de\/index.php?rest_route=\/wp\/v2\/posts\/5199\/revisions"}],"predecessor-version":[{"id":5207,"href":"http:\/\/www.tri-team-fuldatal.de\/index.php?rest_route=\/wp\/v2\/posts\/5199\/revisions\/5207"}],"wp:featuredmedia":[{"embeddable":true,"href":"http:\/\/www.tri-team-fuldatal.de\/index.php?rest_route=\/wp\/v2\/media\/5200"}],"wp:attachment":[{"href":"http:\/\/www.tri-team-fuldatal.de\/index.php?rest_route=%2Fwp%2Fv2%2Fmedia&parent=5199"}],"wp:term":[{"taxonomy":"category","embeddable":true,"href":"http:\/\/www.tri-team-fuldatal.de\/index.php?rest_route=%2Fwp%2Fv2%2Fcategories&post=5199"},{"taxonomy":"post_tag","embeddable":true,"href":"http:\/\/www.tri-team-fuldatal.de\/index.php?rest_route=%2Fwp%2Fv2%2Ftags&post=5199"}],"curies":[{"name":"wp","href":"https:\/\/api.w.org\/{rel}","templated":true}]}}