{"id":5111,"date":"2015-04-12T19:55:40","date_gmt":"2015-04-12T18:55:40","guid":{"rendered":"http:\/\/www.tri-team-fuldatal.de\/?p=5111"},"modified":"2015-06-01T23:47:42","modified_gmt":"2015-06-01T22:47:42","slug":"fuldataler-testen-lauf-form-in-breitenbach-und-warburg","status":"publish","type":"post","link":"http:\/\/www.tri-team-fuldatal.de\/?p=5111","title":{"rendered":"Fuldataler testen Lauf-Form in Breitenbach und Warburg &#8230;."},"content":{"rendered":"<h3 style=\"text-align: center;\">&#8230;.. Bestzeit f\u00fcr Deussing \u2013 Sieg f\u00fcr Langlotz<\/h3>\n<p><a href=\"http:\/\/www.tri-team-fuldatal.de\/wp-content\/uploads\/2015\/04\/20150328_154709-e1428864892740.jpg\"><img loading=\"lazy\" decoding=\"async\" class=\"aligncenter wp-image-5112 \" src=\"http:\/\/www.tri-team-fuldatal.de\/wp-content\/uploads\/2015\/04\/20150328_154709-e1428864892740-576x1024.jpg\" alt=\"20150328_154709\" width=\"250\" height=\"445\" \/><\/a><\/p>\n<p>&nbsp;<\/p>\n<p style=\"text-align: justify;\"><strong>Winterlaufserie Breitenbach 13.03.2015<\/strong><\/p>\n<p style=\"text-align: justify;\">Beim dritten Lauf der Winterlaufserie in Bebra-Breitenbach testeten Vertreter der ersten und zweiten Herrenmannschaft &#8211; Sven Deussing und Manuel Langlotz &#8211; auf der amtlich vermessenen 5 Km Strecke Ihre Form. Die Vorgabe war klar. F\u00fcr Sven sollte die 21 Minuten Grenze fallen. Manuel wollte eine 3:25 durchlaufen. Bei ungem\u00fctlichen 2 Grad und Nieselregen konnte Manuel in 17:19 seine eigene Vorgabe knapp erf\u00fcllen, wobei die Tempoh\u00e4rte beim gelernten Kaufmann f\u00fcr Dialogmarketing noch fehlt. Unterm Strich ergab das einen zweiten Gesamtplatz knapp 10 Sekunden hinter Amateurweltmeister Marc Unger.<br \/>\nBei Sven lief alles nach Plan nach einem f\u00fcr seine Verh\u00e4ltnisse z\u00fcgigen Angangskilometer \u00fcberquerte er \u2013 angefeuert von Manuel \u2013 nach 20:50 min die Ziellinie. Da stellt sich doch die Frage: \u201eZ\u00fcndet die Rakete (alias Sven Deussing) dieses Jahr noch der Nachbrenner und f\u00e4llt die 20? Die zweite Herrenmannschaft glaubt daran!<\/p>\n<p style=\"text-align: justify;\"><strong>Nordhessencup Warburg 28.03.<\/strong><\/p>\n<p>Fr\u00fchlingshafte Temperaturen und ein azurblauer Himmel lockten zahlreiche Athleten zum ersten Lauf der Nordhessencupserie nach Warburg. So hatten sich auch Thorsten Rietze, Rebecca Sechtling und Manuel \u00fcber die Landesgrenze eingeschlichen. Auf der 5km Strecke wartete ein Schlussanstieg der es in sich hatte.<br \/>\nManuel \u2013 noch leicht angeschlagen von der Grippewelle \u2013 nutzte diesen Schlussanstieg, um Thomas S\u00e4mann (WVC Triathlon Kassel) zu distanzieren und sicherte sich mit 17 Sekunden Vorsprung in 17:21 min unter 179 gestarteten Teilnehmern den Tagessieg.<br \/>\nRebecca, ebenfalls \u00fcber die 5 km gestartet zeigte eine souver\u00e4ne Vorstellung und \u00fcberquerte in 24:50 als zweite Ihrer Altersklasse die Ziellinie.<br \/>\nThorsten meisterte die ebenfalls sehr anspruchsvolle 10 km Strecke nach einer achtw\u00f6chigen Grippe in 46:37 mit einem starken dritten Platz in seiner AK.<\/p>\n<p>Als n\u00e4chster anstehender Formtest wartet Ende April der Duathlon in Gro\u00dfenenglis. Dieses Jahr mit den hessischen Duathlon Meisterschaften \u00fcber die Sprintdistanz \u00fcber 5-21-2,5. Standesgem\u00e4\u00df wird das TTF wieder mit einer gro\u00dfen Fraktion vor Ort sein, um auch f\u00fcr die anstehenden Ligawettk\u00e4mpfe eine Standortbestimmung zu liefern.<\/p>\n","protected":false},"excerpt":{"rendered":"<p>L\u00e4ufe Breitenbach und Warburg<\/p>\n","protected":false},"author":7,"featured_media":5112,"comment_status":"open","ping_status":"open","sticky":false,"template":"","format":"standard","meta":{"colormag_page_container_layout":"default_layout","colormag_page_sidebar_layout":"default_layout","footnotes":""},"categories":[184],"tags":[42,125,9,167],"class_list":["post-5111","post","type-post","status-publish","format-standard","has-post-thumbnail","hentry","category-lauf-2015","tag-manuel-langlotz","tag-rebekka-sechtling","tag-sven-deussing","tag-thorsten-rietze"],"_links":{"self":[{"href":"http:\/\/www.tri-team-fuldatal.de\/index.php?rest_route=\/wp\/v2\/posts\/5111","targetHints":{"allow":["GET"]}}],"collection":[{"href":"http:\/\/www.tri-team-fuldatal.de\/index.php?rest_route=\/wp\/v2\/posts"}],"about":[{"href":"http:\/\/www.tri-team-fuldatal.de\/index.php?rest_route=\/wp\/v2\/types\/post"}],"author":[{"embeddable":true,"href":"http:\/\/www.tri-team-fuldatal.de\/index.php?rest_route=\/wp\/v2\/users\/7"}],"replies":[{"embeddable":true,"href":"http:\/\/www.tri-team-fuldatal.de\/index.php?rest_route=%2Fwp%2Fv2%2Fcomments&post=5111"}],"version-history":[{"count":3,"href":"http:\/\/www.tri-team-fuldatal.de\/index.php?rest_route=\/wp\/v2\/posts\/5111\/revisions"}],"predecessor-version":[{"id":5125,"href":"http:\/\/www.tri-team-fuldatal.de\/index.php?rest_route=\/wp\/v2\/posts\/5111\/revisions\/5125"}],"wp:featuredmedia":[{"embeddable":true,"href":"http:\/\/www.tri-team-fuldatal.de\/index.php?rest_route=\/wp\/v2\/media\/5112"}],"wp:attachment":[{"href":"http:\/\/www.tri-team-fuldatal.de\/index.php?rest_route=%2Fwp%2Fv2%2Fmedia&parent=5111"}],"wp:term":[{"taxonomy":"category","embeddable":true,"href":"http:\/\/www.tri-team-fuldatal.de\/index.php?rest_route=%2Fwp%2Fv2%2Fcategories&post=5111"},{"taxonomy":"post_tag","embeddable":true,"href":"http:\/\/www.tri-team-fuldatal.de\/index.php?rest_route=%2Fwp%2Fv2%2Ftags&post=5111"}],"curies":[{"name":"wp","href":"https:\/\/api.w.org\/{rel}","templated":true}]}}