{"id":4805,"date":"2014-10-10T23:22:22","date_gmt":"2014-10-10T22:22:22","guid":{"rendered":"http:\/\/www.tri-team-fuldatal.de\/?p=4805"},"modified":"2015-06-02T21:13:38","modified_gmt":"2015-06-02T20:13:38","slug":"wintertraining-20142015","status":"publish","type":"post","link":"http:\/\/www.tri-team-fuldatal.de\/?p=4805","title":{"rendered":"Wintertraining 2014\/2015"},"content":{"rendered":"<h2 style=\"text-align: center;\">Wintertraing<\/h2>\n<figure id=\"attachment_4810\" aria-describedby=\"caption-attachment-4810\" style=\"width: 620px\" class=\"wp-caption aligncenter\"><a href=\"http:\/\/www.tri-team-fuldatal.de\/wp-content\/uploads\/2014\/10\/G0010008.jpg\"><img loading=\"lazy\" decoding=\"async\" class=\"wp-image-4810 size-large\" src=\"http:\/\/www.tri-team-fuldatal.de\/wp-content\/uploads\/2014\/10\/G0010008-1024x566.jpg\" alt=\"DCIM100GOPRO\" width=\"620\" height=\"342\" srcset=\"http:\/\/www.tri-team-fuldatal.de\/wp-content\/uploads\/2014\/10\/G0010008-1024x566.jpg 1024w, http:\/\/www.tri-team-fuldatal.de\/wp-content\/uploads\/2014\/10\/G0010008-300x166.jpg 300w, http:\/\/www.tri-team-fuldatal.de\/wp-content\/uploads\/2014\/10\/G0010008.jpg 2000w\" sizes=\"auto, (max-width: 620px) 100vw, 620px\" \/><\/a><figcaption id=\"caption-attachment-4810\" class=\"wp-caption-text\">Trainingslager im Harz am Brocken 2013<\/figcaption><\/figure>\n<p>&nbsp;<\/p>\n<p>Seid ihr interessiert am Training mit dem Tri-Team Fuldatal? Oder seid ihr schon l\u00e4ngt dabei und hei\u00df auf den Winter?<\/p>\n<p>Die \u00dcbersicht der Trainingszeiten wurde f\u00fcr die Wintermonate akualisiert. Uns bleiben beide Schwimmtermine erhalten. Alle n\u00f6tigen Informationen zum Training im Winter findet ihr unter der Rubrik <a href=\"http:\/\/www.tri-team-fuldatal.de\/?page_id=272\" target=\"_blank\">Trainingszeiten<\/a> in der Kopfzeile der Homepage.<\/p>\n<p>Wie jeden Winter beliebt, geht es f\u00fcr viele von uns zu den Winterlaufserien der Region. Am beliebtesten f\u00fcr die meisten von uns ist die <a href=\"http:\/\/www.sporton.de\/cms\/users\/templates\/subwebs\/template.asp?subwebid=2544&amp;id=31827&amp;template=124http:\/\/\" target=\"_blank\">Winterlaufserie in Ahnatal<\/a>, welche am 9.11.2014 wieder beginnt. \u00dcber den Winter finden noch einige andere Volksl\u00e4ufe oder auch Trainingslager statt, neue Infos dazu gibt es immer in unserem <a href=\"http:\/\/www.tri-team-fuldatal.de\/Treffpunkt\/index.php\" target=\"_blank\">Forum<\/a>.<\/p>\n","protected":false},"excerpt":{"rendered":"<p>Trainingszeiten Winter<\/p>\n","protected":false},"author":7,"featured_media":4810,"comment_status":"open","ping_status":"open","sticky":false,"template":"","format":"standard","meta":{"colormag_page_container_layout":"default_layout","colormag_page_sidebar_layout":"default_layout","footnotes":""},"categories":[1],"tags":[],"class_list":["post-4805","post","type-post","status-publish","format-standard","has-post-thumbnail","hentry","category-allgemein"],"_links":{"self":[{"href":"http:\/\/www.tri-team-fuldatal.de\/index.php?rest_route=\/wp\/v2\/posts\/4805","targetHints":{"allow":["GET"]}}],"collection":[{"href":"http:\/\/www.tri-team-fuldatal.de\/index.php?rest_route=\/wp\/v2\/posts"}],"about":[{"href":"http:\/\/www.tri-team-fuldatal.de\/index.php?rest_route=\/wp\/v2\/types\/post"}],"author":[{"embeddable":true,"href":"http:\/\/www.tri-team-fuldatal.de\/index.php?rest_route=\/wp\/v2\/users\/7"}],"replies":[{"embeddable":true,"href":"http:\/\/www.tri-team-fuldatal.de\/index.php?rest_route=%2Fwp%2Fv2%2Fcomments&post=4805"}],"version-history":[{"count":3,"href":"http:\/\/www.tri-team-fuldatal.de\/index.php?rest_route=\/wp\/v2\/posts\/4805\/revisions"}],"predecessor-version":[{"id":4812,"href":"http:\/\/www.tri-team-fuldatal.de\/index.php?rest_route=\/wp\/v2\/posts\/4805\/revisions\/4812"}],"wp:featuredmedia":[{"embeddable":true,"href":"http:\/\/www.tri-team-fuldatal.de\/index.php?rest_route=\/wp\/v2\/media\/4810"}],"wp:attachment":[{"href":"http:\/\/www.tri-team-fuldatal.de\/index.php?rest_route=%2Fwp%2Fv2%2Fmedia&parent=4805"}],"wp:term":[{"taxonomy":"category","embeddable":true,"href":"http:\/\/www.tri-team-fuldatal.de\/index.php?rest_route=%2Fwp%2Fv2%2Fcategories&post=4805"},{"taxonomy":"post_tag","embeddable":true,"href":"http:\/\/www.tri-team-fuldatal.de\/index.php?rest_route=%2Fwp%2Fv2%2Ftags&post=4805"}],"curies":[{"name":"wp","href":"https:\/\/api.w.org\/{rel}","templated":true}]}}