{"id":4618,"date":"2014-07-13T15:09:52","date_gmt":"2014-07-13T14:09:52","guid":{"rendered":"http:\/\/www.tri-team-fuldatal.de\/?p=4618"},"modified":"2014-07-13T15:09:52","modified_gmt":"2014-07-13T14:09:52","slug":"zwergenteam-am-start-des-waldecker-triathlon","status":"publish","type":"post","link":"http:\/\/www.tri-team-fuldatal.de\/?p=4618","title":{"rendered":"Zwergenteam am Start des Waldecker-Triathlon"},"content":{"rendered":"<p style=\"text-align: justify;\"><a href=\"http:\/\/www.tri-team-fuldatal.de\/wp-content\/uploads\/2014\/07\/10441951_10202069370130834_4288595438937683263_n.jpg\"><img loading=\"lazy\" decoding=\"async\" class=\"aligncenter wp-image-4619\" src=\"http:\/\/www.tri-team-fuldatal.de\/wp-content\/uploads\/2014\/07\/10441951_10202069370130834_4288595438937683263_n.jpg\" alt=\"10441951_10202069370130834_4288595438937683263_n\" width=\"377\" height=\"251\" srcset=\"http:\/\/www.tri-team-fuldatal.de\/wp-content\/uploads\/2014\/07\/10441951_10202069370130834_4288595438937683263_n.jpg 800w, http:\/\/www.tri-team-fuldatal.de\/wp-content\/uploads\/2014\/07\/10441951_10202069370130834_4288595438937683263_n-300x199.jpg 300w\" sizes=\"auto, (max-width: 377px) 100vw, 377px\" \/><\/a><\/p>\n<p style=\"text-align: justify;\">Am Morgen des Waldecker-Triathlons fanden sich Anna-Lena Mattheis (mit ihrem ersten Liga-Start in dieser Saison), Rebekka Sechtling (nach Hand-OP wieder genesen), Daniela P\u00e4tsch (frisch bei uns und schon voll im Einsatz) und Yvonne Dippel (Aushilfseinsatz, ohne Schwimm- und Lauftraining) mit Respekt vor der anspruchsvollen Strecke, jedoch durchaus gut gelaunt in der Wechselzone in Waldeck ein. F\u00fcr das heute vermutlich kleinste Team der 1.HTL ( gemeinsam sind wir genau 6,40m gro\u00df :-) ) galt es, eine olympische Distanz f\u00fcr die 1.Hessenliga zu bestreiten.<\/p>\n<p style=\"text-align: justify;\">\nBeim Anlegen der Neo-Pelle stieg bei grauenhaftem Schlagergedr\u00f6hne aus den Lautsprechern so langsam die Nervosit\u00e4t. Dann Start auf die schier nicht enden wollende Schwimmstrecke im Rechteckkurs durch den Edersee. Rebekka, die vor dem Start noch gr\u00fcbelte, wann sie das letzte Mal wohl im Wasser gewesen sei, hatte als erste wieder Land unter den F\u00fc\u00dfen. Anna-Lena, Daniela und Yvonne kamen nahezu zeitgleich aus dem Wasser, um leicht benommen in die Wechselzone zu hetzen. Yvonne konnte sich auf den ersten Kilometern der h\u00f6henmetergespickten Radstrecke an Rebekka vorbeischieben und weitere Pl\u00e4tze nach vorne gutmachen. In dieser Reihenfolge begaben sich die vier auch auf die Laufstrecke, wo sich Anna-Lena laufstark zeigte und noch einige Kontrahentinnen hinter sich lie\u00df. Im Ziel wurde dann mit leckerer Weizenbrause auf das Rennen angesto\u00dfen.<\/p>\n","protected":false},"excerpt":{"rendered":"<p>28.06.2014 31. Waldecker Ederseetriathlon<\/p>\n","protected":false},"author":7,"featured_media":4619,"comment_status":"open","ping_status":"open","sticky":false,"template":"","format":"standard","meta":{"colormag_page_container_layout":"default_layout","colormag_page_sidebar_layout":"default_layout","footnotes":""},"categories":[172],"tags":[180,125,29],"class_list":["post-4618","post","type-post","status-publish","format-standard","has-post-thumbnail","hentry","category-liga-2014","tag-daniela-paetsch","tag-rebekka-sechtling","tag-yvonne-dippel"],"_links":{"self":[{"href":"http:\/\/www.tri-team-fuldatal.de\/index.php?rest_route=\/wp\/v2\/posts\/4618","targetHints":{"allow":["GET"]}}],"collection":[{"href":"http:\/\/www.tri-team-fuldatal.de\/index.php?rest_route=\/wp\/v2\/posts"}],"about":[{"href":"http:\/\/www.tri-team-fuldatal.de\/index.php?rest_route=\/wp\/v2\/types\/post"}],"author":[{"embeddable":true,"href":"http:\/\/www.tri-team-fuldatal.de\/index.php?rest_route=\/wp\/v2\/users\/7"}],"replies":[{"embeddable":true,"href":"http:\/\/www.tri-team-fuldatal.de\/index.php?rest_route=%2Fwp%2Fv2%2Fcomments&post=4618"}],"version-history":[{"count":1,"href":"http:\/\/www.tri-team-fuldatal.de\/index.php?rest_route=\/wp\/v2\/posts\/4618\/revisions"}],"predecessor-version":[{"id":4620,"href":"http:\/\/www.tri-team-fuldatal.de\/index.php?rest_route=\/wp\/v2\/posts\/4618\/revisions\/4620"}],"wp:featuredmedia":[{"embeddable":true,"href":"http:\/\/www.tri-team-fuldatal.de\/index.php?rest_route=\/wp\/v2\/media\/4619"}],"wp:attachment":[{"href":"http:\/\/www.tri-team-fuldatal.de\/index.php?rest_route=%2Fwp%2Fv2%2Fmedia&parent=4618"}],"wp:term":[{"taxonomy":"category","embeddable":true,"href":"http:\/\/www.tri-team-fuldatal.de\/index.php?rest_route=%2Fwp%2Fv2%2Fcategories&post=4618"},{"taxonomy":"post_tag","embeddable":true,"href":"http:\/\/www.tri-team-fuldatal.de\/index.php?rest_route=%2Fwp%2Fv2%2Ftags&post=4618"}],"curies":[{"name":"wp","href":"https:\/\/api.w.org\/{rel}","templated":true}]}}