{"id":4570,"date":"2014-06-23T14:18:34","date_gmt":"2014-06-23T13:18:34","guid":{"rendered":"http:\/\/www.tri-team-fuldatal.de\/?p=4570"},"modified":"2014-06-23T14:18:34","modified_gmt":"2014-06-23T13:18:34","slug":"clash-of-titans-in-burgwald","status":"publish","type":"post","link":"http:\/\/www.tri-team-fuldatal.de\/?p=4570","title":{"rendered":"Clash of Titans in Burgwald"},"content":{"rendered":"<p style=\"text-align: justify;\">Bottendorf &#8211; Dass auch abgelegenere &#8222;Wald und Wiesen&#8220;-Wettk\u00e4mpfe ein hochklassiges Starterfeld anlocken k\u00f6nnen, das bewies der Burgewaldtriathlon in Bottendorf am vergangenen Samstag. Bei optimalem Wettkampfwetter gingen neben sieben Startern des Tri-Teams auch einige Hochkar\u00e4ter f\u00fcr den &#8222;Kampf der Titanen&#8220; an den Start. Die Volksdistanz (500 &#8211; 20 &#8211; 5) mit Start in einem schlammigen Fischteich, einer sch\u00f6nen welligen Radstrecke und einer Laufstrecke durch den nahe gelegenen Wald lockt Jahr f\u00fcr Jahr mehr Starter an. Und wieder lie\u00df sich der Veranstalter eine besonderes zus\u00e4tzliches Wettkampfformat einfallen. Was im Vorjahr der Supershort Triathlon war, wurde in diesem Jahr durch einen Sommerbiathlon ersetzt. Und wieder gab es eine Gesamtwertung f\u00fcr die Starter, die Biathlon wie auch den Triathlon absolvierten. Es gab also auch wieder einen Burgwaldman.<\/p>\n<figure id=\"attachment_4571\" aria-describedby=\"caption-attachment-4571\" style=\"width: 357px\" class=\"wp-caption aligncenter\"><a href=\"http:\/\/www.tri-team-fuldatal.de\/wp-content\/uploads\/2014\/06\/IMG_3665.jpg\"><img loading=\"lazy\" decoding=\"async\" class=\"wp-image-4571 \" src=\"http:\/\/www.tri-team-fuldatal.de\/wp-content\/uploads\/2014\/06\/IMG_3665-1024x682.jpg\" alt=\"IMG_3665\" width=\"357\" height=\"237\" srcset=\"http:\/\/www.tri-team-fuldatal.de\/wp-content\/uploads\/2014\/06\/IMG_3665-1024x682.jpg 1024w, http:\/\/www.tri-team-fuldatal.de\/wp-content\/uploads\/2014\/06\/IMG_3665-300x200.jpg 300w, http:\/\/www.tri-team-fuldatal.de\/wp-content\/uploads\/2014\/06\/IMG_3665.jpg 1152w\" sizes=\"auto, (max-width: 357px) 100vw, 357px\" \/><\/a><figcaption id=\"caption-attachment-4571\" class=\"wp-caption-text\">v.l.n.r. Stefen Wei\u00df, Uwe Mantel, Janne Wiemann<\/figcaption><\/figure>\n<h3 style=\"text-align: center;\"><\/h3>\n<h3 style=\"text-align: center;\">Volksdistanz<\/h3>\n<p style=\"text-align: justify;\">Bei den Herren mischte Marco Rudel ganz vorne mit. Nach dem Schwimmen noch auf Platz 9 liegend trug ihn sein Trek Speedconcept auf der Radstrecke weit nach vorne, zweitbester Radsplit hinter sp\u00e4terem Sieger Hendrik Becker war schon eine Ansage. Marco ging so auf Platz 3 ins Laufen. Er musste nur noch 2 Pl\u00e4tze an Tobias Kisling und Christoph Bergmann abgeben. Damit kann man leben, ein wirklich starkes Rennen von Marco. Zweitbester Fuldataler wurde Stefen Wei\u00df mit Platz 38 Gesamt und Platz 2 in der AK M50. Und Nummer drei im Bunde wurde Sven Deussing mit Gesamtplatz 46 und Platz 3 in der AK M25.<\/p>\n<p style=\"text-align: justify;\">Bei den Frauen konnte Kay Janne Wiemann nach dem Schwimmen noch Platz 3 f\u00fcr sich behaupten, ein guter Radsplit sicherte vorerst die M\u00f6glichkeit, noch vorne einzugreifen. Beim Laufen allerdings schlug sie dann eine langsamere Pace an, der Ironman Frankfurt steht ja bekanntlich kurz vor der T\u00fcr. Ihr Rennen endete so auf Rang 6 Gesamt und Platz 2 AK W30. Sarah Schiller absolvierte ihren ersten Triathlonwettkampf \u00fcberhaupt und konnte sich gleich direkt hinter Janne auf Rang 7 platzieren. Einen riesen Gl\u00fcckwunsch zu dieser super Leistung.<\/p>\n<h3 style=\"text-align: center;\">Sommerbiathlon<\/h3>\n<p style=\"text-align: justify;\">Am Sommerbiathlon \u00fcber 5 km Laufen mit zwei Schie\u00dfeinlagen nahm vom Tri-Team Marco Rudel teil. Er konnte in diesem Format Rang 3 belegen und wurde so in der Gesamtwertung zum Burgwaldman Zweiter!<\/p>\n<p style=\"text-align: justify;\">Ein Video zum Wettkampf:<\/p>\n<p><iframe loading=\"lazy\" src=\"\/\/www.youtube.com\/embed\/ZRGpU_a3MDs\" width=\"420\" height=\"315\" frameborder=\"0\" allowfullscreen=\"allowfullscreen\"><\/iframe><\/p>\n<p>Splitzeiten und Platzierungen aller Starter: (<a href=\"http:\/\/www.triathlon-service.de\/ergebnisse\/liste.php?nr=4634\">Ergebnisliste Veranstalter<\/a>)<\/p>\n<table>\n<tbody>\n<tr>\n<td>Name<\/td>\n<td>Platz<\/td>\n<td>Swim<\/td>\n<td>Bike<\/td>\n<td>S + B<\/td>\n<td>Run<\/td>\n<td>Endzeit<\/td>\n<\/tr>\n<tr>\n<td>Marco Rudel<\/td>\n<td>5<\/td>\n<td>7:16(9)<\/td>\n<td>32:44(2)<\/td>\n<td>40:00(3)<\/td>\n<td>20:10(10)<\/td>\n<td>1:00:10<\/td>\n<\/tr>\n<tr>\n<td>Stefen Wei\u00df<\/td>\n<td>38<\/td>\n<td>9:01(48)<\/td>\n<td>38:20(40)<\/td>\n<td>47:21(39)<\/td>\n<td>23:14(53)<\/td>\n<td>1:10:35<\/td>\n<\/tr>\n<tr>\n<td>Sven Deussing<\/td>\n<td>46<\/td>\n<td>8:51(43)<\/td>\n<td>40:32(70)<\/td>\n<td>49:23(63)<\/td>\n<td>22:09(35)<\/td>\n<td>1:11:32<\/td>\n<\/tr>\n<tr>\n<td>Janne Wiemann<\/td>\n<td>48 \/ W6<\/td>\n<td>8:20(34)<\/td>\n<td>38:52(48)<\/td>\n<td>47:12(36)<\/td>\n<td>24:29(77)<\/td>\n<td>1:11:41<\/td>\n<\/tr>\n<tr>\n<td>Uwe Mantel<\/td>\n<td>49<\/td>\n<td>8:55(46)<\/td>\n<td>39:18(51)<\/td>\n<td>48:13(50)<\/td>\n<td>23:29(60)<\/td>\n<td>1:11:42<\/td>\n<\/tr>\n<tr>\n<td>Sarah Schiller<\/td>\n<td>63 \/ W7<\/td>\n<td>9:59(76)<\/td>\n<td>39:12(49)<\/td>\n<td>49:11(60)<\/td>\n<td>24:49(83)<\/td>\n<td>1:14:00<\/td>\n<\/tr>\n<tr>\n<td>Stefan Richter<\/td>\n<td>99<\/td>\n<td>10:43(100)<\/td>\n<td>44:45(114)<\/td>\n<td>55:28(112)<\/td>\n<td>23:40(65)<\/td>\n<td>1:19:08<\/td>\n<\/tr>\n<\/tbody>\n<\/table>\n<p><strong>[nggallery id=72]<\/strong><\/p>\n","protected":false},"excerpt":{"rendered":"<p>21.06.2014 Burgwald Triathlon<\/p>\n","protected":false},"author":7,"featured_media":4578,"comment_status":"open","ping_status":"open","sticky":false,"template":"","format":"standard","meta":{"colormag_page_container_layout":"default_layout","colormag_page_sidebar_layout":"default_layout","footnotes":""},"categories":[171],"tags":[6,4,9],"class_list":["post-4570","post","type-post","status-publish","format-standard","has-post-thumbnail","hentry","category-triathlonduathlon-2014","tag-marco-rudel","tag-stefen-weis","tag-sven-deussing"],"_links":{"self":[{"href":"http:\/\/www.tri-team-fuldatal.de\/index.php?rest_route=\/wp\/v2\/posts\/4570","targetHints":{"allow":["GET"]}}],"collection":[{"href":"http:\/\/www.tri-team-fuldatal.de\/index.php?rest_route=\/wp\/v2\/posts"}],"about":[{"href":"http:\/\/www.tri-team-fuldatal.de\/index.php?rest_route=\/wp\/v2\/types\/post"}],"author":[{"embeddable":true,"href":"http:\/\/www.tri-team-fuldatal.de\/index.php?rest_route=\/wp\/v2\/users\/7"}],"replies":[{"embeddable":true,"href":"http:\/\/www.tri-team-fuldatal.de\/index.php?rest_route=%2Fwp%2Fv2%2Fcomments&post=4570"}],"version-history":[{"count":8,"href":"http:\/\/www.tri-team-fuldatal.de\/index.php?rest_route=\/wp\/v2\/posts\/4570\/revisions"}],"predecessor-version":[{"id":4610,"href":"http:\/\/www.tri-team-fuldatal.de\/index.php?rest_route=\/wp\/v2\/posts\/4570\/revisions\/4610"}],"wp:featuredmedia":[{"embeddable":true,"href":"http:\/\/www.tri-team-fuldatal.de\/index.php?rest_route=\/wp\/v2\/media\/4578"}],"wp:attachment":[{"href":"http:\/\/www.tri-team-fuldatal.de\/index.php?rest_route=%2Fwp%2Fv2%2Fmedia&parent=4570"}],"wp:term":[{"taxonomy":"category","embeddable":true,"href":"http:\/\/www.tri-team-fuldatal.de\/index.php?rest_route=%2Fwp%2Fv2%2Fcategories&post=4570"},{"taxonomy":"post_tag","embeddable":true,"href":"http:\/\/www.tri-team-fuldatal.de\/index.php?rest_route=%2Fwp%2Fv2%2Ftags&post=4570"}],"curies":[{"name":"wp","href":"https:\/\/api.w.org\/{rel}","templated":true}]}}