{"id":4515,"date":"2014-06-20T12:40:58","date_gmt":"2014-06-20T11:40:58","guid":{"rendered":"http:\/\/www.tri-team-fuldatal.de\/?p=4515"},"modified":"2014-06-21T13:00:01","modified_gmt":"2014-06-21T12:00:01","slug":"interne-vereinsmeisterschaften-im-kraichgau","status":"publish","type":"post","link":"http:\/\/www.tri-team-fuldatal.de\/?p=4515","title":{"rendered":"Interne Vereinsmeisterschaften im Kraichgau"},"content":{"rendered":"<p style=\"text-align: justify;\">Bad Sch\u00f6nborn &#8211; Nach einer langen Periode mit sehr hei\u00dfem Wetter bef\u00fcrchteten alle neun Starter schon eine regelrechte Hitzeschlacht bei ihrer Mitteldistanz im Kraichgau. Nach mehreren Tagen mit deutlich \u00fcber 30\u00b0C k\u00fcndigte sich zwar in der Vorhersage schon eine Abk\u00fchlung an, aber glauben kann man das nat\u00fcrlich erst, wenn es auch passiert. F\u00fcr einige der Starter war es das erste Mal Kraichgau, f\u00fcr andere eine R\u00fcckkehr in das Land der tausend H\u00fcgel und f\u00fcr manche sogar die erste\u00a0 Mitteldistanz \u00fcberhaupt. Mit diesen gemischten Voraussetzung gingen ebenfalls gemischte Ambitionen einher, von einer Vorbereitung f\u00fcr Roth (Paddy, Helmut, Gerrit) \u00fcber eine Hatz nach einer &#8222;Sub5&#8220; (Niklas und Takis) bis zur Spa\u00df an der Freude war auch hier alles vertreten. Aber die Athleten waren nicht allein gekommen, mit dabei nat\u00fcrlich auch die wichtigste Fracht f\u00fcr so ein Event: hochmotivierte Supporter und Supporterinnen!<\/p>\n<figure id=\"attachment_4567\" aria-describedby=\"caption-attachment-4567\" style=\"width: 296px\" class=\"wp-caption aligncenter\"><a href=\"http:\/\/www.tri-team-fuldatal.de\/wp-content\/uploads\/2014\/06\/IMG_0412.jpg\"><img loading=\"lazy\" decoding=\"async\" class=\"wp-image-4567 \" src=\"http:\/\/www.tri-team-fuldatal.de\/wp-content\/uploads\/2014\/06\/IMG_0412.jpg\" alt=\"IMG_0412\" width=\"296\" height=\"222\" srcset=\"http:\/\/www.tri-team-fuldatal.de\/wp-content\/uploads\/2014\/06\/IMG_0412.jpg 800w, http:\/\/www.tri-team-fuldatal.de\/wp-content\/uploads\/2014\/06\/IMG_0412-300x225.jpg 300w\" sizes=\"auto, (max-width: 296px) 100vw, 296px\" \/><\/a><figcaption id=\"caption-attachment-4567\" class=\"wp-caption-text\">Der Support: v.l.n.r. Nancy, Saskia, Salva und Yvonne<\/figcaption><\/figure>\n<p style=\"text-align: justify;\">Nachdem alle Athleten ihre Startunterlage in Bad Sch\u00f6nborn, gleichzeitig Zielort der Veranstaltung, abgeholt hatten, ging es f\u00fcr die meisten zur Wettkampfbesprechung. Nachdem zwar klar war, dass alle mit knapp \u00fcber 20\u00b0C von der Temperatur her gut wegkommen w\u00fcrden, war eine Ansage nach der Wettkampbesprechung klar: Neoverbot. Die Temperaturen die Tage zu vor hatten das Wasser stark aufgehitzt. Mit diesem Wissen ging es f\u00fcr alle zum Checkin der R\u00e4der. In Panik verfiel niemand, zumal die Ansage auf der Besprechnung ebenfalls beinhaltete, dass die Entscheidung knapp sei und man den Neo mal bereit halten solle. Der vorabendliche Checkin verlief f\u00fcr alle ohne gr\u00f6\u00dfere Pannen und Probleme. Auch wenn die Wechselzone gr\u00f6\u00dfer ist und man seinen Wechselbeutel f\u00fcr die T2 schon am Abend vorher abgeben muss, bleibt doch alles irgendwie genau so, wie man es von jedem anderen Wettkampf kennt.<\/p>\n<p style=\"text-align: justify;\">Am n\u00e4chsten Morgen sprach sich eine Sache rasend schnell herum: kein Neoverbot &#8211; wer h\u00e4tte es gedacht. Nun folgte f\u00fcr alle Startgruppen der finale Checkin. Egal ob eine sp\u00e4te oder fr\u00fche Startgruppe, bis um 8:30 mussten alle Athleten endg\u00fcltig eingecheckt haben. Hier verlief auch alles ohne Pannen. Au\u00dfer bei Takis, der erst seit kurzem Besitzer einer Korrekturbrille ist und verga\u00df diese an sein Rad zu legen. Als er einen der Kampfrichter nett fragte, ob dieser ihm diese an das Rad legen k\u00f6nne, war ein wenig verwundert \u00fcber die Antwort. Ja, das k\u00f6nne er tun, das h\u00e4tte aber eine gelbe Karte zur Folge. Sehr nett und auf diesem Wege die erste Verwahrnungskarte in Takis &#8222;Triathlonkarriere&#8220;. :)<\/p>\n<h3 style=\"text-align: center;\">Schwimmen<\/h3>\n<p style=\"text-align: justify;\">9:05 dann Start f\u00fcr die erste Welle der Hobbyathleten, in der sich Paddy befand. Um 9:30 gingen Christian, Niklas, Takis und Gerrit ins Wasser. Hubbi, Dirk und Nico waren um 9:45 dran und um 10:00 ging Helmut &#8222;Helle&#8220; Goerz ins warme Nass. Das Schwimmen verlief in allen Gruppen ohne gro\u00dfes Gepr\u00fcgel, aber mit dichtem Get\u00fcmmel. Am besten von allen schl\u00e4ngelte sich Christian mit einer Zeit von 31:12 min durch diese Bedinungen. Dicht dahinter kam Niklas mit 31:23 min und wenn auch mit keiner Fabelzeit bei 33:46 min Takis, der nach einem Winter ohne Schwimmen in einer vierw\u00f6chigen Rettungsaktion seine Schwimmform doch noch konkurrenzf\u00e4hig bekam. Eine tolle Marke setzte hier auch Hubert, der knapp \u00fcber 34 min ben\u00f6tigte. Unzufrieden zeigte sich vom Rest des Haufens beim Schwimmen niemand. Aufgrund der verschiedenen Ambitionen sch\u00f6pften manche ihr Potential hier nicht voll aus. Die Challenge Roth steht ja schon fast vor der T\u00fcr.<\/p>\n<figure id=\"attachment_4559\" aria-describedby=\"caption-attachment-4559\" style=\"width: 347px\" class=\"wp-caption aligncenter\"><a href=\"http:\/\/www.tri-team-fuldatal.de\/wp-content\/uploads\/2014\/06\/10393750_10152546835978487_6710054585958517412_n.jpg\"><img loading=\"lazy\" decoding=\"async\" class=\"wp-image-4559 \" src=\"http:\/\/www.tri-team-fuldatal.de\/wp-content\/uploads\/2014\/06\/10393750_10152546835978487_6710054585958517412_n.jpg\" alt=\"10393750_10152546835978487_6710054585958517412_n\" width=\"347\" height=\"259\" srcset=\"http:\/\/www.tri-team-fuldatal.de\/wp-content\/uploads\/2014\/06\/10393750_10152546835978487_6710054585958517412_n.jpg 960w, http:\/\/www.tri-team-fuldatal.de\/wp-content\/uploads\/2014\/06\/10393750_10152546835978487_6710054585958517412_n-300x224.jpg 300w\" sizes=\"auto, (max-width: 347px) 100vw, 347px\" \/><\/a><figcaption id=\"caption-attachment-4559\" class=\"wp-caption-text\">Schwimmstart Gruppe 9:30<\/figcaption><\/figure>\n<h3 style=\"text-align: center;\">Radfahren<\/h3>\n<p style=\"text-align: justify;\">Der wellig Kurs im Kraichgau ist f\u00fcr uns Nordhessen ja an sich keine fremde Angelegenheit. Gerade deswegen freuten sich auch fast alle riesig auf die zweite Disziplin. Dazu noch die milden Temperaturen, eigentlich perfekt. Wenn da dieser Wind nicht gewesen w\u00e4re. Mittelstark und kontinuierlich blie\u00df dieser gef\u00fchlt aus jeder Richtung und so manche leichte Abfahrt, die sonst eine echte Belohnung gewesen w\u00e4re, wurde auf diese Weise trotzdem anstrengend. Positiv \u00fcbert\u00f6nt wurde das aber alles durch unsere M\u00e4dels, die uns lautstark an der Strecke begr\u00fc\u00dften. F\u00fcr die schnellsten Splits sorgten hier Takis und Niklas in 2:44:57 und 2:45:01. Christian bewies, dass man f\u00fcr gute Zeiten kein Zeitfahrmaterial ben\u00f6tigt und sorgte in 2:52:51 f\u00fcr den drittschnellsten Split. Im internen &#8222;Duell&#8220; konnte Dirk bei der zweiten Disziplin wieder nahezu zu Hubert aufschlie\u00dfen. Die harten Bedingungen forderten bei Nico ihren Tribut und das m\u00f6gliche gro\u00dfe Ziel wurde so nur noch mit einer 1:20 beim Halbmarathon erreichbar. Niklas lag aufgrund seiner sehr guten Schwimmleistung mit seiner Zeit voll im Soll und konnte recht entspannt wechseln. Takis musste zum ersten Mal in einer Mitteldistanz ein gutes Pacing finden und gleichzeitig ausreichend Zeit gutmachen, um unter den 5 Stunden zu laden. Er entschloss sich dazu, beim Radfahren nicht in die Vollen zu gehen. Nach seinem zweiten Wechsel war klar, der Halbmarathon musste gut werden!<\/p>\n<h3 style=\"text-align: center;\">Laufen<\/h3>\n<p style=\"text-align: justify;\">Die Laufstrecke ist im Vergleich zum Radfahren eine leichte Nummer, relativ flach ohne nennenswerte Anstiege machte sie gerade an diesem Tag bei den niedrigen Temperaturen keinem das Leben so wirklich schwer. Genauso eng beieinander wie beim Radfahren hatten auch hier Niklas und Takis die Nasen vorne. In 1:37:10 und 1:37:14 finishten sie ihre Halbmarathons. Den drittschnellsten Split trabte Patrick routiniert mit 1:43:19 ins Ziel. Auch hier wieder unsere Fans an der Strecke, am sch\u00f6nsten, am lautesten, am geilsten, ihr seid super. F\u00fcr Niklas war hier klar, dass er sein Ziel erreichen kann, solang er unter 1:40 bleibt, Takis war klar, dass eine Zeit nah der 1:36 her muss. Nico war bewusst, dass eine 1:20 nicht drin sein w\u00fcrde, aber sichtlich genoss er seinen Lauf und das rennen, so muss das gehen. Christian h\u00e4tte f\u00fcr die Sub5 eine 1:31 herzaubern m\u00fcssen, er wirkte am Ende nicht so, als h\u00e4tte er es nicht zumindest versucht. Dirk konnte beim Laufen die L\u00fccke zu Hubert schlie\u00dfen und flog leicht wie eine Gazelle zu einer super Zeit unter 2 Stunden.<\/p>\n<figure id=\"attachment_4561\" aria-describedby=\"caption-attachment-4561\" style=\"width: 336px\" class=\"wp-caption aligncenter\"><a href=\"http:\/\/www.tri-team-fuldatal.de\/wp-content\/uploads\/2014\/06\/10405606_10152546836053487_3052288971753204802_n.jpg\"><img loading=\"lazy\" decoding=\"async\" class=\"wp-image-4561 \" src=\"http:\/\/www.tri-team-fuldatal.de\/wp-content\/uploads\/2014\/06\/10405606_10152546836053487_3052288971753204802_n.jpg\" alt=\"10405606_10152546836053487_3052288971753204802_n\" width=\"336\" height=\"243\" srcset=\"http:\/\/www.tri-team-fuldatal.de\/wp-content\/uploads\/2014\/06\/10405606_10152546836053487_3052288971753204802_n.jpg 960w, http:\/\/www.tri-team-fuldatal.de\/wp-content\/uploads\/2014\/06\/10405606_10152546836053487_3052288971753204802_n-300x216.jpg 300w\" sizes=\"auto, (max-width: 336px) 100vw, 336px\" \/><\/a><figcaption id=\"caption-attachment-4561\" class=\"wp-caption-text\">Takis auf der Jagd<\/figcaption><\/figure>\n<h3 style=\"text-align: center;\">Die Abrechnung<\/h3>\n<p style=\"text-align: justify;\">Die erste Mitteldistanz war f\u00fcr Niklas und Takis ein voller Erfolg. Niklas erreichte die Sub5 in 4:57:15\u00a0 am Ende locker. Takis gab beim Laufen alles, verlor aber in der letzten Runde so viel Zeit, dass die Operation Sub5 in 5:00:58 an 58 Sekunden scheiterte, komplett zufrieden war er trotzdem, ein tolles Rennen. An Platz 3 der vereinsinternen Hitliste sortierte sich Christian mit einer 5:19:17 ein. Gerrit, Paddy und auch Helmut zeigten, dass sie mehr als bereit f\u00fcr die Challenge Roth sind. Nico zeigte uns allen, dass er Genussmensch ist und ihm war anzusehen, dass er bei jedem Laufmeter die tolle Atmosph\u00e4re in sich aufnahm. Um eine Zeit nahe der 5 Stunden geht es f\u00fcr ihn sicher nochmal bei einem anderen Rennen, der Mann ist ja noch jung. Dirk, Helmut und Hubert waren jeder f\u00fcr sich auch total zufrieden mit diesem tollen und erlebnisreichen Tag im Kraichgau. Und eine Krone gibt es noch zu vergeben, K\u00f6nig der Wechselzeiten ist ganz klar Patrick, sau schnell, sehr gut. Mit seinen Zeiten h\u00e4tte Takis die Sub5 eingesackt, dar\u00fcber k\u00f6nnte er mal nachdenken! :) Mit 6 Athleten unter der Marke von 5:30:00 kann das Team als Gesamtes sehr zufrieden sein. Und man kann es nicht oft genug schreiben, danke allen die uns davor\/danach\/dabei unterst\u00fctzt haben, wir lieben euch! Ob dann nun Ironman oder Challenge, einige kommen sicher wieder in ein super Stimmungsnest mit top Strecken und top Organisation.<\/p>\n<p style=\"text-align: justify;\"><a href=\"http:\/\/kraichgau.r.mikatiming.de\/2014\/\">Listen des Veranstalters<\/a><\/p>\n<table>\n<tbody>\n<tr>\n<td>Name<\/td>\n<td>Platz<\/td>\n<td>Swim<\/td>\n<td>T1<\/td>\n<td>Bike<\/td>\n<td>T2<\/td>\n<td>Run<\/td>\n<td>Endzeit<\/td>\n<\/tr>\n<tr>\n<td>Niklas Feulner<\/td>\n<td>223<\/td>\n<td>31:23<\/td>\n<td>2:05<\/td>\n<td>2:45:01<\/td>\n<td>1:38<\/td>\n<td>1:37:01<\/td>\n<td>4:57:15<\/td>\n<\/tr>\n<tr>\n<td>Takis Keldenich<\/td>\n<td>282<\/td>\n<td>33:46<\/td>\n<td>2:55<\/td>\n<td>2:44:57<\/td>\n<td>2:09<\/td>\n<td>1:37:14<\/td>\n<td>5:00:58<\/td>\n<\/tr>\n<tr>\n<td>Christian Wengler<\/td>\n<td>593<\/td>\n<td>31:12<\/td>\n<td>3:27<\/td>\n<td>2:52:51<\/td>\n<td>1:56<\/td>\n<td>1:49:53<\/td>\n<td>5:19:17<\/td>\n<\/tr>\n<tr>\n<td>Patrick Bujok<\/td>\n<td>625<\/td>\n<td>36:15<\/td>\n<td>1:52<\/td>\n<td>2:58:37<\/td>\n<td>1:27<\/td>\n<td>1:43:19<\/td>\n<td>5:21:27<\/td>\n<\/tr>\n<tr>\n<td>Gerrit Krug<\/td>\n<td>756<\/td>\n<td>34:03<\/td>\n<td>3:43<\/td>\n<td>2:56:56<\/td>\n<td>2:17<\/td>\n<td>1:52:01<\/td>\n<td>5:28:58<\/td>\n<\/tr>\n<tr>\n<td>Nico Steffen<\/td>\n<td>773<\/td>\n<td>37:28<\/td>\n<td>3:28<\/td>\n<td>2:57:15<\/td>\n<td>2:02<\/td>\n<td>1:49:29<\/td>\n<td>5:29:40<\/td>\n<\/tr>\n<tr>\n<td>Dirk Wiegand<\/td>\n<td>1221<\/td>\n<td>37:37<\/td>\n<td>4:14<\/td>\n<td>3:16:54<\/td>\n<td>3:41<\/td>\n<td>1:57:42<\/td>\n<td>6:00:06<\/td>\n<\/tr>\n<tr>\n<td>Hubert Krantz<\/td>\n<td>1381<\/td>\n<td>34:10<\/td>\n<td>3:55<\/td>\n<td>3:18:37<\/td>\n<td>3:11<\/td>\n<td>2:20:56<\/td>\n<td>6:20:47<\/td>\n<\/tr>\n<tr>\n<td>Helmut Goerz<\/td>\n<td>1542<\/td>\n<td>48:19<\/td>\n<td>5:09<\/td>\n<td>3:45:18<\/td>\n<td>3:53<\/td>\n<td>2:24:33<\/td>\n<td>7:07:11<\/td>\n<\/tr>\n<\/tbody>\n<\/table>\n<p>&nbsp;<\/p>\n<p><strong>[nggallery id=71]<\/strong><\/p>\n<p>&nbsp;<\/p>\n","protected":false},"excerpt":{"rendered":"<p>15.06.2014 Challenge Kraichgau<\/p>\n","protected":false},"author":7,"featured_media":4559,"comment_status":"open","ping_status":"open","sticky":false,"template":"","format":"standard","meta":{"colormag_page_container_layout":"default_layout","colormag_page_sidebar_layout":"default_layout","footnotes":""},"categories":[171],"tags":[32,50,28,34,52,96,109],"class_list":["post-4515","post","type-post","status-publish","format-standard","has-post-thumbnail","hentry","category-triathlonduathlon-2014","tag-dirk-wiegand","tag-gerrit-krug","tag-helmut-goerz","tag-hubert-krantz","tag-nico-steffen","tag-niklas-feulner","tag-takis-keldenich"],"_links":{"self":[{"href":"http:\/\/www.tri-team-fuldatal.de\/index.php?rest_route=\/wp\/v2\/posts\/4515","targetHints":{"allow":["GET"]}}],"collection":[{"href":"http:\/\/www.tri-team-fuldatal.de\/index.php?rest_route=\/wp\/v2\/posts"}],"about":[{"href":"http:\/\/www.tri-team-fuldatal.de\/index.php?rest_route=\/wp\/v2\/types\/post"}],"author":[{"embeddable":true,"href":"http:\/\/www.tri-team-fuldatal.de\/index.php?rest_route=\/wp\/v2\/users\/7"}],"replies":[{"embeddable":true,"href":"http:\/\/www.tri-team-fuldatal.de\/index.php?rest_route=%2Fwp%2Fv2%2Fcomments&post=4515"}],"version-history":[{"count":11,"href":"http:\/\/www.tri-team-fuldatal.de\/index.php?rest_route=\/wp\/v2\/posts\/4515\/revisions"}],"predecessor-version":[{"id":4569,"href":"http:\/\/www.tri-team-fuldatal.de\/index.php?rest_route=\/wp\/v2\/posts\/4515\/revisions\/4569"}],"wp:featuredmedia":[{"embeddable":true,"href":"http:\/\/www.tri-team-fuldatal.de\/index.php?rest_route=\/wp\/v2\/media\/4559"}],"wp:attachment":[{"href":"http:\/\/www.tri-team-fuldatal.de\/index.php?rest_route=%2Fwp%2Fv2%2Fmedia&parent=4515"}],"wp:term":[{"taxonomy":"category","embeddable":true,"href":"http:\/\/www.tri-team-fuldatal.de\/index.php?rest_route=%2Fwp%2Fv2%2Fcategories&post=4515"},{"taxonomy":"post_tag","embeddable":true,"href":"http:\/\/www.tri-team-fuldatal.de\/index.php?rest_route=%2Fwp%2Fv2%2Ftags&post=4515"}],"curies":[{"name":"wp","href":"https:\/\/api.w.org\/{rel}","templated":true}]}}