{"id":4469,"date":"2014-06-10T10:17:57","date_gmt":"2014-06-10T09:17:57","guid":{"rendered":"http:\/\/www.tri-team-fuldatal.de\/?p=4469"},"modified":"2014-06-10T15:40:55","modified_gmt":"2014-06-10T14:40:55","slug":"saisonauftakt-der-regionalliga","status":"publish","type":"post","link":"http:\/\/www.tri-team-fuldatal.de\/?p=4469","title":{"rendered":"Saisonauftakt der Regionalliga"},"content":{"rendered":"<figure id=\"attachment_4470\" aria-describedby=\"caption-attachment-4470\" style=\"width: 412px\" class=\"wp-caption aligncenter\"><a href=\"http:\/\/www.tri-team-fuldatal.de\/wp-content\/uploads\/2014\/06\/Foto.jpg\"><img loading=\"lazy\" decoding=\"async\" class=\"wp-image-4470\" src=\"http:\/\/www.tri-team-fuldatal.de\/wp-content\/uploads\/2014\/06\/Foto-1024x682.jpg\" alt=\"SAMSUNG CSC\" width=\"412\" height=\"274\" srcset=\"http:\/\/www.tri-team-fuldatal.de\/wp-content\/uploads\/2014\/06\/Foto-1024x682.jpg 1024w, http:\/\/www.tri-team-fuldatal.de\/wp-content\/uploads\/2014\/06\/Foto-300x200.jpg 300w\" sizes=\"auto, (max-width: 412px) 100vw, 412px\" \/><\/a><figcaption id=\"caption-attachment-4470\" class=\"wp-caption-text\">v.l.n.r. Daniel Gebert, Marco Rudel, Manuel Langlotz, Oliver Lieblein, J\u00fcrgen Rademacher<\/figcaption><\/figure>\n<p style=\"text-align: justify;\">Mu\u00dfbach &#8211; der Auftaktwettkampf f\u00fcr die Regionalliga stand am 01.0.6.2014 auf dem Plan. Bei einem gut organisierten Wettkampf ging es \u00fcber die Olympische Distanz an den Start. Die Besonderheit der Radstrecke stellte die Auffahrt zum Kalmit als Gipfelpunkt dar. Und wo es hoch geht, geht es nat\u00fcrlich auch rasant wieder bergab. Als Team reisten Oliver Lieblein, Manuel Langlotz, Daniel Gebert, Marco Rudel und J\u00fcrgen Rademacher an.<\/p>\n<p style=\"text-align: justify;\">Mit der Auftaktdisziplin war an diesem Tag keiner so richtig zufrieden. Zu schlecht die eigene Tagesform und zu gro\u00df der Abstand zur Konkurrenz. Hinzu kam, dass nicht in einem offenen Gew\u00e4sser geschwommen wurde, sondern in einem Becken. Also freudiges Bahnenz\u00e4hlen. Selbst Daniel konnte an diesem Tag seine beste Disziplin nicht ausspielen, da er beim Z\u00e4hlen der Bahnen einen Fehler beging und 100 Meter zu viel schwamm.<\/p>\n<p style=\"text-align: justify;\">Auf dem Rad lag dann Daniel und Manuel die Strecke am besten und sie konnten starke Zeiten abliefern. Obwohl eigentlich auch eine top Strecke f\u00fcr den leichten Oliver, konnte er hier wie beim Schwimmen nicht ganz an seine Trainingsleistungen ankn\u00fcpfen. Marco und J\u00fcrgen lieferten wie immer sehr solide Zeiten ab!<\/p>\n<p style=\"text-align: justify;\">Beim Laufen konnten dann aber alle das abrufen, was in ihnen steckt und im Vergleich zur Konkurrenz wurden sehr gute Zeiten abgeliefert. Gerade die letzte Disziplin zeigt, dass noch f\u00fcr jeden Luft nach oben besteht und man sich auf die n\u00e4chsten Wettk\u00e4mpfe freuen kann. Sp\u00fcrbar war in jedem Fall, dass das Niveau der Liga im Vergleich zum Vorjahr gestiegen scheint. Bei einem derart milden Winter vielleicht kein Wunder.<\/p>\n<p style=\"text-align: justify;\">Am Ende stand f\u00fcr das Team ein guter 5. Gesamtplatz zu buche. Hinsichtlich der vorderen Pl\u00e4tze in der Liga kann man sagen, dass das Team an diesem Tag mit einem blauen Auge davongekommen ist. Nicht ganz vorne dabei, aber auch keine Chancen verbaut, in diesem Jahr noch vorne mitzumischen. Besonders hervorzuheben ist die tolle AK-Platzierung von J\u00fcrgen, der mit wenig Training an diesem Tag Gro\u00dfes ablieferte.<\/p>\n<p style=\"text-align: justify;\">Ergebnisse des Teams: (Die Platzierung beziehen sich auf das gesamte Starterfeld inkl. Profis)<\/p>\n<p style=\"text-align: justify;\"><a href=\"http:\/\/www.tv-mussbach.de\/tria\/erg2014.htm\">Gesamtergebnisliste<\/a><\/p>\n<table>\n<tbody>\n<tr>\n<td>Name<\/td>\n<td>Platz<\/td>\n<td>Swim<\/td>\n<td>Bike<\/td>\n<td>Run<\/td>\n<td>Endzeit<\/td>\n<\/tr>\n<tr>\n<td>Daniel Gebert<\/td>\n<td>16 \/ AK30 4<\/td>\n<td>22:07(32)<\/td>\n<td>01:12:27(18)<\/td>\n<td>36:55(29)<\/td>\n<td>02:11:29<\/td>\n<\/tr>\n<tr>\n<td>Manuel Langlotz<\/td>\n<td>34 \/ AK25 11<\/td>\n<td>24:09(86)<\/td>\n<td>01:14:46(36)<\/td>\n<td>36:34(21)<\/td>\n<td>02:15:29<\/td>\n<\/tr>\n<tr>\n<td>Oliver Lieblein<\/td>\n<td>53 \/ AK30 12<\/td>\n<td>25:32(126)<\/td>\n<td>01:16:04(52)<\/td>\n<td>36:48(27)<\/td>\n<td>02:18:24<\/td>\n<\/tr>\n<tr>\n<td>Marco Rudel<\/td>\n<td>65 \/ AK40 9<\/td>\n<td>24:50(112)<\/td>\n<td>01:16:13(53)<\/td>\n<td>39:06(65)<\/td>\n<td>02:20:09<\/td>\n<\/tr>\n<tr>\n<td>J\u00fcrgen Rademacher<\/td>\n<td>74 \/ AK45 2<\/td>\n<td>26:37(152)<\/td>\n<td>01:18:00(72)<\/td>\n<td>38:44(59)<\/td>\n<td>02:23:21<\/td>\n<\/tr>\n<\/tbody>\n<\/table>\n<pre><\/pre>\n<p>&nbsp;<\/p>\n<p>&nbsp;<\/p>\n<p>Von meinem iPhone gesendet<\/p>\n","protected":false},"excerpt":{"rendered":"<p>01.06.2014 Mu\u00dfbach Triathlon<\/p>\n","protected":false},"author":7,"featured_media":4470,"comment_status":"open","ping_status":"open","sticky":false,"template":"","format":"standard","meta":{"colormag_page_container_layout":"default_layout","colormag_page_sidebar_layout":"default_layout","footnotes":""},"categories":[172,171],"tags":[105,7,42,6,8],"class_list":["post-4469","post","type-post","status-publish","format-standard","has-post-thumbnail","hentry","category-liga-2014","category-triathlonduathlon-2014","tag-daniel-gebert","tag-jurgen-rademacher","tag-manuel-langlotz","tag-marco-rudel","tag-oliver-lieblein"],"_links":{"self":[{"href":"http:\/\/www.tri-team-fuldatal.de\/index.php?rest_route=\/wp\/v2\/posts\/4469","targetHints":{"allow":["GET"]}}],"collection":[{"href":"http:\/\/www.tri-team-fuldatal.de\/index.php?rest_route=\/wp\/v2\/posts"}],"about":[{"href":"http:\/\/www.tri-team-fuldatal.de\/index.php?rest_route=\/wp\/v2\/types\/post"}],"author":[{"embeddable":true,"href":"http:\/\/www.tri-team-fuldatal.de\/index.php?rest_route=\/wp\/v2\/users\/7"}],"replies":[{"embeddable":true,"href":"http:\/\/www.tri-team-fuldatal.de\/index.php?rest_route=%2Fwp%2Fv2%2Fcomments&post=4469"}],"version-history":[{"count":4,"href":"http:\/\/www.tri-team-fuldatal.de\/index.php?rest_route=\/wp\/v2\/posts\/4469\/revisions"}],"predecessor-version":[{"id":4513,"href":"http:\/\/www.tri-team-fuldatal.de\/index.php?rest_route=\/wp\/v2\/posts\/4469\/revisions\/4513"}],"wp:featuredmedia":[{"embeddable":true,"href":"http:\/\/www.tri-team-fuldatal.de\/index.php?rest_route=\/wp\/v2\/media\/4470"}],"wp:attachment":[{"href":"http:\/\/www.tri-team-fuldatal.de\/index.php?rest_route=%2Fwp%2Fv2%2Fmedia&parent=4469"}],"wp:term":[{"taxonomy":"category","embeddable":true,"href":"http:\/\/www.tri-team-fuldatal.de\/index.php?rest_route=%2Fwp%2Fv2%2Fcategories&post=4469"},{"taxonomy":"post_tag","embeddable":true,"href":"http:\/\/www.tri-team-fuldatal.de\/index.php?rest_route=%2Fwp%2Fv2%2Ftags&post=4469"}],"curies":[{"name":"wp","href":"https:\/\/api.w.org\/{rel}","templated":true}]}}