{"id":3747,"date":"2014-03-31T20:45:15","date_gmt":"2014-03-31T19:45:15","guid":{"rendered":"http:\/\/www.tri-team-fuldatal.de\/?p=3747"},"modified":"2014-03-31T20:45:15","modified_gmt":"2014-03-31T19:45:15","slug":"42-eschweger-strassenlauf-rund-um-die-leuchtberge","status":"publish","type":"post","link":"http:\/\/www.tri-team-fuldatal.de\/?p=3747","title":{"rendered":"42. Eschweger Stra\u00dfenlauf &#8222;Rund um die Leuchtberge&#8220;"},"content":{"rendered":"<p style=\"text-align: center;\"><a href=\"http:\/\/www.tri-team-fuldatal.de\/wp-content\/uploads\/2014\/03\/2_Zielaufbau.jpg\"><img loading=\"lazy\" decoding=\"async\" class=\" wp-image-3748 aligncenter\" alt=\"2_Zielaufbau\" src=\"http:\/\/www.tri-team-fuldatal.de\/wp-content\/uploads\/2014\/03\/2_Zielaufbau.jpg\" width=\"371\" height=\"265\" srcset=\"http:\/\/www.tri-team-fuldatal.de\/wp-content\/uploads\/2014\/03\/2_Zielaufbau.jpg 600w, http:\/\/www.tri-team-fuldatal.de\/wp-content\/uploads\/2014\/03\/2_Zielaufbau-300x214.jpg 300w\" sizes=\"auto, (max-width: 371px) 100vw, 371px\" \/><\/a><\/p>\n<p>&nbsp;<\/p>\n<p>Hier ein kleiner Erlebnisbericht unserer Sven &#8222;Rakete&#8220; Deussing vom Wochende beim Nordhessencup in Eschwege.<\/p>\n<p>&nbsp;<\/p>\n<blockquote>\n<p style=\"text-align: justify;\">Am Sonntag, den 30.02.2014 fand der zweite Lauf der Nordhessencup-Serie in Eschwege statt.<\/p>\n<p style=\"text-align: justify;\">Von uns mit dabei waren Tobias Kisling \u00fcber die 10 Km und Sven Deussing \u00fcber die 5 Km Distanzen.<\/p>\n<p style=\"text-align: justify;\">Die in Kassel bereits am fr\u00fchen morgen scheinende Sonne fand den Weg nach Eschwege leider erst gegen 12 Uhr. Vorher war das Wetter dort sehr nebelig und mit Temperaturen um die 5 grad auch recht frisch.<\/p>\n<p style=\"text-align: justify;\">Nachdem Tobias eine Woche zuvor erst aus dem Trainingslager zur\u00fcckkam und die ganze Woche lernend \u00fcber dem Schreibtisch verbrachte, nutze er den Lauf f\u00fcr eine schnelle Trainingseinheit.<\/p>\n<p style=\"text-align: justify;\">Bei Tobias endet eine solche Trainingseinheit traditionell recht z\u00fcgig und doch zeigte er sich mit seiner Zeit von 35:45 min und seinem 4. Gesamtplatz nicht ganz zufrieden und kommentierte diesen Lauf im Ziel als \u201eern\u00fcchternd\u201c.\u00a0 Das m\u00f6chte ich auch nach so einer Zeit auch mal so k\u00f6nnen \u2026 ;-)<\/p>\n<p style=\"text-align: justify;\">Sven nutze den Lauf nur mal als Test um zu wissen,\u00a0 wo er denn zur Vorbereitung auf den Halbmarathon im Rahmen des Kassel-Marathons am 04.05.2014 aktuell steht. Ebenfalls ohne irgendeine spezielle Vorbereitung zeigte er sich nach 20:46 min und dem 3. Platz der AK M\u00e4nner im Ziel zufrieden. F\u00fcr ihn war es auf dem Weg zum Kassel Marathon, nach den Kniebeschwerden der letzten Wochen, in erster Linie wichtig schmerzfrei ins Ziel zu kommen. Das Ziel wurde erreicht und so hat ihm der Lauf auch insgesamt Spa\u00df und Lust auf mehr Nordhessencup-L\u00e4ufe dieses Jahr gemacht. Vielleicht sieht man ja fr\u00fcher oder sp\u00e4ter auch noch mehr Gesichter vom Tri-Team-Fuldatal bei einer der vielen Veranstaltungen.<\/p>\n<p style=\"text-align: justify;\">Bis dahin eine gute und verletzungsfreie Vorbereitung!<\/p>\n<p style=\"text-align: justify;\">Sportliche Gr\u00fc\u00dfe<\/p>\n<p style=\"text-align: justify;\">Sven Deussing<\/p>\n<\/blockquote>\n<p>Hier die <a href=\"http:\/\/my1.raceresult.com\/details\/index.php?page=4&amp;eventid=24769&amp;lang=de\" target=\"_blank\">Gesamteinlauflisten<\/a> aller Wertungsl\u00e4ufe.<\/p>\n","protected":false},"excerpt":{"rendered":"<p>Stra\u00dfenlauf Eschwege<\/p>\n","protected":false},"author":7,"featured_media":3748,"comment_status":"open","ping_status":"open","sticky":false,"template":"","format":"standard","meta":{"colormag_page_container_layout":"default_layout","colormag_page_sidebar_layout":"default_layout","footnotes":""},"categories":[170],"tags":[9],"class_list":["post-3747","post","type-post","status-publish","format-standard","has-post-thumbnail","hentry","category-lauf-2014","tag-sven-deussing"],"_links":{"self":[{"href":"http:\/\/www.tri-team-fuldatal.de\/index.php?rest_route=\/wp\/v2\/posts\/3747","targetHints":{"allow":["GET"]}}],"collection":[{"href":"http:\/\/www.tri-team-fuldatal.de\/index.php?rest_route=\/wp\/v2\/posts"}],"about":[{"href":"http:\/\/www.tri-team-fuldatal.de\/index.php?rest_route=\/wp\/v2\/types\/post"}],"author":[{"embeddable":true,"href":"http:\/\/www.tri-team-fuldatal.de\/index.php?rest_route=\/wp\/v2\/users\/7"}],"replies":[{"embeddable":true,"href":"http:\/\/www.tri-team-fuldatal.de\/index.php?rest_route=%2Fwp%2Fv2%2Fcomments&post=3747"}],"version-history":[{"count":2,"href":"http:\/\/www.tri-team-fuldatal.de\/index.php?rest_route=\/wp\/v2\/posts\/3747\/revisions"}],"predecessor-version":[{"id":3750,"href":"http:\/\/www.tri-team-fuldatal.de\/index.php?rest_route=\/wp\/v2\/posts\/3747\/revisions\/3750"}],"wp:featuredmedia":[{"embeddable":true,"href":"http:\/\/www.tri-team-fuldatal.de\/index.php?rest_route=\/wp\/v2\/media\/3748"}],"wp:attachment":[{"href":"http:\/\/www.tri-team-fuldatal.de\/index.php?rest_route=%2Fwp%2Fv2%2Fmedia&parent=3747"}],"wp:term":[{"taxonomy":"category","embeddable":true,"href":"http:\/\/www.tri-team-fuldatal.de\/index.php?rest_route=%2Fwp%2Fv2%2Fcategories&post=3747"},{"taxonomy":"post_tag","embeddable":true,"href":"http:\/\/www.tri-team-fuldatal.de\/index.php?rest_route=%2Fwp%2Fv2%2Ftags&post=3747"}],"curies":[{"name":"wp","href":"https:\/\/api.w.org\/{rel}","templated":true}]}}