{"id":3734,"date":"2014-03-26T21:25:33","date_gmt":"2014-03-26T20:25:33","guid":{"rendered":"http:\/\/www.tri-team-fuldatal.de\/?p=3734"},"modified":"2014-03-26T22:48:08","modified_gmt":"2014-03-26T21:48:08","slug":"sonne-berge-und-ganz-viel-teamspirit","status":"publish","type":"post","link":"http:\/\/www.tri-team-fuldatal.de\/?p=3734","title":{"rendered":"Sonne, Berge und ganz viel Teamspirit"},"content":{"rendered":"<p style=\"text-align: justify;\">Noch ist es ein bisschen bis zum Saisonbeginn. Doch eine erste gro\u00dfe Fuldataler Trainingsgruppe begab sich bereits nach Alcudia auf Mallorca ins Trainingslager, um sich gezielt auf die kommenden sportlichen Herausforderungen vorzubereiten. Niklas Feulner, Manuel \u201eManolo\u201c Langlotz, Simon K\u00fcpper, Sarah Schiller und Tobias Kisling machten sich vom Flughafen D\u00fcsseldorf auf nach Palma, wo sie auf Lisa Croll, Agnes Stanislawski und den Berliner Martin Alering stie\u00dfen, die die Fuldataler Trainingsgruppe komplementierten. Vier Tage sp\u00e4ter reiste auch Tobias Korell in Alcudia an und schloss sich bei der K\u00f6nigsetappe des Teams, einer 175 Kilometertour entlang der K\u00fcste, seinen Teamkollegen an.<\/p>\n<p><a href=\"http:\/\/www.tri-team-fuldatal.de\/wp-content\/uploads\/2014\/03\/20140315_125606.jpg\"><img loading=\"lazy\" decoding=\"async\" class=\"wp-image-3736 aligncenter\" alt=\"20140315_125606\" src=\"http:\/\/www.tri-team-fuldatal.de\/wp-content\/uploads\/2014\/03\/20140315_125606-300x225.jpg\" width=\"352\" height=\"263\" srcset=\"http:\/\/www.tri-team-fuldatal.de\/wp-content\/uploads\/2014\/03\/20140315_125606-300x225.jpg 300w, http:\/\/www.tri-team-fuldatal.de\/wp-content\/uploads\/2014\/03\/20140315_125606-1024x768.jpg 1024w\" sizes=\"auto, (max-width: 352px) 100vw, 352px\" \/><\/a><\/p>\n<p style=\"text-align: justify;\">Im Hotel Estrella de Mar wurden die Rahmenbedingungen f\u00fcr ein erfolgreiches Trainingslager gelegt. Bei einem reichhaltigen Buffet, gro\u00dfen Appartement-Zimmern und einem komfortablen Spa-Bereich war die Zeit zwischen den Trainingseinheiten bestens ausgef\u00fcllt. Im Hotel waren bereits seit einer Woche die Triathleten des KSV Baunatal zu Gast und nicht nur beim Essen teilte man sich einen Tisch. Stattdessen war man sich schnell einig, gemeinsam zu trainieren, auch wenn dies bedeutete, direkt am ersten Tag rund 2.000 H\u00f6henmeter und einen der H\u00f6hepunkte des Trainingslagers, die Abfahrt nach Sa Calobra, mit einzubauen ins Programm. Vor allem von den Ortskenntnissen von Pr\u00e4si Thomas Schr\u00f6der und Routinier Walter Leistner profitierte die Gruppe ungemein, ein gro\u00dfes Dankesch\u00f6n an unsere ehrenamtlichen Guides! Doch auch mit dem Rest der Gruppe um Heiko Weber, Thomas Quast, Birgit Solhdju sowie den Giesenern und Ex-Baunatalern Felix und Matthias harmonierte die Fuldataler Reisegruppe prima, sodass es eigentlich ein gro\u00dfes gemeinsames nordhessisches Trainingslager war. Der nordhessische Teamspirit hielt auch \u00fcber das Training und das gemeinsame Essen hinaus an und spiegelte sich in gemeinsamen abendlichen Ausfl\u00fcgen wider.<\/p>\n<div style=\"width: 480px;\" class=\"wp-video\"><video class=\"wp-video-shortcode\" id=\"video-3734-1\" width=\"480\" height=\"320\" preload=\"metadata\" controls=\"controls\"><source type=\"video\/mp4\" src=\"http:\/\/www.tri-team-fuldatal.de\/wp-content\/uploads\/2014\/03\/VID-20140315-WA0002.mp4?_=1\" \/><a href=\"http:\/\/www.tri-team-fuldatal.de\/wp-content\/uploads\/2014\/03\/VID-20140315-WA0002.mp4\">http:\/\/www.tri-team-fuldatal.de\/wp-content\/uploads\/2014\/03\/VID-20140315-WA0002.mp4<\/a><\/video><\/div>\n<p style=\"text-align: justify;\">Zur\u00fcck zum eigentlichen \u201eZweck\u201c des Trainingslagers \u2013 dem Training. Der Triathlongott hatte sich entschieden, uns gutes Wetter zu gew\u00e4hren und so war es m\u00f6glich, jeden Tag in \u201ekurz kurz\u201c zu radeln. Bis auf kleinere gesundheitliche Strapazen waren also die Rahmenbedingungen f\u00fcr ein perfektes Trainingslager geschaffen. Und der Sekt, mit dem auf Heikos und wenig sp\u00e4ter auf Simons Geburtstag angesto\u00dfen werden konnte, machte auch einen Tick schneller ;). Am Ende der zehn Tage standen bei den Fuldatalern rund 900 Radkilometer auf dem Tacho.\u00a0 Heraus stie\u00df Sarah, die sich den Spitznamen \u201eRacing Sarah\u201c verdiente, indem sie den Ruhetag, den der Rest f\u00fcr ausgiebiges Shopping und Flanieren in Palma nutzte, in eine 140-Kilometer-Tour mit den Baunatalern umwandelte und am Ende eine vierstellige Zahl auf dem Tacho vorweisen konnte. Bei der Palma-Gruppe wurde dagegen die gute Laune und der Spa\u00df gepflegt, es sei nur an \u201eOh Schuhen\u201c erinnert&#8230;<\/p>\n<p><a href=\"http:\/\/www.tri-team-fuldatal.de\/wp-content\/uploads\/2014\/03\/IMG-20140320-WA0019.jpg\"><img loading=\"lazy\" decoding=\"async\" class=\"wp-image-3739 aligncenter\" alt=\"IMG-20140320-WA0019\" src=\"http:\/\/www.tri-team-fuldatal.de\/wp-content\/uploads\/2014\/03\/IMG-20140320-WA0019-300x168.jpg\" width=\"340\" height=\"190\" srcset=\"http:\/\/www.tri-team-fuldatal.de\/wp-content\/uploads\/2014\/03\/IMG-20140320-WA0019-300x168.jpg 300w, http:\/\/www.tri-team-fuldatal.de\/wp-content\/uploads\/2014\/03\/IMG-20140320-WA0019-195x110.jpg 195w, http:\/\/www.tri-team-fuldatal.de\/wp-content\/uploads\/2014\/03\/IMG-20140320-WA0019.jpg 800w\" sizes=\"auto, (max-width: 340px) 100vw, 340px\" \/><\/a><\/p>\n<p style=\"text-align: justify;\">Nach dieser Topvorbereitung kann nun die Saison kommen. Agi blickt erwartungsvoll in Richtung Roth, Lisa freut sich auf die Baden-W\u00fcrtembergliga, auf Sarahs Leistungen darf man nach den Leistungen im Trainingslager auch in der Liga mit Vorfreude gespannt sein, Niklas und Simon werden in der 3. Hessenliga ihre Radperformance pr\u00e4sentieren, Manollo und Tobi Korell freuen sich auf die Regionalliga, Tobi Kisling und die Baunataler fiebern der 2. Bundesliga entgegen und Martin wird Berlin unsicher machen. Ganz egal, welche Saisonziele, welcher Heimatort und welcher Verein: Bei diesem Trainingslager stand Teamspirit an oberster Stelle. Auf in eine gute und erfolgreiche Saison!<\/p>\n<p style=\"text-align: justify;\"><img loading=\"lazy\" decoding=\"async\" class=\"size-medium wp-image-3740 aligncenter\" alt=\"IMG-20140315-WA0033\" src=\"http:\/\/www.tri-team-fuldatal.de\/wp-content\/uploads\/2014\/03\/IMG-20140315-WA0033-225x300.jpg\" width=\"225\" height=\"300\" srcset=\"http:\/\/www.tri-team-fuldatal.de\/wp-content\/uploads\/2014\/03\/IMG-20140315-WA0033-225x300.jpg 225w, http:\/\/www.tri-team-fuldatal.de\/wp-content\/uploads\/2014\/03\/IMG-20140315-WA0033.jpg 612w\" sizes=\"auto, (max-width: 225px) 100vw, 225px\" \/><div style=\"width: 720px;\" class=\"wp-video\"><video class=\"wp-video-shortcode\" id=\"video-3734-2\" width=\"720\" height=\"480\" preload=\"metadata\" controls=\"controls\"><source type=\"video\/mp4\" src=\"http:\/\/www.tri-team-fuldatal.de\/wp-content\/uploads\/2014\/03\/VID-20140321-WA0001.mp4?_=2\" \/><a href=\"http:\/\/www.tri-team-fuldatal.de\/wp-content\/uploads\/2014\/03\/VID-20140321-WA0001.mp4\">http:\/\/www.tri-team-fuldatal.de\/wp-content\/uploads\/2014\/03\/VID-20140321-WA0001.mp4<\/a><\/video><\/div><\/p>\n","protected":false},"excerpt":{"rendered":"<p>Trainingslager auf Mallorca<\/p>\n","protected":false},"author":1,"featured_media":3735,"comment_status":"open","ping_status":"open","sticky":false,"template":"","format":"standard","meta":{"colormag_page_container_layout":"default_layout","colormag_page_sidebar_layout":"default_layout","footnotes":""},"categories":[1,121],"tags":[33,42,96,123],"class_list":["post-3734","post","type-post","status-publish","format-standard","has-post-thumbnail","hentry","category-allgemein","category-training-2012","tag-agnes-stanislawski","tag-manuel-langlotz","tag-niklas-feulner","tag-simon-kupper"],"_links":{"self":[{"href":"http:\/\/www.tri-team-fuldatal.de\/index.php?rest_route=\/wp\/v2\/posts\/3734","targetHints":{"allow":["GET"]}}],"collection":[{"href":"http:\/\/www.tri-team-fuldatal.de\/index.php?rest_route=\/wp\/v2\/posts"}],"about":[{"href":"http:\/\/www.tri-team-fuldatal.de\/index.php?rest_route=\/wp\/v2\/types\/post"}],"author":[{"embeddable":true,"href":"http:\/\/www.tri-team-fuldatal.de\/index.php?rest_route=\/wp\/v2\/users\/1"}],"replies":[{"embeddable":true,"href":"http:\/\/www.tri-team-fuldatal.de\/index.php?rest_route=%2Fwp%2Fv2%2Fcomments&post=3734"}],"version-history":[{"count":5,"href":"http:\/\/www.tri-team-fuldatal.de\/index.php?rest_route=\/wp\/v2\/posts\/3734\/revisions"}],"predecessor-version":[{"id":3746,"href":"http:\/\/www.tri-team-fuldatal.de\/index.php?rest_route=\/wp\/v2\/posts\/3734\/revisions\/3746"}],"wp:featuredmedia":[{"embeddable":true,"href":"http:\/\/www.tri-team-fuldatal.de\/index.php?rest_route=\/wp\/v2\/media\/3735"}],"wp:attachment":[{"href":"http:\/\/www.tri-team-fuldatal.de\/index.php?rest_route=%2Fwp%2Fv2%2Fmedia&parent=3734"}],"wp:term":[{"taxonomy":"category","embeddable":true,"href":"http:\/\/www.tri-team-fuldatal.de\/index.php?rest_route=%2Fwp%2Fv2%2Fcategories&post=3734"},{"taxonomy":"post_tag","embeddable":true,"href":"http:\/\/www.tri-team-fuldatal.de\/index.php?rest_route=%2Fwp%2Fv2%2Ftags&post=3734"}],"curies":[{"name":"wp","href":"https:\/\/api.w.org\/{rel}","templated":true}]}}