{"id":3717,"date":"2014-03-17T13:17:51","date_gmt":"2014-03-17T12:17:51","guid":{"rendered":"http:\/\/www.tri-team-fuldatal.de\/?p=3717"},"modified":"2014-03-17T14:27:15","modified_gmt":"2014-03-17T13:27:15","slug":"finale-der-winterlaufserie-in-ahnatal","status":"publish","type":"post","link":"http:\/\/www.tri-team-fuldatal.de\/?p=3717","title":{"rendered":"Finale der Winterlaufserie in Ahnatal"},"content":{"rendered":"<p style=\"text-align: justify;\">Ahnatal &#8211; Der Winter ist vorbei, das kann man nun wohl endg\u00fcltig so verbuchen. Und auch das Wetter f\u00fcr die Winterlaufserie lie\u00df daran keinen Zweifel. Nach sowieso schon durchgehend milden Bedingungen bei allen L\u00e4ufen dieser Winterlauf-Saison setzte das Wetter zum Finale noch einen oben drauf und begr\u00fc\u00dfte alle L\u00e4ufer bei absolut optimalen Bedingungen. Kaiserwetter war angesagt. Und auch wenn es morgens noch relativ k\u00fchl in den Tag ging, wurde auf den 10km schon der Bedarf noch Wasser laut. Von den Bedingungen her also ein mehr als gelungener Abschluss der Serie. Warum auch immer kamen dennoch weniger Starter, als man bei diesen Bedingungen erwartet h\u00e4tte. Zumindest die Triathleten werden an diesem Tag zum Teil schon auf dem Rad gesessen haben.<\/p>\n<figure id=\"attachment_3718\" aria-describedby=\"caption-attachment-3718\" style=\"width: 238px\" class=\"wp-caption aligncenter\"><a href=\"http:\/\/www.tri-team-fuldatal.de\/wp-content\/uploads\/2014\/03\/IMG_0146-B.jpg\"><img loading=\"lazy\" decoding=\"async\" class=\" wp-image-3718 \" alt=\"IMG_0146-B\" src=\"http:\/\/www.tri-team-fuldatal.de\/wp-content\/uploads\/2014\/03\/IMG_0146-B.jpg\" width=\"238\" height=\"358\" srcset=\"http:\/\/www.tri-team-fuldatal.de\/wp-content\/uploads\/2014\/03\/IMG_0146-B.jpg 683w, http:\/\/www.tri-team-fuldatal.de\/wp-content\/uploads\/2014\/03\/IMG_0146-B-200x300.jpg 200w\" sizes=\"auto, (max-width: 238px) 100vw, 238px\" \/><\/a><figcaption id=\"caption-attachment-3718\" class=\"wp-caption-text\">Thorsten Rietze beim Zielsprint auf den 5 km<\/figcaption><\/figure>\n<h3 style=\"text-align: center;\">5 Kilometer Einzel- und Gesamtwertung<\/h3>\n<p style=\"text-align: justify;\">Nur zwei Fuldataler Athleten gingen auf die kurze Runde. Daf\u00fcr waren es zum Abschluss zwei, die den ganzen Winter \u00fcber die Fahne des Vereins bei diesem Event hochgehalten haben. Thorsten Rietze und Rebekka Sechtling. In guten 21:03 min f\u00fcr Thorsten und ebenfalls guten 26:08 min f\u00fcr Rebekka beendeten beide eine gute und konstante Wintersaison.<\/p>\n<p style=\"text-align: justify;\">In der Gesamtwertung der f\u00fcnf Rennen umfassenden Serie konnten folgende Athleten einen Podiumsplatz erreichen: Dieter Koch Platz 2 AK M40, Thorsten Rietze Platz 3 AK M30, Rebekka Sechtlin gPlatz 2 AK W30.<\/p>\n<h3 style=\"text-align: center;\">10 Kilometer Einzel- und Gesamtwertung<\/h3>\n<p style=\"text-align: justify;\">Nur ein L\u00e4ufer ging an diesem Tag auf die 10 km. Daf\u00fcr allerdings mit gro\u00dfem Erfolg. Deutlich konnte sich Florian Beisheim in 37:59 gegen die Konkurenz durchsetzen.<\/p>\n<p style=\"text-align: justify;\">In der Gesamtwertung aller f\u00fcnf Rennen konnte kein Fuldataler ein Podiumsplatz erk\u00e4mpfen, aber dennoch schaffte es Nina Bachmann in einer stark besetzten AK W40 mit konstant guten Leistungen auf den 6. Platz.<\/p>\n<p>&nbsp;<\/p>\n<h3 style=\"text-align: center;\">Halbmarathon<\/h3>\n<p style=\"text-align: justify;\">Da sich ein gestandener Ironman wenn es auch anders geht nicht mit kurzen L\u00e4ufen abspeisen l\u00e4sst, ging Uwe Mantel auf der Halbmarathon-Strecke an den Start. In 1:36:50 min finishte Uwe in einer f\u00fcr diesen recht anspruchsvollen Kurs sehr achtbaren Zeit.<\/p>\n","protected":false},"excerpt":{"rendered":"<p>Ein gelungener Abschluss<\/p>\n","protected":false},"author":7,"featured_media":3720,"comment_status":"open","ping_status":"open","sticky":false,"template":"","format":"standard","meta":{"colormag_page_container_layout":"default_layout","colormag_page_sidebar_layout":"default_layout","footnotes":""},"categories":[170],"tags":[60,125,167],"class_list":["post-3717","post","type-post","status-publish","format-standard","has-post-thumbnail","hentry","category-lauf-2014","tag-dieter-koch","tag-rebekka-sechtling","tag-thorsten-rietze"],"_links":{"self":[{"href":"http:\/\/www.tri-team-fuldatal.de\/index.php?rest_route=\/wp\/v2\/posts\/3717","targetHints":{"allow":["GET"]}}],"collection":[{"href":"http:\/\/www.tri-team-fuldatal.de\/index.php?rest_route=\/wp\/v2\/posts"}],"about":[{"href":"http:\/\/www.tri-team-fuldatal.de\/index.php?rest_route=\/wp\/v2\/types\/post"}],"author":[{"embeddable":true,"href":"http:\/\/www.tri-team-fuldatal.de\/index.php?rest_route=\/wp\/v2\/users\/7"}],"replies":[{"embeddable":true,"href":"http:\/\/www.tri-team-fuldatal.de\/index.php?rest_route=%2Fwp%2Fv2%2Fcomments&post=3717"}],"version-history":[{"count":5,"href":"http:\/\/www.tri-team-fuldatal.de\/index.php?rest_route=\/wp\/v2\/posts\/3717\/revisions"}],"predecessor-version":[{"id":3731,"href":"http:\/\/www.tri-team-fuldatal.de\/index.php?rest_route=\/wp\/v2\/posts\/3717\/revisions\/3731"}],"wp:featuredmedia":[{"embeddable":true,"href":"http:\/\/www.tri-team-fuldatal.de\/index.php?rest_route=\/wp\/v2\/media\/3720"}],"wp:attachment":[{"href":"http:\/\/www.tri-team-fuldatal.de\/index.php?rest_route=%2Fwp%2Fv2%2Fmedia&parent=3717"}],"wp:term":[{"taxonomy":"category","embeddable":true,"href":"http:\/\/www.tri-team-fuldatal.de\/index.php?rest_route=%2Fwp%2Fv2%2Fcategories&post=3717"},{"taxonomy":"post_tag","embeddable":true,"href":"http:\/\/www.tri-team-fuldatal.de\/index.php?rest_route=%2Fwp%2Fv2%2Ftags&post=3717"}],"curies":[{"name":"wp","href":"https:\/\/api.w.org\/{rel}","templated":true}]}}