{"id":3660,"date":"2014-02-10T20:30:25","date_gmt":"2014-02-10T19:30:25","guid":{"rendered":"http:\/\/www.tri-team-fuldatal.de\/?p=3660"},"modified":"2014-03-02T18:05:43","modified_gmt":"2014-03-02T17:05:43","slug":"der-neue-vorstand-des-tri-team-fuldatal","status":"publish","type":"post","link":"http:\/\/www.tri-team-fuldatal.de\/?p=3660","title":{"rendered":"Der neue Vorstand des Tri-Team Fuldatal"},"content":{"rendered":"<figure id=\"attachment_3663\" aria-describedby=\"caption-attachment-3663\" style=\"width: 435px\" class=\"wp-caption aligncenter\"><a href=\"http:\/\/www.tri-team-fuldatal.de\/wp-content\/uploads\/2014\/02\/IMG_7714.jpg\"><img loading=\"lazy\" decoding=\"async\" class=\"wp-image-3663 \" alt=\"IMG_7714\" src=\"http:\/\/www.tri-team-fuldatal.de\/wp-content\/uploads\/2014\/02\/IMG_7714.jpg\" width=\"435\" height=\"290\" srcset=\"http:\/\/www.tri-team-fuldatal.de\/wp-content\/uploads\/2014\/02\/IMG_7714.jpg 4272w, http:\/\/www.tri-team-fuldatal.de\/wp-content\/uploads\/2014\/02\/IMG_7714-300x200.jpg 300w, http:\/\/www.tri-team-fuldatal.de\/wp-content\/uploads\/2014\/02\/IMG_7714-1024x682.jpg 1024w\" sizes=\"auto, (max-width: 435px) 100vw, 435px\" \/><\/a><figcaption id=\"caption-attachment-3663\" class=\"wp-caption-text\">v.l.n.r. Simon K\u00fcpper, Patrick Bujok, Niklas Feulner, Oliver Lieblein, Marco Rudel, Takis Keldenich. Es fehlen: Bernd Walter und Yvonne Dippel.<\/figcaption><\/figure>\n<p style=\"text-align: justify;\">Fuldatal &#8211; Mit einem neuen Vorstand geht das Tri-Team Fuldatal in das neue Jahr. Auf der Jahreshauptversammlung der Triathlonsparte des TSV Ihringshausen wurde Oliver Lieblein einstimmig als Abteilungsleiter wiedergew\u00e4hlt. Als neuer Stellvertreter wurde Niklas Feulner gew\u00e4hlt. Das Amt der Kassiererin \u00fcbernimmt die bisherige Pressewartin Yvonne Dippel. Ihr zur Seite als 2. Kassierer stehen Patrick Bujok und Bernd Walter, die beide schon das Amt des Kassierers innehatten und Dippel mit Rat und Tat zur Seite stehen werden. Neuer Pressewart ist Takis Keldenich. Nach langer verdienter Vorstandsarbeit gab Dieter Koch das Amt des Schriftf\u00fchrers an Simon K\u00fcpper ab. Marco Rudel wurde als sportlicher Leiter wiedergew\u00e4hlt. Alle Wahlergebnisse fielen einstimmig aus.<\/p>\n<p style=\"text-align: justify;\">Oliver Lieblein lobte in seinem Bericht die gute Arbeit des Teams. Dank einer stabilen Kassenlage konnten allen aktiven Mitgliedern die Startp\u00e4sse bezahlt werden. Ein gro\u00dfer Erfolg in diesem Jahr war der 10. Fuldataler Triathlon. An diesen Erfolg gilt es auch f\u00fcr das Jahr 2014 anzukn\u00fcpfen, um in Hessen eine feste gr\u00f6\u00dfe in Sachen Wettkampfqualit\u00e4t zu bleiben. Einen Mitgliederzuwachs hatte das Team dieses Jahr nicht zu verzeichnen, aber dennoch kann auf viele langj\u00e4hrig treue Mitglieder geschaut werden, die dem Verein zu einer stabilen Gr\u00f6\u00dfe verhelfen.<\/p>\n<p style=\"text-align: justify;\">Marco Rudel hob in seinem Bericht die sportlichen Erfolge hervor. Weltweit habe sich das Tri-Team Fuldatal auf Mitteldistanzrennen pr\u00e4sentiert. Einen herausragenden Erfolg erzielte dabei Nina Bachmann, die sich zum zweiten Mal in Folge f\u00fcr die Weltmeisterschaft qualifizierte und sich in Las Vegas mit den besten Athleten messen durfte. Auch Profitriathlet Sebastian Bleisteiner habe auf sich aufmerksam gemacht und bei internationalen und hochkar\u00e4tig besetzten Rennen vorne mitgemischt. Viele Athleten stellten sich zudem den Langdistanzen, bestehend aus 3,8 Kilometern Schwimmen, 180 Kilometern Radfahren und 42,195 Kilometern Laufen in Roth, Frankfurt und K\u00f6ln. Auch in der Liga sei der Verein sehr erfolgreich gewesen. Im ersten Regionalliga-Jahr belegten die M\u00e4nner auf Anhieb den vierten Rang, ebenso wie die Damenmannschaft. Die zweite Herrenmannschaft schaffte den Aufstieg in die 3. Hessenliga.<\/p>\n","protected":false},"excerpt":{"rendered":"<p>JHV und ein neuer Vorstand<\/p>\n","protected":false},"author":7,"featured_media":3663,"comment_status":"open","ping_status":"open","sticky":false,"template":"","format":"standard","meta":{"colormag_page_container_layout":"default_layout","colormag_page_sidebar_layout":"default_layout","footnotes":""},"categories":[122],"tags":[70,60,96,8,123,109,29],"class_list":["post-3660","post","type-post","status-publish","format-standard","has-post-thumbnail","hentry","category-ankundigung","tag-bernd-walter","tag-dieter-koch","tag-niklas-feulner","tag-oliver-lieblein","tag-simon-kupper","tag-takis-keldenich","tag-yvonne-dippel"],"_links":{"self":[{"href":"http:\/\/www.tri-team-fuldatal.de\/index.php?rest_route=\/wp\/v2\/posts\/3660","targetHints":{"allow":["GET"]}}],"collection":[{"href":"http:\/\/www.tri-team-fuldatal.de\/index.php?rest_route=\/wp\/v2\/posts"}],"about":[{"href":"http:\/\/www.tri-team-fuldatal.de\/index.php?rest_route=\/wp\/v2\/types\/post"}],"author":[{"embeddable":true,"href":"http:\/\/www.tri-team-fuldatal.de\/index.php?rest_route=\/wp\/v2\/users\/7"}],"replies":[{"embeddable":true,"href":"http:\/\/www.tri-team-fuldatal.de\/index.php?rest_route=%2Fwp%2Fv2%2Fcomments&post=3660"}],"version-history":[{"count":6,"href":"http:\/\/www.tri-team-fuldatal.de\/index.php?rest_route=\/wp\/v2\/posts\/3660\/revisions"}],"predecessor-version":[{"id":3704,"href":"http:\/\/www.tri-team-fuldatal.de\/index.php?rest_route=\/wp\/v2\/posts\/3660\/revisions\/3704"}],"wp:featuredmedia":[{"embeddable":true,"href":"http:\/\/www.tri-team-fuldatal.de\/index.php?rest_route=\/wp\/v2\/media\/3663"}],"wp:attachment":[{"href":"http:\/\/www.tri-team-fuldatal.de\/index.php?rest_route=%2Fwp%2Fv2%2Fmedia&parent=3660"}],"wp:term":[{"taxonomy":"category","embeddable":true,"href":"http:\/\/www.tri-team-fuldatal.de\/index.php?rest_route=%2Fwp%2Fv2%2Fcategories&post=3660"},{"taxonomy":"post_tag","embeddable":true,"href":"http:\/\/www.tri-team-fuldatal.de\/index.php?rest_route=%2Fwp%2Fv2%2Ftags&post=3660"}],"curies":[{"name":"wp","href":"https:\/\/api.w.org\/{rel}","templated":true}]}}