{"id":3385,"date":"2013-08-16T18:17:02","date_gmt":"2013-08-16T17:17:02","guid":{"rendered":"http:\/\/www.tri-team-fuldatal.de\/?p=3385"},"modified":"2013-08-16T22:39:32","modified_gmt":"2013-08-16T21:39:32","slug":"mtb-dreikampf-des-rsc-wahmbeck","status":"publish","type":"post","link":"http:\/\/www.tri-team-fuldatal.de\/?p=3385","title":{"rendered":"MTB Dreikampf des RSC Wahmbeck"},"content":{"rendered":"<p><!--[if gte mso 9]><xml>\n<w:WordDocument>\n<w:View>Normal<\/w:View>\n<w:Zoom>0<\/w:Zoom>\n<w:HyphenationZone>21<\/w:HyphenationZone>\n<w:DoNotOptimizeForBrowser\/>\n<\/w:WordDocument>\n<\/xml><![endif]--><\/p>\n<p class=\"MsoNormal\" style=\"text-align: center;\"><a href=\"http:\/\/www.tri-team-fuldatal.de\/wp-content\/uploads\/2013\/08\/Startrampe2.jpg\"><img loading=\"lazy\" decoding=\"async\" class=\"size-full wp-image-3387 aligncenter\" alt=\"Startrampe2\" src=\"http:\/\/www.tri-team-fuldatal.de\/wp-content\/uploads\/2013\/08\/Startrampe2.jpg\" width=\"549\" height=\"251\" srcset=\"http:\/\/www.tri-team-fuldatal.de\/wp-content\/uploads\/2013\/08\/Startrampe2.jpg 549w, http:\/\/www.tri-team-fuldatal.de\/wp-content\/uploads\/2013\/08\/Startrampe2-300x137.jpg 300w\" sizes=\"auto, (max-width: 549px) 100vw, 549px\" \/><\/a><\/p>\n<p class=\"MsoNormal\" style=\"text-align: justify;\">\n<p class=\"MsoNormal\" style=\"text-align: justify;\">Wahmbeck &#8211; \u201eDreikampf\u201c das klingt doch schon mal gut, dachte ich mir, als ich den Flyer in der Hand hielt. Zuerst dachte ich an einen MTB-Wettkampf mit ein bisschen Schwimmen vorher und Laufen danach. Aber beim betrachten der Webseite stellt sich heraus, dass anstelle vom Schwimmen geschossen werden musste. Genauer gesagt Schiessen mit dem Luftgewehr auf 10m Distanz mit echten 5 Klappscheiben, wie beim Biathlon im Winter.<\/p>\n<p class=\"MsoNormal\" style=\"text-align: justify;\">Wo zum Henker liegt Wahmbeck? Hoffentlich ist das nicht irgendwo am anderen Ende der Welt. Die kurze Internetbefragung ergab, dass der Ort ganz in der N\u00e4he zu Gieselwerder liegt. Damit war die Anmeldung beschlossene Sache.<\/p>\n<p class=\"MsoNormal\" style=\"text-align: justify;\">20KM MTB fahren werde ich schon hinbekommen. Die werden die Strecke schon nicht so schwierig machen, dass da Ottonormal-Radfahrer nicht auch mitmachen kann. Ich musste nur mein MTB erstmal checken, ob es einsatzbereit war. Gut, mangels Zeit fand das dann einen Tag vorher statt und bestand aus einer kleinen 18KM Tour, mit anschlie\u00dfenden Putzen, Fetten und Hoffen, dass alles gut geht.<\/p>\n<p class=\"MsoNormal\" style=\"text-align: justify;\">In Wahmbeck angekommen ging erst mal ein kurzer aber heftiger Gewitterregen runter. Wird schon wieder, dachte ich mir, weil f\u00fcr den Tag beim Onlinewetterbericht eigentlich nichts Gro\u00dfes an Regen und Gewitter angek\u00fcndigt war. 30min vor Rennstart kam die Sonne wieder heraus und alles war gut.<\/p>\n<p class=\"MsoNormal\" style=\"text-align: justify;\">Ich nahm das MTB und fuhr die Radstrecke auf den ersten 5KM ab. Ein flacher, asphaltierter Radweg. Soll reichen zum Warmfahren.<\/p>\n<p class=\"MsoNormal\" style=\"text-align: justify;\">Gestartet wurde in Minutenabst\u00e4nden von einem Anh\u00e4nger mit Rampe runter; nicht einfach so auf der Strasse. Da hatten sich die Organisatoren wirklich was Interessantes einfallen lassen. Sofort gab ich Druck auf die Pedalen, denn ich wusste die ersten 5KM sind \u00e4hnlich einem Zeitfahren. Tats\u00e4chlich holte ich hier bereits einen vor mir gestarteten Athleten ein.<\/p>\n<p class=\"MsoNormal\" style=\"text-align: justify;\">Nach 5,5KM bog man pl\u00f6tzlich von dem Weg ab und es ging in den Wald bergauf. Dar\u00fcber hatte man mich vorher auch noch informiert. Solange es bergauf ging war die Welt noch f\u00fcr mich in Ordnung. Ich sammelte noch einige vor mir gestartete Athleten ein und es lief gut, bis man vom Waldweg abbiegen musste und auf einen ganz schmalen Pfad steil bergab \u00fcber Wurzeln, Matsch und durch Geb\u00fcsch fahren musste. Und wenn ich sage steil bergab, dann meine ich eine Steilheit, an der ich, wenn ich \u00f6fter MTB fahren w\u00fcrde, bestimmt zwei- oder dreimal \u00fcberlegen w\u00fcrde, da runter zu fahren. Es half alles nichts, da ging es nun mal runter. Diese Passage sch\u00fcttelte mich und das Rad ordentlich durch und ich hoffte am Ende noch alle Zahnf\u00fcllungen im Mund zu haben. Wieder zur\u00fcck auf einem gut zu befahrenden, leicht bergab f\u00fchrenden Waldweg kam jetzt eine 3KM lange, schnelle Sektion, an deren Ende ein kurzer aber heftiger Anstieg zum Sch\u00fctzenhaus folgte.<\/p>\n<p class=\"MsoNormal\" style=\"text-align: justify;\">Beim Schiessen dachte ich mir, hier l\u00e4sst du dir Zeit, konzentrierst dich und bleibst fehlerfrei. F\u00fcr jeden Fehlschuss wurde am Ende 30 Sekunden auf die Endzeit drauf gerechnet. Oft genug hatte ich im Winter bei den Fernseh\u00fcbertragungen beim Biathlon zugeschaut. Zumindest theoretisch wusste ich, worauf es ankommt. Als weiteres Schmankerl f\u00fcr die Zuschauer bei der Wechselzone hatten die Organisatoren eine Live-\u00dcbertragung aus dem Schiessstand auf die Beine gestellt. So konnten die Zuschauer des Wahmbecker Mittagsmagazins sehen, dass ich fehlerfrei beim Schiessen blieb. Was sie nicht sahen bzw. h\u00f6rten waren meine Fl\u00fcche, die ich auf den letzten 1,5KM der MTB Strecke vom Schiessstand zur Wechselzone ausstie\u00df. Dieser Abschnitt war noch mal so richtig herausfordernd und holperig. Sturz- und Unfallfrei erreichte ich die Wechselzone und konnte durch einen schnellen Wechsel einen weiteren Teilnehmer hinter mir lassen. Zweimal musste auf einem flachen Radweg zu einem Wendepunkt und zur\u00fcck zur Wechselzone gelaufen werden; insgesamt 4KM.<\/p>\n<p class=\"MsoNormal\" style=\"text-align: justify;\">Irgendwie musste ich relativ gut gefahren sein und auch einigerma\u00dfen schnell geschossen haben, denn von den 15 vor mir gestarteten Athleten kamen mir vom ersten Wendepunkt nur drei entgegen. Allerdings wusste keiner, wie er momentan im Rennen liegt und so musste von Anfang bis Ende hohes Tempo gelaufen werden. Waren die Temperaturen im Wald beim Fahren super gut gewesen, so knallte jetzt die Sonne runter und es war ziemlich schw\u00fcl. Trotzdem lief es bei mir gut, kam ein wenig n\u00e4her, aber konnte keinen mehr \u00fcberholen. Im Ziel blieb die Uhr f\u00fcr mich bei 1:04:10h stehen und ich war erst mal gl\u00fccklich und zufrieden.<\/p>\n<p class=\"MsoNormal\" style=\"text-align: justify;\">Die Wartezeit bis zur Siegerehrung wurde durch den Veranstalter durch eine Tombola mit 100%iger Gewinnwahrscheinlichkeit verk\u00fcrzt. Dies kam mir auch sehr entgegen, weil ich sonst bei solchen Sachen normalerweise immer leer ausgehe. Ich muss schon sagen, die Organisatoren haben sich wirklich was einfallen lassen und sich eine unglaubliche M\u00fche gemacht.<\/p>\n<p class=\"MsoNormal\" style=\"text-align: justify;\">Bei der Siegerehrung der Herren wurde ich dann aufgerufen. Freudestrahlend \u00fcber eine Platzierung auf dem Treppchen h\u00fcfte ich auf den dritten Platz, nahm der Pokal entgegen und machte mir keine weiteren Gedanken. Es kam zu einer kurzen Diskussion bei dem Veranstalter und dann sagten sie mir, ich m\u00fcsse ganz oben auf das Podest.<\/p>\n<p class=\"MsoNormal\" style=\"text-align: justify;\">JIPPIE \u2013 ich bin Gesamtsieger der Veranstaltung!!! Ganze 10 Sekunden vor dem Zweitplazierten, der 5 Fehlsch\u00fcsse hatte, und weiteren zwei Sekunden vor dem Dritten.<\/p>\n<p><span style=\"font-size: 12.0pt; font-family: 'Times New Roman'; mso-fareast-font-family: 'Times New Roman'; mso-ansi-language: DE; mso-fareast-language: DE; mso-bidi-language: AR-SA;\">Wahnsinn. Alles in allem eine tolle Veranstaltung mit \u00fcberraschenden Ausgang.<\/span><\/p>\n<p><strong>[nggallery id=48]<\/strong><\/p>\n","protected":false},"excerpt":{"rendered":"<p>\u00dcberraschungssieg auf dem MTB<\/p>\n","protected":false},"author":7,"featured_media":3387,"comment_status":"open","ping_status":"open","sticky":false,"template":"","format":"standard","meta":{"colormag_page_container_layout":"default_layout","colormag_page_sidebar_layout":"default_layout","footnotes":""},"categories":[151],"tags":[60],"class_list":["post-3385","post","type-post","status-publish","format-standard","has-post-thumbnail","hentry","category-tria2013","tag-dieter-koch"],"_links":{"self":[{"href":"http:\/\/www.tri-team-fuldatal.de\/index.php?rest_route=\/wp\/v2\/posts\/3385","targetHints":{"allow":["GET"]}}],"collection":[{"href":"http:\/\/www.tri-team-fuldatal.de\/index.php?rest_route=\/wp\/v2\/posts"}],"about":[{"href":"http:\/\/www.tri-team-fuldatal.de\/index.php?rest_route=\/wp\/v2\/types\/post"}],"author":[{"embeddable":true,"href":"http:\/\/www.tri-team-fuldatal.de\/index.php?rest_route=\/wp\/v2\/users\/7"}],"replies":[{"embeddable":true,"href":"http:\/\/www.tri-team-fuldatal.de\/index.php?rest_route=%2Fwp%2Fv2%2Fcomments&post=3385"}],"version-history":[{"count":11,"href":"http:\/\/www.tri-team-fuldatal.de\/index.php?rest_route=\/wp\/v2\/posts\/3385\/revisions"}],"predecessor-version":[{"id":3393,"href":"http:\/\/www.tri-team-fuldatal.de\/index.php?rest_route=\/wp\/v2\/posts\/3385\/revisions\/3393"}],"wp:featuredmedia":[{"embeddable":true,"href":"http:\/\/www.tri-team-fuldatal.de\/index.php?rest_route=\/wp\/v2\/media\/3387"}],"wp:attachment":[{"href":"http:\/\/www.tri-team-fuldatal.de\/index.php?rest_route=%2Fwp%2Fv2%2Fmedia&parent=3385"}],"wp:term":[{"taxonomy":"category","embeddable":true,"href":"http:\/\/www.tri-team-fuldatal.de\/index.php?rest_route=%2Fwp%2Fv2%2Fcategories&post=3385"},{"taxonomy":"post_tag","embeddable":true,"href":"http:\/\/www.tri-team-fuldatal.de\/index.php?rest_route=%2Fwp%2Fv2%2Ftags&post=3385"}],"curies":[{"name":"wp","href":"https:\/\/api.w.org\/{rel}","templated":true}]}}