{"id":3355,"date":"2013-08-15T08:07:51","date_gmt":"2013-08-15T07:07:51","guid":{"rendered":"http:\/\/www.tri-team-fuldatal.de\/?p=3355"},"modified":"2013-08-16T12:44:58","modified_gmt":"2013-08-16T11:44:58","slug":"saisonfinale-in-der-4-und-5-hessenliga","status":"publish","type":"post","link":"http:\/\/www.tri-team-fuldatal.de\/?p=3355","title":{"rendered":"Saisonfinale in der 4. und 5. Hessenliga"},"content":{"rendered":"<p style=\"text-align: justify;\">Die 2. und 3. Mannschaft fiebert dem Saisonfinale entgegen. Noch zweimal gehen beide Teams an den Start. Am 25. August wird am Twistesee um Ligapunkte gek\u00e4mpft, ehe am 8. September in Baunatal das Saisonfinale vor der T\u00fcr steht. Unsere zweite Mannschaft befindet sich derzeit als Tabellenzweiter mit 23 Punkten auf Aufstiegskurs. Allerdings ist f\u00fcr Spannung gesorgt. Die TG Hanau (22 Punkte) und die die SSG Bensheim (21 Punkte) liegen in Lauerstellung. Unsere Jungs der Dritten liegen auf Platz 11 und w\u00fcrden gerne noch in den einstelligen Tabellenbereich. Daher w\u00fcrden sich unsere beiden Mannschaften freuen, wenn ihr sie lautstark an der Strecke unterst\u00fctzen w\u00fcrdet!<\/p>\n<p>http:\/\/www.youtube.com\/watch?v=y3_-qHPcdks<\/p>\n","protected":false},"excerpt":{"rendered":"<p>Die 2. und 3. Mannschaft fiebert dem Saisonfinale entgegen. Noch zweimal gehen beide Teams an den Start. Am 25. August<\/p>\n","protected":false},"author":1,"featured_media":3377,"comment_status":"open","ping_status":"open","sticky":false,"template":"","format":"standard","meta":{"colormag_page_container_layout":"default_layout","colormag_page_sidebar_layout":"default_layout","footnotes":""},"categories":[1,122],"tags":[60,32,50,34,69,52,96,38,71,4,9,109,138,25],"class_list":["post-3355","post","type-post","status-publish","format-standard","has-post-thumbnail","hentry","category-allgemein","category-ankundigung","tag-dieter-koch","tag-dirk-wiegand","tag-gerrit-krug","tag-hubert-krantz","tag-jens-paul","tag-nico-steffen","tag-niklas-feulner","tag-norman-seeliger","tag-patrick-bujok","tag-stefen-weis","tag-sven-deussing","tag-takis-keldenich","tag-uwe-mantel","tag-uwe-wittig"],"_links":{"self":[{"href":"http:\/\/www.tri-team-fuldatal.de\/index.php?rest_route=\/wp\/v2\/posts\/3355","targetHints":{"allow":["GET"]}}],"collection":[{"href":"http:\/\/www.tri-team-fuldatal.de\/index.php?rest_route=\/wp\/v2\/posts"}],"about":[{"href":"http:\/\/www.tri-team-fuldatal.de\/index.php?rest_route=\/wp\/v2\/types\/post"}],"author":[{"embeddable":true,"href":"http:\/\/www.tri-team-fuldatal.de\/index.php?rest_route=\/wp\/v2\/users\/1"}],"replies":[{"embeddable":true,"href":"http:\/\/www.tri-team-fuldatal.de\/index.php?rest_route=%2Fwp%2Fv2%2Fcomments&post=3355"}],"version-history":[{"count":11,"href":"http:\/\/www.tri-team-fuldatal.de\/index.php?rest_route=\/wp\/v2\/posts\/3355\/revisions"}],"predecessor-version":[{"id":3384,"href":"http:\/\/www.tri-team-fuldatal.de\/index.php?rest_route=\/wp\/v2\/posts\/3355\/revisions\/3384"}],"wp:featuredmedia":[{"embeddable":true,"href":"http:\/\/www.tri-team-fuldatal.de\/index.php?rest_route=\/wp\/v2\/media\/3377"}],"wp:attachment":[{"href":"http:\/\/www.tri-team-fuldatal.de\/index.php?rest_route=%2Fwp%2Fv2%2Fmedia&parent=3355"}],"wp:term":[{"taxonomy":"category","embeddable":true,"href":"http:\/\/www.tri-team-fuldatal.de\/index.php?rest_route=%2Fwp%2Fv2%2Fcategories&post=3355"},{"taxonomy":"post_tag","embeddable":true,"href":"http:\/\/www.tri-team-fuldatal.de\/index.php?rest_route=%2Fwp%2Fv2%2Ftags&post=3355"}],"curies":[{"name":"wp","href":"https:\/\/api.w.org\/{rel}","templated":true}]}}